{"id":10012,"date":"2023-09-10T13:37:38","date_gmt":"2023-09-10T13:37:38","guid":{"rendered":"https:\/\/fmamiga909.com.ar\/?p=10012"},"modified":"2023-09-10T13:37:38","modified_gmt":"2023-09-10T13:37:38","slug":"el-palista-agustin-vernice-se-clasifico-para-los-juegos-olimpicos-2024","status":"publish","type":"post","link":"https:\/\/fmamiga909.com.ar\/?p=10012","title":{"rendered":"El palista Agust\u00edn Vernice se clasific\u00f3 para los Juegos Ol\u00edmpicos 2024"},"content":{"rendered":"<div>\n<figure class=\"mb-3\"><img decoding=\"async\" src=\"https:\/\/www.telam.com.ar\/thumbs\/bluesteel\/advf\/imagenes\/2022\/08\/62ec251785ed2_1200.jpg\" class=\" lazy \" width=\"100%\" height=\"100%\" alt=\"Foto Instagram agustin_vernice\"\/><figcaption> Foto Instagram @agustin_vernice <\/figcaption><\/figure>\n<p> El palista bonaerense Agust\u00edn Vernice, octavo en los JJOO de Tokio y m\u00e1xima figura del seleccionado argentino de velocidad senior, <strong>se clasific\u00f3 a los Juegos Ol\u00edmpicos de Par\u00eds en la prueba K1 1000 metros<\/strong>, confirm\u00f3 este viernes la Federaci\u00f3n Internacional de Canotaje luego de una reasignaci\u00f3n de plazas seg\u00fan los pa\u00edses que ya las lograron en otras pruebas.<\/p>\n<p>\u00abEs un placer para nosotros confirmar las plazas de cupos para atletas y embarcaciones calificadas por el Nacional Comit\u00e9 Ol\u00edmpico de Argentina para la disciplina Canotaje Sprint en los Juegos Ol\u00edmpicos de Par\u00eds 2024. Estas asignaciones se han determinado sobre la base de los resultados del ICF de 2023 Campeonato del Mundo de Pirag\u00fcismo Sprint\u00bb, expres\u00f3 el documento de la (FIC).<\/p>\n<p>El s\u00e1bado 26 de agosto, el palista bonaerense, de 28 a\u00f1os y representante del club Estudiantes de Olavarr\u00eda, <strong>termin\u00f3 noveno con un tiempo de 3m37s811\/100 en la final A <\/strong>(del primero al noveno puesto), que gan\u00f3 el portugu\u00e9s Fernando Pimenta -campe\u00f3n mundial 2021 y bronce en los Juegos Ol\u00edmpicos de Tokio 2021- con un registro de 3m27s\/712\/100, y no obtuvo una de las seis plazas que brind\u00f3 la final A (del primero al noveno puesto) en la prueba K1 1000 metros del Mundial de Duisburgo, Alemania.<\/p>\n<blockquote class=\"\"><p>\u00abEstoy muy contento. Estaba esperando la confirmaci\u00f3n de la plaza. Ahora que lleg\u00f3 estoy m\u00e1s relajado y muy contento\u00bb<cite class=\"author\">Agust\u00edn Vernice<\/cite><\/p><\/blockquote>\n<p> El argentino, <strong>\u00fanico representante continental en la regata definitoria<\/strong>, compiti\u00f3, adem\u00e1s de con Pimenta, con el espa\u00f1ol Francisco Cubelos, el belga Artuur Peters, el alem\u00e1n Jakob Thordsen, el h\u00fangaro Adam Varga, el australiano Thomas Green (s\u00e9ptimo en Jap\u00f3n 2021), el sueco Martin Nathell y el checo Josef Dostal (quinto en los Juegos Ol\u00edmpicos 2021 y subcampe\u00f3n mundial 2019).<\/p>\n<p>Vernice, oriundo de Olavarr\u00eda, disput\u00f3 su cuarta final A en K1 1000 metros en Mundiales senior luego de las de Halifax, Canad\u00e1 (2002); en la que termin\u00f3 s\u00e9ptimo; .Szeged, Hungr\u00eda, 2019 (noveno) y Racice, Rep\u00fablica Checa 2017 (s\u00e9ptimo).<\/p>\n<p>\u00abEstoy muy contento. Estaba esperando la confirmaci\u00f3n de la plaza. Ahora que lleg\u00f3 estoy m\u00e1s relajado y muy contento, por supuesto. No es poca cosa clasificarme a mi segundo juego ol\u00edmpico porque siempre so\u00f1\u00e9 con estar en uno\u00bb, expres\u00f3 Vernice en di\u00e1logo con T\u00e9lam.<\/p>\n<p><strong>El palista argentino logr\u00f3 en Tokio el diploma ol\u00edmpico al culminar octavo en la final A de K1 1000 metros<\/strong>, con un registro de 3m. 28s. 503\/1000, en el Canal Sea Forest de la capital japonesa, mientras que Kopasz gan\u00f3 la medalla de oro con nuevo r\u00e9cord ol\u00edmpico: 3m. 20s. 643\/1000.<\/p>\n<p>\u00a0<\/p>\n<figure class=\"mb-3\"><img decoding=\"async\" src=\"https:\/\/www.telam.com.ar\/thumbs\/bluesteel\/advf\/imagenes\/2023\/08\/64e4d4aaba86c_1200.jpg\" class=\" lazy \" width=\"100%\" height=\"100%\" alt=\"Foto archivo\"\/><figcaption> Foto archivo. <\/figcaption><\/figure>\n<p>\u00abEs un orgullo competir en un segundo juego ol\u00edmpico. Miro hacia atr\u00e1s y veo con mucho orgullo y felicidad lo que hice. Cumpl\u00ed con uno de los objetivos. Ahora hay que trabajar duro y competir. Ahora hay que mirar hacia adelante para no solamente participar sino competir de la mejor manera\u00bb, puntualiz\u00f3.<\/p>\n<p>A su vez, el director t\u00e9cnico del seleccionado argentino de canotaje de velocidad, <strong>Diego C\u00e1nepa, en di\u00e1logo con T\u00e9lam, manifest\u00f3: \u00abEn principio el objetivo es acceder de vuelta a la final<\/strong> ya que el hecho anecd\u00f3tico de que lleve estas finales del mundo no hace que sea f\u00e1cil . Es algo muy dif\u00edcil y el plan es intentar seguir en esa l\u00ednea\u00bb.<\/p>\n<p>\u00abEste a\u00f1o estoy muy contento con el rendimiento porque fue el mejor de todos en varios aspectos logrando valores nunca antes alcanzados.<strong> Lo que espero es que siga esa evoluci\u00f3n que te va a dar la.posibilidad de competir de igual a igual\u00bb, enfatiz\u00f3 C\u00e1nepa<\/strong>, de 45 a\u00f1os y a cargo desde 2011 en su segunda etapa frente al equipo (rol que ya hab\u00eda cumplido desde 2000 a 2006).<\/p>\n<p><strong>En mayo pasado, Vernice obtuvo el sexto puesto en la Copa del Mundo de Poznan<\/strong>, Polonia, en K1 1000 metros con un tiempo de 3m47s04\/100, y, adem\u00e1s. logr\u00f3 el cuarto puesto en K1 500 metros con un tiempo de 1m42s78\/100 y se ubic\u00f3 despu\u00e9s del dinamarqu\u00e9s Rene Holten Poulsen (1m42s\/75; el portugu\u00e9s Pimenta (1m41\/87) y el checo Dostal, que venci\u00f3 con 1m41s55\/100.<\/p>\n<p>Vernice, ganador de dos medallas de oro en los \u00faltimos Juegos Panamericanos de Lima, Per\u00fa, 2019: en K1 1000 y en K2 1000, junto a Manuel Lascano, <strong>fue el primer argentino en la historia en consagrarse campe\u00f3n mundial Sub 23 <\/strong>en Pitesti (Rumania) en K1 1000 (2017).<\/p>\n<blockquote class=\"\"><p>\u00abAhora hay que mirar hacia adelante para no solamente participar sino competir de la mejor manera\u00bb<cite class=\"author\">Agust\u00edn Vernice<\/cite><\/p><\/blockquote>\n<p> \u00abLa preparaci\u00f3n para los Juegos Panamericanos de Chile no cambia. Es independiente de los Juegos Ol\u00edmpicos. Es uno de los eventos m\u00e1s importantes que tenemos en el calendario. El foco lo tengo puesto en eso y obtener buenos resultados ah\u00ed\u00bb, explic\u00f3.<\/p>\n<p>\u00abEstamos muy contentos por lo que representa poder participar de un Juego Ol\u00edmpico, para Agust\u00edn y para la Federaci\u00f3n\u00bb, destac\u00f3, en di\u00e1logo con T\u00e9lam, Hugo Cabral, titular de la Federaci\u00f3n Argentina de Canoas(FAC), quien, adem\u00e1s, confirm\u00f3 que el misionero Emilio Atamanuk tambi\u00e9n se clasific\u00f3 en paracanotaje en la prueba Vl3 200 metros.<\/p>\n<\/div>\n<p><script async defer crossorigin=\"anonymous\" src=\"https:\/\/connect.facebook.net\/es_LA\/sdk.js#xfbml=1&#038;version=v12.0\" nonce=\"SBlHQzIF\"><\/script><br \/><a href=\"https:\/\/www.telam.com.ar\/notas\/202309\/639630-canotaje-agustin-vernice-clasificacion-juegos-olimpicos-2024.html\">source<\/a><\/p>\n","protected":false},"excerpt":{"rendered":"<p>Foto Instagram @agustin_vernice El palista bonaerense Agust\u00edn Vernice, octavo en los JJOO de Tokio y&#8230;<\/p>\n","protected":false},"author":3,"featured_media":10013,"comment_status":"closed","ping_status":"closed","sticky":false,"template":"","format":"standard","meta":{"footnotes":""},"categories":[21],"tags":[],"class_list":["post-10012","post","type-post","status-publish","format-standard","has-post-thumbnail","hentry","category-deportes"],"featured_image_urls":{"full":["https:\/\/fmamiga909.com.ar\/wp-content\/uploads\/2023\/09\/wp-header-logo-72.png",1200,675,false],"thumbnail":["https:\/\/fmamiga909.com.ar\/wp-content\/uploads\/2023\/09\/wp-header-logo-72-150x150.png",150,150,true],"medium":["https:\/\/fmamiga909.com.ar\/wp-content\/uploads\/2023\/09\/wp-header-logo-72-300x169.png",300,169,true],"medium_large":["https:\/\/fmamiga909.com.ar\/wp-content\/uploads\/2023\/09\/wp-header-logo-72.png",1200,675,false],"large":["https:\/\/fmamiga909.com.ar\/wp-content\/uploads\/2023\/09\/wp-header-logo-72-1024x576.png",640,360,true],"1536x1536":["https:\/\/fmamiga909.com.ar\/wp-content\/uploads\/2023\/09\/wp-header-logo-72.png",1200,675,false],"2048x2048":["https:\/\/fmamiga909.com.ar\/wp-content\/uploads\/2023\/09\/wp-header-logo-72.png",1200,675,false],"newsium-slider-full":["https:\/\/fmamiga909.com.ar\/wp-content\/uploads\/2023\/09\/wp-header-logo-72.png",1200,675,false],"newsium-featured":["https:\/\/fmamiga909.com.ar\/wp-content\/uploads\/2023\/09\/wp-header-logo-72-1024x576.png",1024,576,true],"newsium-medium":["https:\/\/fmamiga909.com.ar\/wp-content\/uploads\/2023\/09\/wp-header-logo-72-720x475.png",720,475,true]},"author_info":{"display_name":"Fredy Giuliano","author_link":"https:\/\/fmamiga909.com.ar\/?author=3"},"category_info":"<a href=\"https:\/\/fmamiga909.com.ar\/?cat=21\" rel=\"category\">Deportes<\/a>","tag_info":"Deportes","comment_count":"0","_links":{"self":[{"href":"https:\/\/fmamiga909.com.ar\/index.php?rest_route=\/wp\/v2\/posts\/10012","targetHints":{"allow":["GET"]}}],"collection":[{"href":"https:\/\/fmamiga909.com.ar\/index.php?rest_route=\/wp\/v2\/posts"}],"about":[{"href":"https:\/\/fmamiga909.com.ar\/index.php?rest_route=\/wp\/v2\/types\/post"}],"author":[{"embeddable":true,"href":"https:\/\/fmamiga909.com.ar\/index.php?rest_route=\/wp\/v2\/users\/3"}],"replies":[{"embeddable":true,"href":"https:\/\/fmamiga909.com.ar\/index.php?rest_route=%2Fwp%2Fv2%2Fcomments&post=10012"}],"version-history":[{"count":0,"href":"https:\/\/fmamiga909.com.ar\/index.php?rest_route=\/wp\/v2\/posts\/10012\/revisions"}],"wp:featuredmedia":[{"embeddable":true,"href":"https:\/\/fmamiga909.com.ar\/index.php?rest_route=\/wp\/v2\/media\/10013"}],"wp:attachment":[{"href":"https:\/\/fmamiga909.com.ar\/index.php?rest_route=%2Fwp%2Fv2%2Fmedia&parent=10012"}],"wp:term":[{"taxonomy":"category","embeddable":true,"href":"https:\/\/fmamiga909.com.ar\/index.php?rest_route=%2Fwp%2Fv2%2Fcategories&post=10012"},{"taxonomy":"post_tag","embeddable":true,"href":"https:\/\/fmamiga909.com.ar\/index.php?rest_route=%2Fwp%2Fv2%2Ftags&post=10012"}],"curies":[{"name":"wp","href":"https:\/\/api.w.org\/{rel}","templated":true}]}}