{"id":10245,"date":"2023-09-21T08:21:00","date_gmt":"2023-09-21T08:21:00","guid":{"rendered":"https:\/\/fmamiga909.com.ar\/?p=10245"},"modified":"2023-09-21T08:21:00","modified_gmt":"2023-09-21T08:21:00","slug":"belgrano-defiende-de-local-su-invicto-ante-platense","status":"publish","type":"post","link":"https:\/\/fmamiga909.com.ar\/?p=10245","title":{"rendered":"Belgrano defiende de local su invicto, ante Platense"},"content":{"rendered":"<div>\n<figure class=\"mb-3\"><img decoding=\"async\" src=\"https:\/\/www.telam.com.ar\/thumbs\/bluesteel\/advf\/imagenes\/2023\/05\/647282bf2c8c3_1200.jpg\" class=\" lazy \" width=\"100%\" height=\"100%\" alt=\"Foto X ex Twitter caplatense archivo\"\/><figcaption> Foto: X (ex Twitter) @caplatense (archivo). <\/figcaption><\/figure>\n<p><strong>Belgrano <\/strong>recibe este jueves a <strong>Platense <\/strong>en su estadio del barrio Alberdi, en la capital cordobesa, por la 5ta. fecha de la Zona B de la Copa de la Liga Profesional, en un encuentro en el que ambos necesitan sumar.<\/p>\n<p>El partido comenzar\u00e1 a las 17, contar\u00e1 con el arbitraje de Jorge Bali\u00f1o (con Fernando Echenique en el VAR) y ser\u00e1 televisado por ESPN Premium.<\/p>\n<p>Los \u00abcelestes\u00bb de Alberdi mantienen el invicto en el torneo, aunque despu\u00e9s del triunfo ante Estudiantes en el debut, hilvanaron <a href=\"https:\/\/www.telam.com.ar\/notas\/202309\/640534-godoy-cruz-belgrano.html\" target=\"_blank\" rel=\"noopener\">tres empates en fila para llegar a 6 puntos<\/a>, por lo que buscar\u00e1n un triunfo para mantenerse cerca de los puestos de clasificaci\u00f3n a cuartos de final, como as\u00ed tambi\u00e9n aspirar a meterse en la Copa Sudamericana.<\/p>\n<blockquote class=\"twitter-tweet\">\n<p lang=\"es\" dir=\"ltr\">\u26bd\ud83c\udfdf\ufe0f \u00a1Pr\u00e1ctica en Alberdi!<\/p>\n<p>\ud83d\udc49 El plantel de <a href=\"https:\/\/twitter.com\/hashtag\/Belgrano?src=hash&amp;ref_src=twsrc%5Etfw\">#Belgrano<\/a> completa su preparaci\u00f3n para recibir a Platense, ma\u00f1ana en el Gigante.<a href=\"https:\/\/twitter.com\/hashtag\/BelgranoVamos?src=hash&amp;ref_src=twsrc%5Etfw\">#BelgranoVamos<\/a> <a href=\"https:\/\/t.co\/qHQM5jKk9Y\">pic.twitter.com\/qHQM5jKk9Y<\/a><\/p>\n<p>\u2014 Belgrano (@Belgrano) <a href=\"https:\/\/twitter.com\/Belgrano\/status\/1704483470582374824?ref_src=twsrc%5Etfw\">September 20, 2023<\/a><\/p><\/blockquote>\n<p> El \u00abcalamar\u00bb, en tanto, <a href=\"https:\/\/www.telam.com.ar\/notas\/202309\/640095-futbol-platense-lanus-copa-de-la-liga-profesional-necesidad-salir-fondo--titulo-web.html\" target=\"_blank\" rel=\"noopener\">alcanz\u00f3 su primera victoria en la fecha pasada al derrotar como local a Lan\u00fas por 2-1<\/a>, y a pesar de tener un buen rendimiento en la tabla anual -en la que suma 38 puntos- est\u00e1 complicado con los promedios del descenso, planilla en la que se ubica pen\u00faltimo, con 1,136, solo por arriba de Arsenal (0,954).<\/p>\n<p>El \u00abPirata\u00bb cordob\u00e9s igual\u00f3 sin goles el \u00faltimo domingo en su visita a Mendoza ante Godoy Cruz, en un encuentro en el que no mostr\u00f3 su mejor versi\u00f3n y su arquero Nahuel Losada fue la figura.<\/p>\n<blockquote class=\"twitter-tweet\">\n<p lang=\"es\" dir=\"ltr\">\u2708\ufe0f\ud83e\udd0e \u00a1Rumbo a C\u00f3rdoba!<\/p>\n<p>\ud83d\udd1c El plantel se entrenar\u00e1 con vistas al partido de ma\u00f1ana, en el turno tarde.<a href=\"https:\/\/twitter.com\/hashtag\/VamosCalamares?src=hash&amp;ref_src=twsrc%5Etfw\">#VamosCalamares<\/a>\ud83e\udd91 <a href=\"https:\/\/t.co\/DAGvN9suEf\">pic.twitter.com\/DAGvN9suEf<\/a><\/p>\n<p>\u2014 Club Atl\u00e9tico Platense (@caplatense) <a href=\"https:\/\/twitter.com\/caplatense\/status\/1704495306342101448?ref_src=twsrc%5Etfw\">September 20, 2023<\/a><\/p><\/blockquote>\n<p> Aunque el andar del equipo no fue el esperado, el DT <strong>Guillermo Farr\u00e9<\/strong> realizar\u00eda una sola variante: Mat\u00edas Palavecino por Facundo Lencioni para colaborar en la tarea de creaci\u00f3n de juego, de la que tanto careci\u00f3 ante el \u00abTomba\u00bb.<\/p>\n<p><strong>Mart\u00edn Palermo<\/strong>, en tanto, no realizar\u00eda modificaciones en la formaci\u00f3n de Platense respecto de los titulares que jugaron ante el \u00abGranate\u00bb, encuentro en el que los dirigidos por el \u00abTit\u00e1n\u00bb dieron vuelta un resultado adverso y se impusieron 2 a 1 con tantos de Ignacio V\u00e1zquez y Lucas Ocampo.<\/p>\n<p><iframe loading=\"lazy\" src=\"https:\/\/estdeportes.telam.com.ar\/html\/v3\/minapp\/modules\/futbol\/gamecast\/gamecast.html?channel=deportes.futbol.copalpf.643486&amp;lang=es_LA&amp;page=gamecast&amp;hidePagesMenu=true\" width=\"100%\" height=\"1150\" scrolling=\"auto\" style=\"width: 1px; min-width: 100%; *width: 100%;\" class=\"\"><\/iframe><\/p>\n<h2 class=\"\">Posibles formaciones<\/h2>\n<p>\u00a0<strong>Belgrano<\/strong>: Nahuel Losada; Juan Barinaga, Alejandro R\u00e9bola, Erik Godoy, Mat\u00edas Ibacache; Santiago Longo, Lautaro Pastran, Ulises S\u00e1nchez, Mat\u00edas Mar\u00edn, Facundo Lencioni; Lucas Passerini. DT: Guillermo Farr\u00e9.<\/p>\n<p><strong>Platense<\/strong>: Ramiro Macagno; Nicol\u00e1s Morgantini, Ignacio V\u00e1zquez, Gast\u00f3n Suso y Juan Infante; Ra\u00fal Lozano, Franco Diaz, Iv\u00e1n Rossi y Lucas Agust\u00edn Ocampo; Ronaldo Mart\u00ednez y Mateo Pellegrino. DT: Mart\u00edn Palermo.<\/p>\n<p><strong>\u00c1rbitro<\/strong>: Jorge Bali\u00f1o<\/p>\n<p><strong>VAR<\/strong>: Fernando Echenique<\/p>\n<p><strong>Hora<\/strong>: 17.00<\/p>\n<p><strong>Cancha<\/strong>: Belgrano (C\u00f2rdoba)<\/p>\n<p><strong>TV<\/strong>: ESPN Premium.<\/p>\n<\/div>\n<p><script async src=\"\/\/platform.twitter.com\/widgets.js\" charset=\"utf-8\"><\/script><script async defer crossorigin=\"anonymous\" src=\"https:\/\/connect.facebook.net\/es_LA\/sdk.js#xfbml=1&#038;version=v12.0\" nonce=\"SBlHQzIF\"><\/script><br \/><a href=\"https:\/\/www.telam.com.ar\/notas\/202309\/640881-copa-de-la-liga-belgrano-platense.html\">source<\/a><\/p>\n","protected":false},"excerpt":{"rendered":"<p>Foto: X (ex Twitter) @caplatense (archivo). Belgrano recibe este jueves a Platense en su estadio&#8230;<\/p>\n","protected":false},"author":3,"featured_media":10246,"comment_status":"closed","ping_status":"closed","sticky":false,"template":"","format":"standard","meta":{"footnotes":""},"categories":[21],"tags":[],"class_list":["post-10245","post","type-post","status-publish","format-standard","has-post-thumbnail","hentry","category-deportes"],"featured_image_urls":{"full":["https:\/\/fmamiga909.com.ar\/wp-content\/uploads\/2023\/09\/wp-header-logo-163.png",1200,675,false],"thumbnail":["https:\/\/fmamiga909.com.ar\/wp-content\/uploads\/2023\/09\/wp-header-logo-163-150x150.png",150,150,true],"medium":["https:\/\/fmamiga909.com.ar\/wp-content\/uploads\/2023\/09\/wp-header-logo-163-300x169.png",300,169,true],"medium_large":["https:\/\/fmamiga909.com.ar\/wp-content\/uploads\/2023\/09\/wp-header-logo-163.png",1200,675,false],"large":["https:\/\/fmamiga909.com.ar\/wp-content\/uploads\/2023\/09\/wp-header-logo-163-1024x576.png",640,360,true],"1536x1536":["https:\/\/fmamiga909.com.ar\/wp-content\/uploads\/2023\/09\/wp-header-logo-163.png",1200,675,false],"2048x2048":["https:\/\/fmamiga909.com.ar\/wp-content\/uploads\/2023\/09\/wp-header-logo-163.png",1200,675,false],"newsium-slider-full":["https:\/\/fmamiga909.com.ar\/wp-content\/uploads\/2023\/09\/wp-header-logo-163.png",1200,675,false],"newsium-featured":["https:\/\/fmamiga909.com.ar\/wp-content\/uploads\/2023\/09\/wp-header-logo-163-1024x576.png",1024,576,true],"newsium-medium":["https:\/\/fmamiga909.com.ar\/wp-content\/uploads\/2023\/09\/wp-header-logo-163-720x475.png",720,475,true]},"author_info":{"display_name":"Fredy Giuliano","author_link":"https:\/\/fmamiga909.com.ar\/?author=3"},"category_info":"<a href=\"https:\/\/fmamiga909.com.ar\/?cat=21\" rel=\"category\">Deportes<\/a>","tag_info":"Deportes","comment_count":"0","_links":{"self":[{"href":"https:\/\/fmamiga909.com.ar\/index.php?rest_route=\/wp\/v2\/posts\/10245","targetHints":{"allow":["GET"]}}],"collection":[{"href":"https:\/\/fmamiga909.com.ar\/index.php?rest_route=\/wp\/v2\/posts"}],"about":[{"href":"https:\/\/fmamiga909.com.ar\/index.php?rest_route=\/wp\/v2\/types\/post"}],"author":[{"embeddable":true,"href":"https:\/\/fmamiga909.com.ar\/index.php?rest_route=\/wp\/v2\/users\/3"}],"replies":[{"embeddable":true,"href":"https:\/\/fmamiga909.com.ar\/index.php?rest_route=%2Fwp%2Fv2%2Fcomments&post=10245"}],"version-history":[{"count":0,"href":"https:\/\/fmamiga909.com.ar\/index.php?rest_route=\/wp\/v2\/posts\/10245\/revisions"}],"wp:featuredmedia":[{"embeddable":true,"href":"https:\/\/fmamiga909.com.ar\/index.php?rest_route=\/wp\/v2\/media\/10246"}],"wp:attachment":[{"href":"https:\/\/fmamiga909.com.ar\/index.php?rest_route=%2Fwp%2Fv2%2Fmedia&parent=10245"}],"wp:term":[{"taxonomy":"category","embeddable":true,"href":"https:\/\/fmamiga909.com.ar\/index.php?rest_route=%2Fwp%2Fv2%2Fcategories&post=10245"},{"taxonomy":"post_tag","embeddable":true,"href":"https:\/\/fmamiga909.com.ar\/index.php?rest_route=%2Fwp%2Fv2%2Ftags&post=10245"}],"curies":[{"name":"wp","href":"https:\/\/api.w.org\/{rel}","templated":true}]}}