{"id":10271,"date":"2023-09-22T09:29:23","date_gmt":"2023-09-22T09:29:23","guid":{"rendered":"https:\/\/fmamiga909.com.ar\/?p=10271"},"modified":"2023-09-22T09:29:23","modified_gmt":"2023-09-22T09:29:23","slug":"de-su-paso-por-el-psg-a-su-dia-a-dia-en-miami-lo-que-dejo-la-entrevista-a-messi","status":"publish","type":"post","link":"https:\/\/fmamiga909.com.ar\/?p=10271","title":{"rendered":"De su paso por el PSG a su d\u00eda a d\u00eda en Miami: lo que dej\u00f3 la entrevista a Messi"},"content":{"rendered":"<div>\n<figure class=\"mb-3\"><img decoding=\"async\" src=\"https:\/\/www.telam.com.ar\/thumbs\/bluesteel\/advf\/imagenes\/2023\/09\/650c64032a893_1200.jpg\" class=\" lazy \" width=\"100%\" height=\"100%\" alt=\"Messi en el programa de Migue Granados \"\/><figcaption> Messi en el programa de Migue Granados. <\/figcaption><\/figure>\n<p> Lionel Messi reiter\u00f3 que de momento no proyecta su participaci\u00f3n en el Mundial 2026 y marc\u00f3 que su pr\u00f3ximo gran objetivo en el seleccionado argentino \u00abes llegar bien a la Copa Am\u00e9rica de Estados Unidos\u00bb, que se jugar\u00e1 el a\u00f1o pr\u00f3ximo.<\/p>\n<p>El capit\u00e1n campe\u00f3n del mundo en Qatar 2022 explic\u00f3 que despu\u00e9s de esa competencia evaluar\u00e1 \u00abd\u00eda a d\u00eda\u00bb sus sensaciones para definir su futuro, que tampoco tiene definido para el d\u00eda despu\u00e9s de su retiro del f\u00fatbol.<\/p>\n<p>Messi, de 36 a\u00f1os, brind\u00f3 una entrevista \u00edntima y relajada al conductor, humorista e influencer Migue Granados, que fue seguida en vivo por hasta 320.000 usuarios en la canal de YouTube \u00abOlga\u00bb. All\u00ed habl\u00f3 de su presente, su pasado y su futuro, as\u00ed como su d\u00eda a d\u00eda y su familia, entre otros puntos. Las siguientes son los extractos m\u00e1s salientes de una entrevista de 40 minutos grabada en su casa de Miami:<\/p>\n<h2 class=\"\">El d\u00eda despu\u00e9s del retiro<\/h2>\n<p> \u00abNo lo pens\u00e9, tampoco quiero pensarlo porque disfruto de lo que hago. Di un paso importante en el hecho de dejar Europa y venir a Estados Unidos. Ahora quiero pensar en disfrutar de jugar, no en el siguiente paso. Me gusta todo lo relacionado con el f\u00fatbol, me gusta estar con chicos, ense\u00f1ar, tambi\u00e9n la funci\u00f3n de director deportivo\u00bb.<\/p>\n<blockquote class=\"twitter-tweet\">\n<p lang=\"es\" dir=\"ltr\">Lamentablemente, hab\u00eda que hacer esta pregunta, qu\u00e9 va a pasar con Messi despu\u00e9s del f\u00fatbol. Pistas: no va a hacer chip\u00e1 en la casa. <a href=\"https:\/\/t.co\/Gj7n2t6mS7\">pic.twitter.com\/Gj7n2t6mS7<\/a><\/p>\n<p>\u2014 OLGA (@olgaenvivo) <a href=\"https:\/\/twitter.com\/olgaenvivo\/status\/1704868713910964679?ref_src=twsrc%5Etfw\">September 21, 2023<\/a><\/p><\/blockquote>\n<h2 class=\"\">\u00bfJugar en Newell&#8217;s?<\/h2>\n<p> \u00abSiempre estuvo el hecho en lo personal, m\u00e1s despu\u00e9s de haber sido campe\u00f3n del mundo, de poder disfrutar del f\u00fatbol argentino, jugar en Newell\u2019s que yo era chiquito e iba la cancha ah\u00ed. Era mi sue\u00f1o jugar ah\u00ed, pero no s\u00e9 qu\u00e9 har\u00e1 Fideo (por \u00c1ngel Di Mar\u00eda y su posible regreso a Rosario Central)\u201d.<\/p>\n<blockquote class=\"twitter-tweet\">\n<p lang=\"es\" dir=\"ltr\">El sue\u00f1o de jugar en el f\u00fatbol argentino. Ser\u00e1? <a href=\"https:\/\/t.co\/ccLYEYtvat\">pic.twitter.com\/ccLYEYtvat<\/a><\/p>\n<p>\u2014 OLGA (@olgaenvivo) <a href=\"https:\/\/twitter.com\/olgaenvivo\/status\/1704870695518310464?ref_src=twsrc%5Etfw\">September 21, 2023<\/a><\/p><\/blockquote>\n<h2 class=\"\">La etapa en el Par\u00eds Saint Germain<\/h2>\n<p> \u00abSe dio as\u00ed, no fue como esperaba. Las cosas pasan por algo, no estaba bien, pero me toc\u00f3 ser campe\u00f3n del mundo ah\u00ed. Ten\u00eda que ser as\u00ed&#8230; (Las cr\u00edticas) Eran entendibles, estaba en el pa\u00eds al que le hab\u00edamos ganado la final. Fui el \u00fanico jugador que no tuvo reconocimiento\u00bb.<\/p>\n<blockquote class=\"twitter-tweet\">\n<p lang=\"es\" dir=\"ltr\">Los del Paris? Terriblemente dolidos: el \u00fanico campe\u00f3n del mundo sin reconocimiento. <a href=\"https:\/\/t.co\/CN1t5kfcSZ\">pic.twitter.com\/CN1t5kfcSZ<\/a><\/p>\n<p>\u2014 OLGA (@olgaenvivo) <a href=\"https:\/\/twitter.com\/olgaenvivo\/status\/1704863456820625539?ref_src=twsrc%5Etfw\">September 21, 2023<\/a><\/p><\/blockquote>\n<h2 class=\"\">La rutina en Miami<\/h2>\n<p> \u00abNos levantamos a las 7:00, llevamos a los nenes a la escuela y me voy al entrenamiento en el club. Las pr\u00e1cticas son tempranos por el calor. Luego llego a casa a la 1:00, comemos solos con Antonela, dormimos la siesta o vemos alguna pel\u00edcula o serie y las 15:00 arrancamos a buscar a los chicos al cole. Despu\u00e9s los llevamos a entrenar a la escuelita del Inter Miami. Thiago juega con los de 11 a\u00f1os y Mateo con los de 8. A los tres les gusta jugar, crecieron con eso, desde que nacieron vieron f\u00fatbol. A la noche, cuando los chicos se acuestan, a las 21:00, es nuestro momento con Antonela. Comemos temprano y vamos a la cama a ver tele. Tambi\u00e9n &#8216;boludeo&#8217; mucho con el celular\u00bb.<\/p>\n<blockquote class=\"twitter-tweet\">\n<p lang=\"es\" dir=\"ltr\">La rutina del campe\u00f3n del mundo: como la m\u00eda, como la tuya. Obvio que Migue le iba a preguntar si trikiti con Anto. <a href=\"https:\/\/t.co\/FFsR4etmon\">pic.twitter.com\/FFsR4etmon<\/a><\/p>\n<p>\u2014 OLGA (@olgaenvivo) <a href=\"https:\/\/twitter.com\/olgaenvivo\/status\/1704862491346391269?ref_src=twsrc%5Etfw\">September 21, 2023<\/a><\/p><\/blockquote>\n<h2 class=\"\">Messi de entrecasa<\/h2>\n<blockquote class=\"twitter-tweet\">\n<p lang=\"es\" dir=\"ltr\">Qu\u00e9 cosas hace Messi de la casa? Sabe empanar las milanesas? Arreglar la mochila del ba\u00f1o? Tiene alguna pastillita por un dolor de cabeza? Ac\u00e1 la posta. <a href=\"https:\/\/t.co\/HH978CbhgM\">pic.twitter.com\/HH978CbhgM<\/a><\/p>\n<p>\u2014 OLGA (@olgaenvivo) <a href=\"https:\/\/twitter.com\/olgaenvivo\/status\/1704865696906096826?ref_src=twsrc%5Etfw\">September 21, 2023<\/a><\/p><\/blockquote>\n<h2 class=\"\">Los amigos<\/h2>\n<p> \u00abTengo pocos de Argentina porque me fui de muy chico y la comunicaci\u00f3n era m\u00e1s complicada en ese momento. Uno de mis mejores amigos es primo de Antonela. En la Selecci\u00f3n, de la generaci\u00f3n anterior, compart\u00ed mucho con Masche (Javier Mascherano), el Pocho (Ezequiel Lavezzi) y el Kun (Sergio Ag\u00fcero\u00bb. De la actual me hice amigo con muchos pero con Fideo (\u00c1ngel Di Mar\u00eda) y Lean (Leandro Paredes) compartimos club y eso hace acercarte m\u00e1s\u00bb.<\/p>\n<blockquote class=\"twitter-tweet\">\n<p lang=\"es\" dir=\"ltr\">Messi y los amigos de la Selecci\u00f3n, la Scaloneta y la camada anterior. <a href=\"https:\/\/t.co\/AcD37niQrr\">pic.twitter.com\/AcD37niQrr<\/a><\/p>\n<p>\u2014 OLGA (@olgaenvivo) <a href=\"https:\/\/twitter.com\/olgaenvivo\/status\/1704869443325559130?ref_src=twsrc%5Etfw\">September 21, 2023<\/a><\/p><\/blockquote>\n<h2 class=\"\">Su rol como padre<\/h2>\n<p> \u00abCreo que soy un buen padre, estoy presente, intento inculcar los valores que me ense\u00f1aron a m\u00ed de chico. Mis viejos fueron buenos padres, yo soy como soy por lo que aprend\u00ed de chico en casa y tambi\u00e9n en el club. Barcelona tiene valores muy marcados. \u00bfOtro hijo? No s\u00e9, me gustar\u00eda. No estamos en la b\u00fasqueda pero vamos a ver si llega la nena\u00bb.<\/p>\n<h2 class=\"\">El presente en Estados Unidos<\/h2>\n<p> \u00abSe me nota mucho cuando estoy contento dentro de la cancha. Lo que me pasa afuera lo sabe poca gente. Mi idea de venir ac\u00e1 era empezar a descomprimir un poco despu\u00e9s de tantos a\u00f1os de carrera. Me encanta lo que hago, disfruto mucho jugando pero obviamente ahora es de otra manera, por eso la decisi\u00f3n de venir para ac\u00e1 y no continuar mi carrera en Europa. Si bien mi personalidad es competitiva, no quiero perder a nada, es cierto que el f\u00fatbol ac\u00e1 se vive de otra manera, en cierto punto es m\u00e1s relajado\u00bb.<\/p>\n<h2 class=\"\">El Mundial 2026<\/h2>\n<p> \u00abNo lo pienso todav\u00eda, est\u00e1 lejos. S\u00ed pienso en la Copa Am\u00e9rica (2024), es un objetivo llegar bien a la Copa Am\u00e9rica que se jugar\u00e1 en Estados Unidos. Va a estar lindo, ya pasamos la del Centenario, que fue muy linda, disfrutamos el proceso. Despu\u00e9s de la Copa Am\u00e9rica se ver\u00e1, depende de c\u00f3mo me encuentre. El tiempo pasa para todos y hay que ver c\u00f3mo me voy sintiendo. Ir\u00e9 viendo el d\u00eda a d\u00eda\u00bb.<\/div>\n<p><script async src=\"\/\/platform.twitter.com\/widgets.js\" charset=\"utf-8\"><\/script><script async defer crossorigin=\"anonymous\" src=\"https:\/\/connect.facebook.net\/es_LA\/sdk.js#xfbml=1&#038;version=v12.0\" nonce=\"SBlHQzIF\"><\/script><br \/><a href=\"https:\/\/www.telam.com.ar\/notas\/202309\/640993-futbol-lionel-messi-migue-granados-programa-olga-miami-feliz.html\">source<\/a><\/p>\n","protected":false},"excerpt":{"rendered":"<p>Messi en el programa de Migue Granados. Lionel Messi reiter\u00f3 que de momento no proyecta&#8230;<\/p>\n","protected":false},"author":3,"featured_media":10272,"comment_status":"closed","ping_status":"closed","sticky":false,"template":"","format":"standard","meta":{"footnotes":""},"categories":[21],"tags":[],"class_list":["post-10271","post","type-post","status-publish","format-standard","has-post-thumbnail","hentry","category-deportes"],"featured_image_urls":{"full":["https:\/\/fmamiga909.com.ar\/wp-content\/uploads\/2023\/09\/wp-header-logo-173.png",1200,675,false],"thumbnail":["https:\/\/fmamiga909.com.ar\/wp-content\/uploads\/2023\/09\/wp-header-logo-173-150x150.png",150,150,true],"medium":["https:\/\/fmamiga909.com.ar\/wp-content\/uploads\/2023\/09\/wp-header-logo-173-300x169.png",300,169,true],"medium_large":["https:\/\/fmamiga909.com.ar\/wp-content\/uploads\/2023\/09\/wp-header-logo-173.png",1200,675,false],"large":["https:\/\/fmamiga909.com.ar\/wp-content\/uploads\/2023\/09\/wp-header-logo-173-1024x576.png",640,360,true],"1536x1536":["https:\/\/fmamiga909.com.ar\/wp-content\/uploads\/2023\/09\/wp-header-logo-173.png",1200,675,false],"2048x2048":["https:\/\/fmamiga909.com.ar\/wp-content\/uploads\/2023\/09\/wp-header-logo-173.png",1200,675,false],"newsium-slider-full":["https:\/\/fmamiga909.com.ar\/wp-content\/uploads\/2023\/09\/wp-header-logo-173.png",1200,675,false],"newsium-featured":["https:\/\/fmamiga909.com.ar\/wp-content\/uploads\/2023\/09\/wp-header-logo-173-1024x576.png",1024,576,true],"newsium-medium":["https:\/\/fmamiga909.com.ar\/wp-content\/uploads\/2023\/09\/wp-header-logo-173-720x475.png",720,475,true]},"author_info":{"display_name":"Fredy Giuliano","author_link":"https:\/\/fmamiga909.com.ar\/?author=3"},"category_info":"<a href=\"https:\/\/fmamiga909.com.ar\/?cat=21\" rel=\"category\">Deportes<\/a>","tag_info":"Deportes","comment_count":"0","_links":{"self":[{"href":"https:\/\/fmamiga909.com.ar\/index.php?rest_route=\/wp\/v2\/posts\/10271","targetHints":{"allow":["GET"]}}],"collection":[{"href":"https:\/\/fmamiga909.com.ar\/index.php?rest_route=\/wp\/v2\/posts"}],"about":[{"href":"https:\/\/fmamiga909.com.ar\/index.php?rest_route=\/wp\/v2\/types\/post"}],"author":[{"embeddable":true,"href":"https:\/\/fmamiga909.com.ar\/index.php?rest_route=\/wp\/v2\/users\/3"}],"replies":[{"embeddable":true,"href":"https:\/\/fmamiga909.com.ar\/index.php?rest_route=%2Fwp%2Fv2%2Fcomments&post=10271"}],"version-history":[{"count":0,"href":"https:\/\/fmamiga909.com.ar\/index.php?rest_route=\/wp\/v2\/posts\/10271\/revisions"}],"wp:featuredmedia":[{"embeddable":true,"href":"https:\/\/fmamiga909.com.ar\/index.php?rest_route=\/wp\/v2\/media\/10272"}],"wp:attachment":[{"href":"https:\/\/fmamiga909.com.ar\/index.php?rest_route=%2Fwp%2Fv2%2Fmedia&parent=10271"}],"wp:term":[{"taxonomy":"category","embeddable":true,"href":"https:\/\/fmamiga909.com.ar\/index.php?rest_route=%2Fwp%2Fv2%2Fcategories&post=10271"},{"taxonomy":"post_tag","embeddable":true,"href":"https:\/\/fmamiga909.com.ar\/index.php?rest_route=%2Fwp%2Fv2%2Ftags&post=10271"}],"curies":[{"name":"wp","href":"https:\/\/api.w.org\/{rel}","templated":true}]}}