{"id":10273,"date":"2023-09-22T13:49:47","date_gmt":"2023-09-22T13:49:47","guid":{"rendered":"https:\/\/fmamiga909.com.ar\/?p=10273"},"modified":"2023-09-22T13:49:47","modified_gmt":"2023-09-22T13:49:47","slug":"racing-se-hizo-fuerte-ante-su-gente-le-gano-a-newells-agonicamente-y-trepo-a-la-punta","status":"publish","type":"post","link":"https:\/\/fmamiga909.com.ar\/?p=10273","title":{"rendered":"Racing se hizo fuerte ante su gente, le gan\u00f3 a Newell\u00b4s ag\u00f3nicamente y trep\u00f3 a la punta"},"content":{"rendered":"<div>\n<figure class=\"mb-3\"><img decoding=\"async\" src=\"https:\/\/www.telam.com.ar\/thumbs\/bluesteel\/advf\/imagenes\/2023\/09\/650ba13a02583_1200.jpg\" class=\" lazy \" width=\"100%\" height=\"100%\" alt=\"Foto Maximiliano Luna\"\/><figcaption> Foto: Maximiliano Luna <\/figcaption><\/figure>\n<p> Racing alcanz\u00f3 este mi\u00e9rcoles por la noche la exclusividad de la punta de la Zona B de la Copa de la Liga al vencer por 2 a 1 a Newell&#8217;s Old Boys con goles de Jonatan G\u00f3mez y el uruguayo Gast\u00f3n Martirena, mientras que su compatriota Guillermo May hab\u00eda igualado transitoriamente para los rosarinos.<\/p>\n<p>Arranc\u00f3 mejor la visita en el comienzo del partido y a los dos minutos tuvo la primera aproximaci\u00f3n del uruguayo Armando M\u00e9ndez que sali\u00f3 apenas desviada.<\/p>\n<p>El local respondi\u00f3 r\u00e1pido con una triaungulaci\u00f3n que deriv\u00f3 en un disparo de Gabriel Hauche que control\u00f3 el arquero Lucas Hoyos.<\/p>\n<p><figure class=\"mb-3\"><img decoding=\"async\" src=\"https:\/\/www.telam.com.ar\/thumbs\/bluesteel\/advf\/imagenes\/2023\/09\/650ba13a175e3_1200.jpg\" class=\" lazy \" width=\"100%\" height=\"100%\" alt=\"Foto Maximiliano Luna\"\/><figcaption> Foto: Maximiliano Luna <\/figcaption><\/figure>\n<p>El desarrollo del partido fue parejo, ninguno de los dos equipos se sac\u00f3 ventajas y compartieron la tenencia de la pelota.<\/p>\n<p>El equipo de Fernando Gago estuvo impreciso con la pelota, le cost\u00f3 generar juego, mientras que los de Gabriel Heinze esperaron en su campo y apelaron al contraataque, aunque sin fuerza en ofensiva.<\/p>\n<p>El resto de la primera etapa sigui\u00f3 de la misma manera, con ambos equipos con m\u00e1s ganas que juego colectivo y efectivo.<\/p>\n<p><figure class=\"mb-3\"><img decoding=\"async\" src=\"https:\/\/www.telam.com.ar\/thumbs\/bluesteel\/advf\/imagenes\/2023\/09\/650b8d31bea72_1200.jpg\" class=\" lazy \" width=\"100%\" height=\"100%\" alt=\"Foto Maximiliano Luna\"\/><figcaption> Foto: Maximiliano Luna <\/figcaption><\/figure>\n<p>En el comienzo del complemento el equipo de Gago inclin\u00f3 la cancha, se par\u00f3 en campo rival y comenz\u00f3 a generar situaciones a su favor, aunque sin claridad ni precisi\u00f3n.<\/p>\n<p>La \u00abLepra\u00bb, por momentos reaccion\u00f3 y oblig\u00f3 a Gabriel Arias a responder, pero sin peligro concreto.<\/p>\n<p><strong>La insistencia de Racing dio sus frutos a los 26 minutos <\/strong>con la apertura del marcador por parte de Jonatan G\u00f3mez con un remate potente para vulnerar el arco de Lucas Hoyos.<\/p>\n<p><strong>El gol a favor le dio a Racing la tranquilidad de defenderse con la tenencia de la pelota,<\/strong> a lo que adem\u00e1s le agreg\u00f3 presi\u00f3n a la salida de Newell&#8217;s para dejarlo sin variantes en ataque.<\/p>\n<p><figure class=\"mb-3\"><img decoding=\"async\" src=\"https:\/\/www.telam.com.ar\/thumbs\/bluesteel\/advf\/imagenes\/2023\/09\/650b8d31deae7_1200.jpg\" class=\" lazy \" width=\"100%\" height=\"100%\" alt=\"Foto Maximiliano Luna\"\/><figcaption> Foto: Maximiliano Luna <\/figcaption><\/figure>\n<p>Los \u00faltimos minutos tuvieron a la visita con la mente puesta en el arco defendido por Gabriel Arias y tras un error del arquero \u00abacad\u00e9mico\u00bb en la salida el delantero uruguayo Guillermo May puso el empate transitorio en su segundo partido con la camiseta rojinegra.<\/p>\n<p><strong>Cuando parec\u00eda que el partido terminaba empatado, y con el p\u00fablico en contra de los jugadores y dirigentes, el equipo de Gago logr\u00f3 la victoria con el gol de otro uruguayo, Gast\u00f3n Martirena, para dejar a Racing solo en la punta <\/strong>de la zona B.<\/p>\n<p><iframe loading=\"lazy\" src=\"https:\/\/estdeportes.telam.com.ar\/html\/v3\/minapp\/modules\/futbol\/gamecast\/gamecast.html?channel=deportes.futbol.copalpf.643488&amp;lang=es_LA&amp;page=gamecast&amp;hidePagesMenu=true\" width=\"100%\" height=\"1150\" scrolling=\"auto\" style=\"width: 1px; min-width: 100%; *width: 100%;\" class=\"\"><\/iframe> <\/p>\n<\/div>\n<p><script async defer crossorigin=\"anonymous\" src=\"https:\/\/connect.facebook.net\/es_LA\/sdk.js#xfbml=1&#038;version=v12.0\" nonce=\"SBlHQzIF\"><\/script><br \/><a href=\"https:\/\/www.telam.com.ar\/notas\/202309\/640729-copa-de-la-liga-racing-newells.html\">source<\/a><\/p>\n","protected":false},"excerpt":{"rendered":"<p>Foto: Maximiliano Luna Racing alcanz\u00f3 este mi\u00e9rcoles por la noche la exclusividad de la punta&#8230;<\/p>\n","protected":false},"author":3,"featured_media":10274,"comment_status":"closed","ping_status":"closed","sticky":false,"template":"","format":"standard","meta":{"footnotes":""},"categories":[21],"tags":[],"class_list":["post-10273","post","type-post","status-publish","format-standard","has-post-thumbnail","hentry","category-deportes"],"featured_image_urls":{"full":["https:\/\/fmamiga909.com.ar\/wp-content\/uploads\/2023\/09\/wp-header-logo-174.png",1200,675,false],"thumbnail":["https:\/\/fmamiga909.com.ar\/wp-content\/uploads\/2023\/09\/wp-header-logo-174-150x150.png",150,150,true],"medium":["https:\/\/fmamiga909.com.ar\/wp-content\/uploads\/2023\/09\/wp-header-logo-174-300x169.png",300,169,true],"medium_large":["https:\/\/fmamiga909.com.ar\/wp-content\/uploads\/2023\/09\/wp-header-logo-174.png",1200,675,false],"large":["https:\/\/fmamiga909.com.ar\/wp-content\/uploads\/2023\/09\/wp-header-logo-174-1024x576.png",640,360,true],"1536x1536":["https:\/\/fmamiga909.com.ar\/wp-content\/uploads\/2023\/09\/wp-header-logo-174.png",1200,675,false],"2048x2048":["https:\/\/fmamiga909.com.ar\/wp-content\/uploads\/2023\/09\/wp-header-logo-174.png",1200,675,false],"newsium-slider-full":["https:\/\/fmamiga909.com.ar\/wp-content\/uploads\/2023\/09\/wp-header-logo-174.png",1200,675,false],"newsium-featured":["https:\/\/fmamiga909.com.ar\/wp-content\/uploads\/2023\/09\/wp-header-logo-174-1024x576.png",1024,576,true],"newsium-medium":["https:\/\/fmamiga909.com.ar\/wp-content\/uploads\/2023\/09\/wp-header-logo-174-720x475.png",720,475,true]},"author_info":{"display_name":"Fredy Giuliano","author_link":"https:\/\/fmamiga909.com.ar\/?author=3"},"category_info":"<a href=\"https:\/\/fmamiga909.com.ar\/?cat=21\" rel=\"category\">Deportes<\/a>","tag_info":"Deportes","comment_count":"0","_links":{"self":[{"href":"https:\/\/fmamiga909.com.ar\/index.php?rest_route=\/wp\/v2\/posts\/10273","targetHints":{"allow":["GET"]}}],"collection":[{"href":"https:\/\/fmamiga909.com.ar\/index.php?rest_route=\/wp\/v2\/posts"}],"about":[{"href":"https:\/\/fmamiga909.com.ar\/index.php?rest_route=\/wp\/v2\/types\/post"}],"author":[{"embeddable":true,"href":"https:\/\/fmamiga909.com.ar\/index.php?rest_route=\/wp\/v2\/users\/3"}],"replies":[{"embeddable":true,"href":"https:\/\/fmamiga909.com.ar\/index.php?rest_route=%2Fwp%2Fv2%2Fcomments&post=10273"}],"version-history":[{"count":0,"href":"https:\/\/fmamiga909.com.ar\/index.php?rest_route=\/wp\/v2\/posts\/10273\/revisions"}],"wp:featuredmedia":[{"embeddable":true,"href":"https:\/\/fmamiga909.com.ar\/index.php?rest_route=\/wp\/v2\/media\/10274"}],"wp:attachment":[{"href":"https:\/\/fmamiga909.com.ar\/index.php?rest_route=%2Fwp%2Fv2%2Fmedia&parent=10273"}],"wp:term":[{"taxonomy":"category","embeddable":true,"href":"https:\/\/fmamiga909.com.ar\/index.php?rest_route=%2Fwp%2Fv2%2Fcategories&post=10273"},{"taxonomy":"post_tag","embeddable":true,"href":"https:\/\/fmamiga909.com.ar\/index.php?rest_route=%2Fwp%2Fv2%2Ftags&post=10273"}],"curies":[{"name":"wp","href":"https:\/\/api.w.org\/{rel}","templated":true}]}}