{"id":10277,"date":"2023-09-22T17:54:30","date_gmt":"2023-09-22T17:54:30","guid":{"rendered":"https:\/\/fmamiga909.com.ar\/?p=10277"},"modified":"2023-09-22T17:54:30","modified_gmt":"2023-09-22T17:54:30","slug":"barco-tenemos-la-misma-ilusion-que-el-hincha-por-la-libertadores","status":"publish","type":"post","link":"https:\/\/fmamiga909.com.ar\/?p=10277","title":{"rendered":"Barco: &quot;Tenemos la misma ilusi\u00f3n que el hincha por la Libertadores&quot;"},"content":{"rendered":"<div>\n<figure class=\"mb-3\"><img decoding=\"async\" src=\"https:\/\/www.telam.com.ar\/thumbs\/bluesteel\/advf\/imagenes\/2023\/07\/64bf25315369d_1200.jpg\" class=\" lazy \" width=\"100%\" height=\"100%\" alt=\"Foto Maximiliano Luna\"\/><figcaption> Foto: Maximiliano Luna. <\/figcaption><\/figure>\n<p><strong>Valent\u00edn Barco<\/strong>, una de las grandes apariciones de <strong>Boca Juniors<\/strong> en el \u00faltimo tiempo, asegur\u00f3 hoy que los jugadores \u00abxeneizes\u00bb tienen \u00abla misma ilusi\u00f3n que la gente\u00bb en relaci\u00f3n a conquistar la s\u00e9ptima Copa Libertadores de Am\u00e9rica en la historia del club.<\/p>\n<p><strong>\u00abObviamente pienso en ser campe\u00f3n de la Libertadores. Ser\u00eda hermoso, faltan tres partidos, aunque hay que pensar d\u00eda a d\u00eda y lo pr\u00f3ximo es Lan\u00fas por el campeonato local. Sabemos de la ilusi\u00f3n de la gente por la Libertadores y nosotros estamos igual que ellos\u00bb<\/strong>, dijo el \u00abColo\u00bb Barco en el canal de Boca Predio de YouTube.<\/p>\n<p>\u00abInfluye tener a un arquero como Sergio Romero para los penales. Siempre nos dice cu\u00e1ntos va a atajar, nos da confianza. Tenemos que meterlos porque sabemos que ataja algunos\u00bb, valor\u00f3 el juvenil de 19 a\u00f1os.<\/p>\n<p>Adem\u00e1s, el ahora mediocampista (su debut fue como lateral izquierdo) sostuvo que \u00abnunca\u00bb se pone nervioso dentro de la cancha y que cuando le toc\u00f3 patear en la tanda de penales contra Nacional de Uruguay no pens\u00f3 en \u00abel momento\u00bb.<\/p>\n<blockquote class=\"twitter-tweet\">\n<p lang=\"es\" dir=\"ltr\">\u2b50Entrevista EXCLUSIVA con Valentin \u00abColo\u00bb Barco en vivo &#8211; ESTO ES BOCA PREDIO \u2b50 <a href=\"https:\/\/t.co\/YRczKULvW0\">https:\/\/t.co\/YRczKULvW0<\/a><\/p>\n<p>\u2014 Boca Juniors (@BocaJrsOficial) <a href=\"https:\/\/twitter.com\/BocaJrsOficial\/status\/1705229343914688827?ref_src=twsrc%5Etfw\">September 22, 2023<\/a><\/p><\/blockquote>\n<p> Sin obviar <a href=\"https:\/\/www.telam.com.ar\/notas\/202309\/641116-boca-lanus-copa-de-la-liga.html\" target=\"_blank\" rel=\"noopener\">el partido de este s\u00e1bado contra Lan\u00fas, por la Copa de la Liga Profesional<\/a>, el \u00abColo\u00bb Barco insisti\u00f3 en que el \u00abobjetivo\u00bb es la Libertadores, aunque repar\u00f3 en que \u00abest\u00e1 el choque de ma\u00f1ana que es importante para seguir en la pelea\u00bb.<\/p>\n<p>\u00abLas sensaciones dentro de la cancha contra Defensa y Justicia era que est\u00e1bamos dominando, tuvimos las chances pero no convertimos y ah\u00ed comenzaron las dudas. Nos pas\u00f3 diferente contra otros rivales\u00bb, analiz\u00f3.<\/p>\n<p>Barco tambi\u00e9n se refiri\u00f3 al Supercl\u00e1sico con River Plate, que tendr\u00e1 lugar el 1 de octubre en La Bombonera a las 14.00, en medio del ida y vuelta con Palmeiras, y adelant\u00f3 que saben que \u00abpuertas adentro\u00bb tienen que ganar \u00abtodo lo que est\u00e1 en juego\u00bb.<\/p>\n<p>En cuanto a su origen y trayectoria, Barco record\u00f3 que las Inferiores las hizo \u00absiempre\u00bb con su mam\u00e1 llev\u00e1ndolo en un Renault 12 desde la escuela y le agradeci\u00f3 el \u00abapoyo total\u00bb que le brindaron ella y a su pap\u00e1.<\/p>\n<p>\u00abLo que hizo mi familia es dif\u00edcil. Si no ten\u00eda la oportunidad que me dieron, no llegaba ac\u00e1. Se los voy a devolver con mucho cari\u00f1o y compartiendo todo lo logrado. Es imposible devolver tanto amor. Mi sue\u00f1o y el de mi familia era que alg\u00fan d\u00eda juegue en Boca\u00bb, rememor\u00f3.<\/p>\n<p>\u00abMi pap\u00e1 me dijo: &#8216;El d\u00eda que te vea jugar en Boca ya me puedo morir tranquilo&#8217;. <strong>El d\u00eda que me subieron a Primera Divisi\u00f3n fue una locura<\/strong>\u00ab, se emocion\u00f3 el juvenil en el cierre del di\u00e1logo con el canal boquense.<\/p>\n<div class=\"jumbotron pt-4 mt-3\">\n<h3 class=\"module-title\">El colombiano Wilmar Rold\u00e1n arbitrar\u00e1 la ida de Boca-Palmeiras <\/h3>\n<p>El \u00e1rbitro colombiano <strong>Wilmar Rold\u00e1n<\/strong> fue designado este viernes para la ida de <strong>Boca &#8211; Palmeiras<\/strong>, del pr\u00f3ximo jueves en La Bombonera, por la semifinal de la Copa Libertadores de Am\u00e9rica.<\/p>\n<p>Rold\u00e1n, que es el \u00e1rbitro con m\u00e1s partidos en la historia de la Libertadores, estar\u00e1 acompa\u00f1ado por el chileno Juan Lara desde el sistema VAR.<\/p>\n<p>Adem\u00e1s, Rold\u00e1n estuvo en los mundiales de Brasil 2014 y de Rusia 2018, en los que arbitr\u00f3 tres encuentros.<\/p>\n<p>En el otro partido, entre Fluminense e Inter de Porto Alegre, el designado fue el argentino Dar\u00edo Herrera en el campo y su compatriota Facundo Tello en el VAR, seg\u00fan inform\u00f3 la Conmebol.<\/p>\n<\/p><\/div>\n<p><\/div>\n<p><script async src=\"\/\/platform.twitter.com\/widgets.js\" charset=\"utf-8\"><\/script><script async defer crossorigin=\"anonymous\" src=\"https:\/\/connect.facebook.net\/es_LA\/sdk.js#xfbml=1&#038;version=v12.0\" nonce=\"SBlHQzIF\"><\/script><br \/><a href=\"https:\/\/www.telam.com.ar\/notas\/202309\/641117-valentin-barco-boca-copa-libertadores.html\">source<\/a><\/p>\n","protected":false},"excerpt":{"rendered":"<p>Foto: Maximiliano Luna. Valent\u00edn Barco, una de las grandes apariciones de Boca Juniors en el&#8230;<\/p>\n","protected":false},"author":3,"featured_media":10278,"comment_status":"closed","ping_status":"closed","sticky":false,"template":"","format":"standard","meta":{"footnotes":""},"categories":[21],"tags":[],"class_list":["post-10277","post","type-post","status-publish","format-standard","has-post-thumbnail","hentry","category-deportes"],"featured_image_urls":{"full":["https:\/\/fmamiga909.com.ar\/wp-content\/uploads\/2023\/09\/wp-header-logo-176.png",1200,675,false],"thumbnail":["https:\/\/fmamiga909.com.ar\/wp-content\/uploads\/2023\/09\/wp-header-logo-176-150x150.png",150,150,true],"medium":["https:\/\/fmamiga909.com.ar\/wp-content\/uploads\/2023\/09\/wp-header-logo-176-300x169.png",300,169,true],"medium_large":["https:\/\/fmamiga909.com.ar\/wp-content\/uploads\/2023\/09\/wp-header-logo-176.png",1200,675,false],"large":["https:\/\/fmamiga909.com.ar\/wp-content\/uploads\/2023\/09\/wp-header-logo-176-1024x576.png",640,360,true],"1536x1536":["https:\/\/fmamiga909.com.ar\/wp-content\/uploads\/2023\/09\/wp-header-logo-176.png",1200,675,false],"2048x2048":["https:\/\/fmamiga909.com.ar\/wp-content\/uploads\/2023\/09\/wp-header-logo-176.png",1200,675,false],"newsium-slider-full":["https:\/\/fmamiga909.com.ar\/wp-content\/uploads\/2023\/09\/wp-header-logo-176.png",1200,675,false],"newsium-featured":["https:\/\/fmamiga909.com.ar\/wp-content\/uploads\/2023\/09\/wp-header-logo-176-1024x576.png",1024,576,true],"newsium-medium":["https:\/\/fmamiga909.com.ar\/wp-content\/uploads\/2023\/09\/wp-header-logo-176-720x475.png",720,475,true]},"author_info":{"display_name":"Fredy Giuliano","author_link":"https:\/\/fmamiga909.com.ar\/?author=3"},"category_info":"<a href=\"https:\/\/fmamiga909.com.ar\/?cat=21\" rel=\"category\">Deportes<\/a>","tag_info":"Deportes","comment_count":"0","_links":{"self":[{"href":"https:\/\/fmamiga909.com.ar\/index.php?rest_route=\/wp\/v2\/posts\/10277","targetHints":{"allow":["GET"]}}],"collection":[{"href":"https:\/\/fmamiga909.com.ar\/index.php?rest_route=\/wp\/v2\/posts"}],"about":[{"href":"https:\/\/fmamiga909.com.ar\/index.php?rest_route=\/wp\/v2\/types\/post"}],"author":[{"embeddable":true,"href":"https:\/\/fmamiga909.com.ar\/index.php?rest_route=\/wp\/v2\/users\/3"}],"replies":[{"embeddable":true,"href":"https:\/\/fmamiga909.com.ar\/index.php?rest_route=%2Fwp%2Fv2%2Fcomments&post=10277"}],"version-history":[{"count":0,"href":"https:\/\/fmamiga909.com.ar\/index.php?rest_route=\/wp\/v2\/posts\/10277\/revisions"}],"wp:featuredmedia":[{"embeddable":true,"href":"https:\/\/fmamiga909.com.ar\/index.php?rest_route=\/wp\/v2\/media\/10278"}],"wp:attachment":[{"href":"https:\/\/fmamiga909.com.ar\/index.php?rest_route=%2Fwp%2Fv2%2Fmedia&parent=10277"}],"wp:term":[{"taxonomy":"category","embeddable":true,"href":"https:\/\/fmamiga909.com.ar\/index.php?rest_route=%2Fwp%2Fv2%2Fcategories&post=10277"},{"taxonomy":"post_tag","embeddable":true,"href":"https:\/\/fmamiga909.com.ar\/index.php?rest_route=%2Fwp%2Fv2%2Ftags&post=10277"}],"curies":[{"name":"wp","href":"https:\/\/api.w.org\/{rel}","templated":true}]}}