{"id":10328,"date":"2023-09-24T21:09:06","date_gmt":"2023-09-24T21:09:06","guid":{"rendered":"https:\/\/fmamiga909.com.ar\/?p=10328"},"modified":"2023-09-24T21:09:06","modified_gmt":"2023-09-24T21:09:06","slug":"verstappen-gano-el-gran-premio-de-japon-y-quedo-a-las-puertas-de-su-tercer-titulo","status":"publish","type":"post","link":"https:\/\/fmamiga909.com.ar\/?p=10328","title":{"rendered":"Verstappen gan\u00f3 el Gran Premio de Jap\u00f3n y qued\u00f3 a las puertas de su tercer t\u00edtulo"},"content":{"rendered":"<div>\n<figure class=\"mb-3\"><img decoding=\"async\" src=\"https:\/\/www.telam.com.ar\/thumbs\/bluesteel\/advf\/imagenes\/2023\/09\/65102730c1874_1200.jpg\" class=\" lazy \" width=\"100%\" height=\"100%\" alt=\"FotoAFP\"\/><figcaption> Foto:AFP <\/figcaption><\/figure>\n<p>El neerland\u00e9s Max Verstappen (Red Bull), l\u00edder indiscutido de la F\u00f3rmula 1, qued\u00f3 a las puertas de coronar su tercer t\u00edtulo en la m\u00e1xima categor\u00eda el automovilismo mundial, luego de imponerse este domingo en el Gran Premio de Jap\u00f3n.<\/p>\n<p>En el circuito de Suzuka, el bicampe\u00f3n titular firm\u00f3 su decimotercera victoria en 16 carreras de la temporada, esta vez por delante de los McLaren del brit\u00e1nico Lando Norris (+19.387s.) y el australiano Oscar Piastri (+36.494s), quienes completaron el podio en el segundo y tercer lugar.<\/p>\n<p>As\u00ed, <strong>Verstappen ampli\u00f3 su ventaja al frente del Campeonato Mundial con 177 puntos sobre su compa\u00f1ero de escuder\u00eda, el mexicano Sergio \u00abCheco\u00bb P\u00e9rez<\/strong>, \u00fanico en condiciones matem\u00e1ticas de pelearle la corona.<\/p>\n<p>El piloto azteca se vio obligado a abandonar en la vuelta 15 tras romper el aler\u00f3n de su monoplaza y fue una de las cinco deserciones del GP de Jap\u00f3n junto a Valtteri Bottas (Alfa Romeo), Lance Stroll (Aston Martin), Logan Sargeant (Williams) y Alexander Albon (Williams).<\/p>\n<p><figure class=\"mb-3\"><img decoding=\"async\" src=\"https:\/\/www.telam.com.ar\/thumbs\/bluesteel\/advf\/imagenes\/2023\/09\/64f4be5c16e5e.09.2023%20foto%20afp_1200.jpg\" class=\" lazy \" width=\"100%\" height=\"100%\" alt=\"FotoAFP\"\/><figcaption> Foto:AFP <\/figcaption><\/figure>\n<p>Verstappen gan\u00f3 de punta a punta, con un tiempo 1:30:58.421 en 53 giros, y puede coronarse el pr\u00f3ximo fin de semana en Qatar por tercer a\u00f1o consecutivo.<\/p>\n<p><strong>\u00abFue un fin de semana incre\u00edble en una temporada incre\u00edble. Ganar aqu\u00ed ha sido genial. El coche ha funcionado muy bien\u00bb<\/strong>, celebr\u00f3 tras partir desde la pole position en Suzuka.<\/p>\n<p>\u00abDespu\u00e9s de la salida ha sido todo bastante f\u00e1cil\u00bb, admiti\u00f3 el neerland\u00e9s, ganador por segunda vez en el trazado nip\u00f3n.<\/p>\n<p>Con 180 puntos disponibles en las seis carreras restantes, la ventaja de 177 puntos de Verstappen significa que s\u00f3lo necesita sumar tres puntos m\u00e1s antes de que termine la temporada para hacerse del t\u00edtulo.<\/p>\n<h2 class=\"\">Carrera en Qatar<\/h2>\n<p>La pr\u00f3xima carrera en Qatar ser\u00e1 la primera de dos fines de semana consecutivos con Sprint, por lo que \u00abMad Max\u00bb podr\u00eda definir la historia el s\u00e1bado pr\u00f3ximo en Lusail.<\/p>\n<p><figure class=\"mb-3\"><img decoding=\"async\" src=\"https:\/\/www.telam.com.ar\/thumbs\/bluesteel\/advf\/imagenes\/2023\/07\/64c679a0511e4_1200.jpg\" class=\" lazy \" width=\"100%\" height=\"100%\" alt=\"FotoAFP\"\/><figcaption> Foto:AFP <\/figcaption><\/figure>\n<p>A Verstappen le alcanzar\u00e1 con finalizar en el sexto lugar de la carrera corta en caso que sea ganada por \u00abCheco\u00bb P\u00e9rez o desinteresarse por el resultado si el mexicano finaliza del cuarto lugar hacia abajo.<\/p>\n<p>Las posiciones puntuables en Jap\u00f3n, entre el cuarto y d\u00e9cimo puesto, fueron para Charles Leclerc (Ferrari), Lewis Hamilton (Mercedes), Carlos Sainz (Ferrari) -ganador de la pasada fecha en Singapur-, George Russell (Mercedes), Fernando Alonso (Aston Martin), Esteban Ocon (Alpine) y Pierre Gasly (Alpine).<\/p>\n<p>Por su parte, Liam Lawson (AlphaTauri), el local Yuki Tsunoda (AlphaTauri), Zhou Guanyu (Alfa Romeo), Nico Hulkenberg (Haas) y Kevin Magnussen (Haas) no sumaron pero pudieron completar la prueba. <\/p>\n<\/div>\n<p><script async defer crossorigin=\"anonymous\" src=\"https:\/\/connect.facebook.net\/es_LA\/sdk.js#xfbml=1&#038;version=v12.0\" nonce=\"SBlHQzIF\"><\/script><br \/><a href=\"https:\/\/www.telam.com.ar\/notas\/202309\/641250-verstappen-japon.html\">source<\/a><\/p>\n","protected":false},"excerpt":{"rendered":"<p>Foto:AFP El neerland\u00e9s Max Verstappen (Red Bull), l\u00edder indiscutido de la F\u00f3rmula 1, qued\u00f3 a&#8230;<\/p>\n","protected":false},"author":3,"featured_media":10329,"comment_status":"closed","ping_status":"closed","sticky":false,"template":"","format":"standard","meta":{"footnotes":""},"categories":[21],"tags":[],"class_list":["post-10328","post","type-post","status-publish","format-standard","has-post-thumbnail","hentry","category-deportes"],"featured_image_urls":{"full":["https:\/\/fmamiga909.com.ar\/wp-content\/uploads\/2023\/09\/wp-header-logo-195.png",1200,675,false],"thumbnail":["https:\/\/fmamiga909.com.ar\/wp-content\/uploads\/2023\/09\/wp-header-logo-195-150x150.png",150,150,true],"medium":["https:\/\/fmamiga909.com.ar\/wp-content\/uploads\/2023\/09\/wp-header-logo-195-300x169.png",300,169,true],"medium_large":["https:\/\/fmamiga909.com.ar\/wp-content\/uploads\/2023\/09\/wp-header-logo-195.png",1200,675,false],"large":["https:\/\/fmamiga909.com.ar\/wp-content\/uploads\/2023\/09\/wp-header-logo-195-1024x576.png",640,360,true],"1536x1536":["https:\/\/fmamiga909.com.ar\/wp-content\/uploads\/2023\/09\/wp-header-logo-195.png",1200,675,false],"2048x2048":["https:\/\/fmamiga909.com.ar\/wp-content\/uploads\/2023\/09\/wp-header-logo-195.png",1200,675,false],"newsium-slider-full":["https:\/\/fmamiga909.com.ar\/wp-content\/uploads\/2023\/09\/wp-header-logo-195.png",1200,675,false],"newsium-featured":["https:\/\/fmamiga909.com.ar\/wp-content\/uploads\/2023\/09\/wp-header-logo-195-1024x576.png",1024,576,true],"newsium-medium":["https:\/\/fmamiga909.com.ar\/wp-content\/uploads\/2023\/09\/wp-header-logo-195-720x475.png",720,475,true]},"author_info":{"display_name":"Fredy Giuliano","author_link":"https:\/\/fmamiga909.com.ar\/?author=3"},"category_info":"<a href=\"https:\/\/fmamiga909.com.ar\/?cat=21\" rel=\"category\">Deportes<\/a>","tag_info":"Deportes","comment_count":"0","_links":{"self":[{"href":"https:\/\/fmamiga909.com.ar\/index.php?rest_route=\/wp\/v2\/posts\/10328","targetHints":{"allow":["GET"]}}],"collection":[{"href":"https:\/\/fmamiga909.com.ar\/index.php?rest_route=\/wp\/v2\/posts"}],"about":[{"href":"https:\/\/fmamiga909.com.ar\/index.php?rest_route=\/wp\/v2\/types\/post"}],"author":[{"embeddable":true,"href":"https:\/\/fmamiga909.com.ar\/index.php?rest_route=\/wp\/v2\/users\/3"}],"replies":[{"embeddable":true,"href":"https:\/\/fmamiga909.com.ar\/index.php?rest_route=%2Fwp%2Fv2%2Fcomments&post=10328"}],"version-history":[{"count":0,"href":"https:\/\/fmamiga909.com.ar\/index.php?rest_route=\/wp\/v2\/posts\/10328\/revisions"}],"wp:featuredmedia":[{"embeddable":true,"href":"https:\/\/fmamiga909.com.ar\/index.php?rest_route=\/wp\/v2\/media\/10329"}],"wp:attachment":[{"href":"https:\/\/fmamiga909.com.ar\/index.php?rest_route=%2Fwp%2Fv2%2Fmedia&parent=10328"}],"wp:term":[{"taxonomy":"category","embeddable":true,"href":"https:\/\/fmamiga909.com.ar\/index.php?rest_route=%2Fwp%2Fv2%2Fcategories&post=10328"},{"taxonomy":"post_tag","embeddable":true,"href":"https:\/\/fmamiga909.com.ar\/index.php?rest_route=%2Fwp%2Fv2%2Ftags&post=10328"}],"curies":[{"name":"wp","href":"https:\/\/api.w.org\/{rel}","templated":true}]}}