{"id":10336,"date":"2023-09-25T09:51:37","date_gmt":"2023-09-25T09:51:37","guid":{"rendered":"https:\/\/fmamiga909.com.ar\/?p=10336"},"modified":"2023-09-25T09:51:38","modified_gmt":"2023-09-25T09:51:38","slug":"debates-presidenciales-2023","status":"publish","type":"post","link":"https:\/\/fmamiga909.com.ar\/?p=10336","title":{"rendered":"Debates presidenciales 2023"},"content":{"rendered":"\n<h1 class=\"wp-block-heading\">Cu\u00e1les ser\u00e1n los ejes tem\u00e1ticos y c\u00f3mo se ubicar\u00e1 cada candidato en los atriles<\/h1>\n\n\n\n<h2 class=\"wp-block-heading\">Los ejes de debate ser\u00e1n 6. Econom\u00eda y educaci\u00f3n se desarrollar\u00e1n el 1 de octubre en Santiago del Estero.<\/h2>\n\n\n\n<h2 class=\"wp-block-heading\">Seguridad y trabajo y producci\u00f3n ser\u00e1n tratados el 8 de octubre en la Ciudad de Buenos Aires. Los otros 2 temas a debatir ser\u00e1n seleccionados entre el 14 y el 16 de septiembre en base al inter\u00e9s de la ciudadan\u00eda, entre varias opciones donde aparecen, por ejemplo, defensa, derechos humanos y convivencia democr\u00e1tica, y salud, entre otros.<\/h2>\n\n\n\n<p>El domingo 1 y 8 de octubre pr\u00f3ximo se llevar\u00e1n a cabo&nbsp;<a href=\"https:\/\/chequeado.com\/el-explicador\/debates-presidenciales-cuando-son-y-que-pasa-si-un-candidato-no-asiste\/\">los debates presidenciales<\/a>&nbsp;establecidos por la C\u00e1mara Nacional Electoral (CNE) de cara a las&nbsp;<a href=\"https:\/\/chequeado.com\/el-explicador\/elecciones-2023-estas-son-las-fechas-importantes-que-tenes-que-tener-en-cuenta\/\">Elecciones 2023<\/a>. All\u00ed participar\u00e1n los 5 candidatos presidenciales que superaron en las&nbsp;<a href=\"https:\/\/chequeado.com\/el-explicador\/elecciones-paso-2023-las-claves-sobre-los-votos-de-javier-milei-y-los-resultados-de-juntos-por-el-cambio-y-union-por-la-patria\/\">Elecciones Primarias, Abiertas, Simult\u00e1neas y Obligatorias (PASO) 2023<\/a>&nbsp;el piso del 1,5% de los votos necesarios para participar de las elecciones generales:&nbsp;<a href=\"https:\/\/chequeado.com\/personajes\/quien-es-javier-milei\/\">Javier Milei<\/a>&nbsp;(La Libertad Avanza),&nbsp;<a href=\"https:\/\/chequeado.com\/personajes\/quien-es-patricia-bullrich\/\">Patricia Bullrich<\/a>&nbsp;(Juntos por el Cambio),&nbsp;<a href=\"https:\/\/chequeado.com\/personajes\/quien-es-sergio-massa\/\">Sergio Massa<\/a>&nbsp;(Uni\u00f3n por la Patria),&nbsp;<a href=\"https:\/\/chequeado.com\/personajes\/quien-es-juan-schiaretti\/\">Juan Schiaretti<\/a>&nbsp;(Hacemos por Nuestro Pa\u00eds) y&nbsp;<a href=\"https:\/\/chequeado.com\/personajes\/quien-es-myriam-bregman\/\">Myriam Bregman<\/a>&nbsp;(Frente de Izquierda y de Trabajadores-Unidad). En esta nota te contamos cu\u00e1les ser\u00e1n los ejes tem\u00e1ticos de cada debate y cu\u00e1l ser\u00e1 el orden de los candidatos en cada fecha.<\/p>\n\n\n\n<h2 class=\"wp-block-heading\"><strong>Cu\u00e1les ser\u00e1n los ejes tem\u00e1ticos de cada debate presidencial 2023<\/strong><\/h2>\n\n\n\n<p>En la Sala de Acuerdos de la C\u00e1mara Nacional Electoral hoy se realiz\u00f3 la audiencia p\u00fablica destinada a suscribir el&nbsp;<a href=\"https:\/\/drive.google.com\/file\/d\/1A4ywp0DKsiJb_YhjY0MobbS-ypjkdWR-\/view?usp=sharing\" target=\"_blank\" rel=\"noreferrer noopener\">Reglamento del Debate 2023<\/a>&nbsp;que contiene las reglas para los debates entre los candidatos y las candidatas a presidente de la Naci\u00f3n que competir\u00e1n el 22 de octubre.&nbsp;<strong>Ser\u00e1n 6 los ejes de debate<\/strong>. Econom\u00eda y educaci\u00f3n se desarrollar\u00e1n el 1 de octubre en el Centro de Convenciones Provincial Forum, en la capital de Santiago del Estero. Seguridad y trabajo y producci\u00f3n ser\u00e1n tratados el 8 de octubre en el Sal\u00f3n de Actos de la Facultad de Derecho de la Universidad de Buenos Aires (UBA).&nbsp;<strong>Los otros 2 temas a debatir ser\u00e1n seleccionados en base al inter\u00e9s de la ciudadan\u00eda<\/strong>. El objetivo es, seg\u00fan la CNE, lograr una mayor participaci\u00f3n de la sociedad. Entre el 14 y el 16 de septiembre,&nbsp;<strong>la ciudadan\u00eda tuvo la opci\u00f3n de participar&nbsp;<\/strong><a href=\"https:\/\/docs.google.com\/forms\/d\/e\/1FAIpQLSc5ZyZaETWzDy55vJR6EWHCR_F1C68H_C0dWB71DWlXdHen3A\/viewform\" target=\"_blank\" rel=\"noreferrer noopener\"><strong>a trav\u00e9s de este formulario<\/strong><\/a><strong>&nbsp;en la elecci\u00f3n de los temas a debatir<\/strong>, en base a las siguientes opciones: defensa; derechos humanos y convivencia democr\u00e1tica; desarrollo humano, vivienda y protecci\u00f3n del ambiente; federalismo y desarrollo regional; justicia, instituciones y transparencia; relaciones de la Argentina con el mundo; y salud. El 18 de septiembre, se dieron a conocer<a href=\"https:\/\/debate.electoral.gob.ar\/2023\/index.php#temas\" target=\"_blank\" rel=\"noreferrer noopener\">&nbsp;los 2 ejes tem\u00e1ticos elegidos por la ciudadan\u00eda<\/a>. Para el primer debate, ser\u00e1 derechos humanos y convivencia democr\u00e1tica y para el segundo, desarrollo humano, vivienda y protecci\u00f3n del ambiente.<\/p>\n\n\n\n<h2 class=\"wp-block-heading\"><strong>C\u00f3mo se ubicar\u00e1 en los atriles cada candidato presidencial para las Elecciones de 2023<\/strong><\/h2>\n\n\n\n<p><strong>La ubicaci\u00f3n de cada candidato en los atriles<\/strong>, como as\u00ed tambi\u00e9n el orden en el tratamiento de cada eje tem\u00e1tico, en las gr\u00e1ficas y en la imagen conjunta en pantalla televisiva,\u00a0<a rel=\"noreferrer noopener\" href=\"https:\/\/www.youtube.com\/watch?v=-g2ij3n7smw\" target=\"_blank\"><strong>fueron sorteados<\/strong><\/a><strong>\u00a0por la CNE<\/strong>\u00a0frente a representantes de cada espacio pol\u00edtico. El domingo 1 de octubre, en el Centro de Convenciones Provincial Forum, en la ciudad capital de Santiago del Estero, el primero en ingresar al escenario ser\u00e1 Milei, seguido por Schiaretti, Bullrich, Massa y Bregman. <\/p>\n\n\n\n<p>El domingo 8 de octubre, en el Sal\u00f3n de Actos de la Facultad de Derecho de la UBA, el primero en ingresar al escenario tambi\u00e9n ser\u00e1 Milei, seguido por Massa, Bregman, Milei, Bullrich y Schiaretti. <\/p>\n\n\n\n<p>Para asegurar que haya alternancia en el orden de presentaci\u00f3n en la apertura del debate, en el orden de exposici\u00f3n de cada tema, y en el turno de pregunta y respuesta a otro candidato, la CNE determin\u00f3 que los roles entre los candidatos ir\u00e1n rotando a lo largo de los debates presidenciales. Es decir,\u00a0<strong>no siempre comenzar\u00e1 el mismo candidato; se ir\u00e1n alternando<\/strong>. Adem\u00e1s, para sumar dinamismo e interacci\u00f3n al debate,\u00a0<strong>habr\u00e1 derecho a r\u00e9plica<\/strong>\u00a0(5 por candidato\/a por debate) y preguntas cruzadas entre todas y todos los candidatos. La aparici\u00f3n de los candidatos y las candidatas en las gr\u00e1ficas para los debates presidenciales, desde la \u00f3ptica del espectador, ser\u00e1:<\/p>\n\n\n\n<figure class=\"wp-block-image size-large\"><img loading=\"lazy\" decoding=\"async\" width=\"1024\" height=\"497\" src=\"https:\/\/fmamiga909.com.ar\/wp-content\/uploads\/2023\/09\/debate-reverso2jpg-1024x497.webp\" alt=\"\" class=\"wp-image-10337\" srcset=\"https:\/\/fmamiga909.com.ar\/wp-content\/uploads\/2023\/09\/debate-reverso2jpg-1024x497.webp 1024w, https:\/\/fmamiga909.com.ar\/wp-content\/uploads\/2023\/09\/debate-reverso2jpg-300x146.webp 300w, https:\/\/fmamiga909.com.ar\/wp-content\/uploads\/2023\/09\/debate-reverso2jpg.webp 1200w\" sizes=\"auto, (max-width: 1024px) 100vw, 1024px\" \/><\/figure>\n\n\n\n<p>Para la\u00a0<a rel=\"noreferrer noopener\" href=\"https:\/\/debate.electoral.gob.ar\/2023\/index.php\" target=\"_blank\">C\u00e1mara Nacional Electoral<\/a>, \u201clos debates presidenciales tienen la finalidad de dar a conocer y debatir ante el electorado las plataformas electorales de los partidos, frentes o agrupaciones pol\u00edticas\u201d. Y agrega: \u201cEl Debate Presidencial\u00a0<strong>es un derecho de la ciudadan\u00eda que permite conocer en un mismo momento y en un mismo lugar las propuestas de aquellos que aspiran a ocupar la Presidencia de la Naci\u00f3n<\/strong>\u201d. Por su parte, Augusto Reina, polit\u00f3logo y director de Pulsar.UBA -un observatorio de la UBA especializado en el estudio de la opini\u00f3n p\u00fablica-\u00a0<a href=\"https:\/\/chequeado.com\/el-explicador\/debates-presidenciales-cuando-son-y-que-pasa-si-un-candidato-no-asiste\/\">explic\u00f3<\/a>\u00a0a\u00a0<strong>Chequeado<\/strong>\u00a0que los debates \u201campl\u00edan los niveles de conocimiento de los candidatos, particularmente para los menos conocidos\u201d. Por este motivo, \u201c<strong>los resultados m\u00e1s valiosos de los debates presidenciales no hay que buscarlos en la ganancia pol\u00edtica sino en el enriquecimiento de la sociedad<\/strong>\u201d. Actualizaci\u00f3n 18\/09\/2023: se actualiz\u00f3 esta nota luego de la elecci\u00f3n por parte de la ciudadan\u00eda de 2 nuevos ejes tem\u00e1ticos.<\/p>\n\n\n\n<p>Fuente: airedesantafe.com <\/p>\n","protected":false},"excerpt":{"rendered":"<p>Cu\u00e1les ser\u00e1n los ejes tem\u00e1ticos y c\u00f3mo se ubicar\u00e1 cada candidato en los atriles Los&#8230;<\/p>\n","protected":false},"author":3,"featured_media":10338,"comment_status":"closed","ping_status":"closed","sticky":false,"template":"","format":"standard","meta":{"footnotes":""},"categories":[20,3],"tags":[],"class_list":["post-10336","post","type-post","status-publish","format-standard","has-post-thumbnail","hentry","category-entrevistas","category-noticias"],"featured_image_urls":{"full":["https:\/\/fmamiga909.com.ar\/wp-content\/uploads\/2023\/09\/debate3jpg.webp",1200,675,false],"thumbnail":["https:\/\/fmamiga909.com.ar\/wp-content\/uploads\/2023\/09\/debate3jpg-150x150.webp",150,150,true],"medium":["https:\/\/fmamiga909.com.ar\/wp-content\/uploads\/2023\/09\/debate3jpg-300x169.webp",300,169,true],"medium_large":["https:\/\/fmamiga909.com.ar\/wp-content\/uploads\/2023\/09\/debate3jpg.webp",1200,675,false],"large":["https:\/\/fmamiga909.com.ar\/wp-content\/uploads\/2023\/09\/debate3jpg-1024x576.webp",640,360,true],"1536x1536":["https:\/\/fmamiga909.com.ar\/wp-content\/uploads\/2023\/09\/debate3jpg.webp",1200,675,false],"2048x2048":["https:\/\/fmamiga909.com.ar\/wp-content\/uploads\/2023\/09\/debate3jpg.webp",1200,675,false],"newsium-slider-full":["https:\/\/fmamiga909.com.ar\/wp-content\/uploads\/2023\/09\/debate3jpg.webp",1200,675,false],"newsium-featured":["https:\/\/fmamiga909.com.ar\/wp-content\/uploads\/2023\/09\/debate3jpg-1024x576.webp",1024,576,true],"newsium-medium":["https:\/\/fmamiga909.com.ar\/wp-content\/uploads\/2023\/09\/debate3jpg-720x475.webp",720,475,true]},"author_info":{"display_name":"Fredy Giuliano","author_link":"https:\/\/fmamiga909.com.ar\/?author=3"},"category_info":"<a href=\"https:\/\/fmamiga909.com.ar\/?cat=20\" rel=\"category\">Entrevistas<\/a> <a href=\"https:\/\/fmamiga909.com.ar\/?cat=3\" rel=\"category\">Noticias<\/a>","tag_info":"Noticias","comment_count":"0","_links":{"self":[{"href":"https:\/\/fmamiga909.com.ar\/index.php?rest_route=\/wp\/v2\/posts\/10336","targetHints":{"allow":["GET"]}}],"collection":[{"href":"https:\/\/fmamiga909.com.ar\/index.php?rest_route=\/wp\/v2\/posts"}],"about":[{"href":"https:\/\/fmamiga909.com.ar\/index.php?rest_route=\/wp\/v2\/types\/post"}],"author":[{"embeddable":true,"href":"https:\/\/fmamiga909.com.ar\/index.php?rest_route=\/wp\/v2\/users\/3"}],"replies":[{"embeddable":true,"href":"https:\/\/fmamiga909.com.ar\/index.php?rest_route=%2Fwp%2Fv2%2Fcomments&post=10336"}],"version-history":[{"count":1,"href":"https:\/\/fmamiga909.com.ar\/index.php?rest_route=\/wp\/v2\/posts\/10336\/revisions"}],"predecessor-version":[{"id":10339,"href":"https:\/\/fmamiga909.com.ar\/index.php?rest_route=\/wp\/v2\/posts\/10336\/revisions\/10339"}],"wp:featuredmedia":[{"embeddable":true,"href":"https:\/\/fmamiga909.com.ar\/index.php?rest_route=\/wp\/v2\/media\/10338"}],"wp:attachment":[{"href":"https:\/\/fmamiga909.com.ar\/index.php?rest_route=%2Fwp%2Fv2%2Fmedia&parent=10336"}],"wp:term":[{"taxonomy":"category","embeddable":true,"href":"https:\/\/fmamiga909.com.ar\/index.php?rest_route=%2Fwp%2Fv2%2Fcategories&post=10336"},{"taxonomy":"post_tag","embeddable":true,"href":"https:\/\/fmamiga909.com.ar\/index.php?rest_route=%2Fwp%2Fv2%2Ftags&post=10336"}],"curies":[{"name":"wp","href":"https:\/\/api.w.org\/{rel}","templated":true}]}}