{"id":10513,"date":"2023-09-30T05:03:41","date_gmt":"2023-09-30T05:03:41","guid":{"rendered":"https:\/\/fmamiga909.com.ar\/?p=10513"},"modified":"2023-09-30T05:03:41","modified_gmt":"2023-09-30T05:03:41","slug":"boca-hizo-un-gran-partido-fallo-en-ataque-e-igualo-ante-palmeiras","status":"publish","type":"post","link":"https:\/\/fmamiga909.com.ar\/?p=10513","title":{"rendered":"Boca hizo un gran partido, fall\u00f3 en ataque e igual\u00f3 ante Palmeiras"},"content":{"rendered":"<div>\n<figure class=\"mb-3\"><img decoding=\"async\" src=\"https:\/\/www.telam.com.ar\/thumbs\/bluesteel\/advf\/imagenes\/2023\/09\/65161daf867ff_1200.jpg\" class=\" lazy \" width=\"100%\" height=\"100%\" alt=\"Foto Osvaldo Fantn\"\/><figcaption> Foto: Osvaldo Fant\u00f3n <\/figcaption><\/figure>\n<p> \u00a0Boca Juniors igual\u00f3 0 a 0 ante Palmeiras este jueves por el partido de ida de una de las semifinales de la Copa Libertadores y ahora todo se definir\u00e1 en el desquite que se jugar\u00e1 el jueves pr\u00f3ximo en San Pablo.<\/p>\n<p>El \u00abxeneize\u00bb ten\u00eda la obligaci\u00f3n de ganar para poder ir con m\u00e1s tranquilidad a la revancha, pero m\u00e1s all\u00e1 de que fue superior y mereci\u00f3 haber ganado el encuentro, sigue sin poder cortar su racha de no poder vencer en la Bombonera, donde su \u00faltima victoria fue el 18 de agosto pasado ante Platense por 3 a 1, por la primera fecha de la Copa de la Liga.<\/p>\n<p>Esta vez mostr\u00f3 una mejor cara en lo futbol\u00edstico, pero le falt\u00f3 certeza para definir en el arco adversario esa superioridad.<\/p>\n<p>Los juveniles Valent\u00edn Barco y Ezequiel Fern\u00e1ndez, cada uno a su manera, fueron sus puntos m\u00e1s altos.<\/p>\n<p>Lo del \u00abColorado\u00bb ya dej\u00f3 de ser promesa para ser una grata realidad, mientras muchos se preguntan cual es su posici\u00f3n, si defensor, volante o extremo, \u00e9l sigue con su picard\u00eda con la pelota, su criterio al buscar al compa\u00f1ero mejor posicionado y su buena pegada para convertirse en el que marca la diferencia.<\/p>\n<p>En tanto \u00abEqui\u00bb apareci\u00f3 cuando su equipo m\u00e1s lo necesitaba, cuando en el momento que los volantes de los visitantes manejaban el medio se convirti\u00f3 en \u00abpatr\u00f3n\u00bb y salida teniendo de ladero a Guillermo \u00abPol\u00bb Fern\u00e1ndez, que sigue lejos de su nivel.<\/p>\n<p>El \u00abVerdao\u00bb, para muchos el rival m\u00e1s dif\u00edcil de la Copa, tuvo sus armas de siempre, ya que sin lujos sabe a lo que juega, presiona siempre en campo rival, aunque hoy mostr\u00f3 ciertas falencias defensivas cuando Boca lo atac\u00f3, especialmente en el final de la etapa inicial.<\/p>\n<p>En la primera parte Boca fue superior a Palmeiras y tuvo varias situaciones para ponerse en ventaja, pero una el arquero Weverton y otra por la mala punter\u00eda a la hora de definir, hicieron que la igualdad en cero castigara al que mejor hab\u00eda hecho las cosas.<\/p>\n<p>El juego fue de menor a mayor, y de entrada parec\u00eda el campo un gran tablero de ajedrez donde cada equipo mov\u00eda las piezas seg\u00fan lo que hac\u00eda el otro.<\/p>\n<p><figure class=\"mb-3\"><img decoding=\"async\" src=\"https:\/\/www.telam.com.ar\/thumbs\/bluesteel\/advf\/imagenes\/2023\/09\/65161dafa7a60_1200.jpg\" class=\" lazy \" width=\"100%\" height=\"100%\" alt=\"Foto Osvaldo Fantn\"\/><figcaption> Foto: Osvaldo Fant\u00f3n <\/figcaption><\/figure>\n<p>Despu\u00e9s de muchas versiones en lo previo, el entrenador Jorge Almir\u00f3n volvi\u00f3 a insistir con el doble cinco entre los dos Fern\u00e1ndez, con Cristian Medina m\u00e1s tirado por derecha y Barco m\u00e1s de interior o por izquierda, pero esta vez Edinson Cavani no estuvo solo y cont\u00f3 con Miguel Merentiel de ladero por ambos costados.<\/p>\n<p>Palmeiras no resalta por su juego atildado, ya que su mayor virtud es saber esperar y tratar de lastimar a donde m\u00e1s le duele al adversario.<\/p>\n<p>Se acopl\u00f3 bien en el medio con el t\u00e1ndem Ze Rafael, Menino y Raphael Veiga y lanzaba pelotazos a las espaldas de los defensores locales, y as\u00ed dos veces lo tuvo Rony, una termin\u00f3 con un remate apenas desviado y otra con un cabezazo arriba del travesa\u00f1o.<\/p>\n<p>Despu\u00e9s de los 25 minutos, los locales otra vez con el pibe Barco como su figura m\u00e1s desequilibrante y a medida que se impon\u00eda \u00abEqui\u00bb Fern\u00e1dez en el medio, con el \u00edmpetu necesario para este tipo de partidos, los locales tuvieron su mejor momento y las llegadas m\u00e1s claras.<\/p>\n<p>A los 15 minutos, un centro de Barco fue conectado de cabeza por Cavani apenas desviado.<\/p>\n<p>A los 29 minutos otro centro del \u00abColo\u00bb no pudo ser desviado en el \u00e1rea chica por el \u00abMatador\u00bb uruguayo y dos minutos despu\u00e9s Weverton le sac\u00f3 el gol a Merentiel y luego a Barco.<\/p>\n<p>Boca era m\u00e1s ante un Palmeiras que hab\u00eda atenuado su resistencia y parec\u00eda que Boca lo ten\u00eda cerca de las cuerdas.<\/p>\n<p>Pero a quien hab\u00eda sido mejor le falt\u00f3 el golpe de nocaut para establecer la justicia en el marcador que merec\u00eda.<\/p>\n<p>En el complemento los de Almir\u00f3n bajaron el ritmo y aunque volvieron a tener ocasiones para ponerse en ventaja, ya el dominio no era tan ostensible.<\/p>\n<p>A los 5 minutos a trav\u00e9s de Veiga, Palmeiras tuvo su situaci\u00f3n m\u00e1s clara pero su remate sali\u00f3 apenas alto.<\/p>\n<p><figure class=\"mb-3\"><img decoding=\"async\" src=\"https:\/\/www.telam.com.ar\/thumbs\/bluesteel\/advf\/imagenes\/2023\/09\/65161dafc8d08_1200.jpg\" class=\" lazy \" width=\"100%\" height=\"100%\" alt=\"Foto Osvaldo Fantn\"\/><figcaption> Foto: Osvaldo Fant\u00f3n <\/figcaption><\/figure>\n<p>Despu\u00e9s ingresaron Dar\u00edo Benedetto, Lucas Janson. Exequiel Zeballos, con lo que el t\u00e9cnico Almir\u00f3n tiro todo en cancha, pero ya no estaban ni Barco ni \u00abEqui\u00bb, y no era lo mismo.<\/p>\n<p>El final fue de tibios aplausos, con m\u00e1s desaz\u00f3n que esperanza, porque algunos rendimientos como el de Cavani, bien con la pelota, pero no acierta a la hora de convertir, y el de \u00abPol\u00bb, no estuvieron a la altura de las exigencias.<\/p>\n<p>Palmeiras se fue con el deber cumplido, el de no perder, y ahora la semana pr\u00f3xima la historia ser\u00e1 diferente y tendr\u00e1 que salir a ser protagonista, un rol que quiz\u00e1s le cuesta.<\/p>\n<p>Todo qued\u00f3 abierto, las chances de uno y del otro, el jueves ser\u00e1 la verdad y se sabr\u00e1 si hoy Boca perdi\u00f3 su oportunidad o consigue su objetivo en la b\u00fasqueda de su s\u00e9ptima Libertadores.<\/p>\n<p>Ahora se le viene de local el supercl\u00e1sico ante River el pr\u00f3ximo domingo desde las 14 por la s\u00e9ptima fecha de la Copa de la Liga Profesional, y despu\u00e9s la cabeza estar\u00e1 puesta en la revancha con Palmeiras por una de las semifinales de la Libertadores, el pr\u00f3ximo jueves en el Allianz Park, de San Pablo, desde las 21.30.<\/p>\n<p>El ganador de esta serie jugara ante el clasificado entre Internacional, de Porto Alegre y Fluminense, que igualaron 2 a 2 en el primer encuentro en R\u00edo de Janeiro. La final de la Copa ser\u00e1 el 4 de noviembre a las 17 en el estadio Maracan\u00e1.<br \/><iframe loading=\"lazy\" src=\"https:\/\/estdeportes.telam.com.ar\/html\/v3\/minapp\/modules\/futbol\/gamecast\/gamecast.html?channel=deportes.futbol.libertadores.648466&amp;lang=es_LA&amp;page=gamecast&amp;hidePagesMenu=true\" width=\"100%\" height=\"1150\" scrolling=\"auto\" style=\"width: 1px; min-width: 100%; *width: 100%;\" class=\"\"><\/iframe> <\/p>\n<\/div>\n<p><script async defer crossorigin=\"anonymous\" src=\"https:\/\/connect.facebook.net\/es_LA\/sdk.js#xfbml=1&#038;version=v12.0\" nonce=\"SBlHQzIF\"><\/script><br \/><a href=\"https:\/\/www.telam.com.ar\/notas\/202309\/641741-boca-palmeiras-empate-bombonera-futbol-copa-libertadores-marcos-rojo.html\">source<\/a><\/p>\n","protected":false},"excerpt":{"rendered":"<p>Foto: Osvaldo Fant\u00f3n \u00a0Boca Juniors igual\u00f3 0 a 0 ante Palmeiras este jueves por el&#8230;<\/p>\n","protected":false},"author":3,"featured_media":10514,"comment_status":"closed","ping_status":"closed","sticky":false,"template":"","format":"standard","meta":{"footnotes":""},"categories":[21],"tags":[],"class_list":["post-10513","post","type-post","status-publish","format-standard","has-post-thumbnail","hentry","category-deportes"],"featured_image_urls":{"full":["https:\/\/fmamiga909.com.ar\/wp-content\/uploads\/2023\/09\/wp-header-logo-241.png",1200,675,false],"thumbnail":["https:\/\/fmamiga909.com.ar\/wp-content\/uploads\/2023\/09\/wp-header-logo-241-150x150.png",150,150,true],"medium":["https:\/\/fmamiga909.com.ar\/wp-content\/uploads\/2023\/09\/wp-header-logo-241-300x169.png",300,169,true],"medium_large":["https:\/\/fmamiga909.com.ar\/wp-content\/uploads\/2023\/09\/wp-header-logo-241.png",1200,675,false],"large":["https:\/\/fmamiga909.com.ar\/wp-content\/uploads\/2023\/09\/wp-header-logo-241-1024x576.png",640,360,true],"1536x1536":["https:\/\/fmamiga909.com.ar\/wp-content\/uploads\/2023\/09\/wp-header-logo-241.png",1200,675,false],"2048x2048":["https:\/\/fmamiga909.com.ar\/wp-content\/uploads\/2023\/09\/wp-header-logo-241.png",1200,675,false],"newsium-slider-full":["https:\/\/fmamiga909.com.ar\/wp-content\/uploads\/2023\/09\/wp-header-logo-241.png",1200,675,false],"newsium-featured":["https:\/\/fmamiga909.com.ar\/wp-content\/uploads\/2023\/09\/wp-header-logo-241-1024x576.png",1024,576,true],"newsium-medium":["https:\/\/fmamiga909.com.ar\/wp-content\/uploads\/2023\/09\/wp-header-logo-241-720x475.png",720,475,true]},"author_info":{"display_name":"Fredy Giuliano","author_link":"https:\/\/fmamiga909.com.ar\/?author=3"},"category_info":"<a href=\"https:\/\/fmamiga909.com.ar\/?cat=21\" rel=\"category\">Deportes<\/a>","tag_info":"Deportes","comment_count":"0","_links":{"self":[{"href":"https:\/\/fmamiga909.com.ar\/index.php?rest_route=\/wp\/v2\/posts\/10513","targetHints":{"allow":["GET"]}}],"collection":[{"href":"https:\/\/fmamiga909.com.ar\/index.php?rest_route=\/wp\/v2\/posts"}],"about":[{"href":"https:\/\/fmamiga909.com.ar\/index.php?rest_route=\/wp\/v2\/types\/post"}],"author":[{"embeddable":true,"href":"https:\/\/fmamiga909.com.ar\/index.php?rest_route=\/wp\/v2\/users\/3"}],"replies":[{"embeddable":true,"href":"https:\/\/fmamiga909.com.ar\/index.php?rest_route=%2Fwp%2Fv2%2Fcomments&post=10513"}],"version-history":[{"count":0,"href":"https:\/\/fmamiga909.com.ar\/index.php?rest_route=\/wp\/v2\/posts\/10513\/revisions"}],"wp:featuredmedia":[{"embeddable":true,"href":"https:\/\/fmamiga909.com.ar\/index.php?rest_route=\/wp\/v2\/media\/10514"}],"wp:attachment":[{"href":"https:\/\/fmamiga909.com.ar\/index.php?rest_route=%2Fwp%2Fv2%2Fmedia&parent=10513"}],"wp:term":[{"taxonomy":"category","embeddable":true,"href":"https:\/\/fmamiga909.com.ar\/index.php?rest_route=%2Fwp%2Fv2%2Fcategories&post=10513"},{"taxonomy":"post_tag","embeddable":true,"href":"https:\/\/fmamiga909.com.ar\/index.php?rest_route=%2Fwp%2Fv2%2Ftags&post=10513"}],"curies":[{"name":"wp","href":"https:\/\/api.w.org\/{rel}","templated":true}]}}