{"id":10515,"date":"2023-09-30T07:05:18","date_gmt":"2023-09-30T07:05:18","guid":{"rendered":"https:\/\/fmamiga909.com.ar\/?p=10515"},"modified":"2023-09-30T07:05:18","modified_gmt":"2023-09-30T07:05:18","slug":"lisandro-martinez-se-lesiono-en-el-united-y-no-jugara-las-eliminatorias-para-argentina","status":"publish","type":"post","link":"https:\/\/fmamiga909.com.ar\/?p=10515","title":{"rendered":"Lisandro Mart\u00ednez se lesion\u00f3 en el United y no jugar\u00e1 las Eliminatorias para Argentina"},"content":{"rendered":"<div>\n<figure class=\"mb-3\"><img decoding=\"async\" src=\"https:\/\/www.telam.com.ar\/thumbs\/bluesteel\/advf\/imagenes\/2023\/02\/63e56e9e58c7a_1200.jpg\" class=\" lazy \" width=\"100%\" height=\"100%\" alt=\"Foto AFP\"\/><figcaption> Foto: AFP. <\/figcaption><\/figure>\n<p> El zaguero campe\u00f3n mundial Lisandro Mart\u00ednez, del Manchester United ingl\u00e9s, estar\u00e1 inactivo entre dos y tres meses a causa de una lesi\u00f3n en el pie derecho y se perder\u00e1 los dos partidos de las Eliminatorias Sudamericana que Argentina asumir\u00e1 el mes pr\u00f3ximo, ante Paraguay y Per\u00fa.<\/p>\n<p>En ese contexto, el United comunic\u00f3 este viernes oficialmente que Mart\u00ednez \u00absufri\u00f3 la lesi\u00f3n en el partido de la Premier League contra Arsenal a principios de este mes, y jug\u00f3 valientemente durante los dos partidos siguientes contra Brighton (Premier League) y Bayern M\u00fanich (Champions League)\u00bb.<\/p>\n<p><figure class=\"mb-3\"><img decoding=\"async\" src=\"https:\/\/www.telam.com.ar\/thumbs\/bluesteel\/advf\/imagenes\/2023\/07\/64aee5ce58e4b_1200.jpg\" class=\" lazy \" width=\"100%\" height=\"100%\" alt=\"Foto Tw ManUtd\"\/><figcaption> Foto: Tw @ManUtd. <\/figcaption><\/figure>\n<p>El problema de Mart\u00ednez surgi\u00f3 a ra\u00edz de la fractura en el quinto metatarsiano del pie derecho, lesi\u00f3n que sufri\u00f3 a mediados de abril en el partido ante Sevilla por los cuartos de final de la Europa League, y que culmin\u00f3 en una intervenci\u00f3n quir\u00fargica.<\/p>\n<p>Mart\u00ednez, ex Newell&#8217;s y Defensa y Justicia, fue citado por el entrenador Lionel Scaloni para la primera doble fecha de Eliminatorias ante Ecuador y Bolivia, y si bien no es oficial es un hecho que se perder\u00e1 los partidos ante Paraguay en Buenos Aires y Per\u00fa en Lima. <\/p>\n<\/div>\n<p><script async defer crossorigin=\"anonymous\" src=\"https:\/\/connect.facebook.net\/es_LA\/sdk.js#xfbml=1&#038;version=v12.0\" nonce=\"SBlHQzIF\"><\/script><br \/><a href=\"https:\/\/www.telam.com.ar\/notas\/202309\/641762-lisandro-martinez-lesion.html\">source<\/a><\/p>\n","protected":false},"excerpt":{"rendered":"<p>Foto: AFP. El zaguero campe\u00f3n mundial Lisandro Mart\u00ednez, del Manchester United ingl\u00e9s, estar\u00e1 inactivo entre&#8230;<\/p>\n","protected":false},"author":3,"featured_media":10516,"comment_status":"closed","ping_status":"closed","sticky":false,"template":"","format":"standard","meta":{"footnotes":""},"categories":[21],"tags":[],"class_list":["post-10515","post","type-post","status-publish","format-standard","has-post-thumbnail","hentry","category-deportes"],"featured_image_urls":{"full":["https:\/\/fmamiga909.com.ar\/wp-content\/uploads\/2023\/09\/wp-header-logo-242.png",1200,675,false],"thumbnail":["https:\/\/fmamiga909.com.ar\/wp-content\/uploads\/2023\/09\/wp-header-logo-242-150x150.png",150,150,true],"medium":["https:\/\/fmamiga909.com.ar\/wp-content\/uploads\/2023\/09\/wp-header-logo-242-300x169.png",300,169,true],"medium_large":["https:\/\/fmamiga909.com.ar\/wp-content\/uploads\/2023\/09\/wp-header-logo-242.png",1200,675,false],"large":["https:\/\/fmamiga909.com.ar\/wp-content\/uploads\/2023\/09\/wp-header-logo-242-1024x576.png",640,360,true],"1536x1536":["https:\/\/fmamiga909.com.ar\/wp-content\/uploads\/2023\/09\/wp-header-logo-242.png",1200,675,false],"2048x2048":["https:\/\/fmamiga909.com.ar\/wp-content\/uploads\/2023\/09\/wp-header-logo-242.png",1200,675,false],"newsium-slider-full":["https:\/\/fmamiga909.com.ar\/wp-content\/uploads\/2023\/09\/wp-header-logo-242.png",1200,675,false],"newsium-featured":["https:\/\/fmamiga909.com.ar\/wp-content\/uploads\/2023\/09\/wp-header-logo-242-1024x576.png",1024,576,true],"newsium-medium":["https:\/\/fmamiga909.com.ar\/wp-content\/uploads\/2023\/09\/wp-header-logo-242-720x475.png",720,475,true]},"author_info":{"display_name":"Fredy Giuliano","author_link":"https:\/\/fmamiga909.com.ar\/?author=3"},"category_info":"<a href=\"https:\/\/fmamiga909.com.ar\/?cat=21\" rel=\"category\">Deportes<\/a>","tag_info":"Deportes","comment_count":"0","_links":{"self":[{"href":"https:\/\/fmamiga909.com.ar\/index.php?rest_route=\/wp\/v2\/posts\/10515","targetHints":{"allow":["GET"]}}],"collection":[{"href":"https:\/\/fmamiga909.com.ar\/index.php?rest_route=\/wp\/v2\/posts"}],"about":[{"href":"https:\/\/fmamiga909.com.ar\/index.php?rest_route=\/wp\/v2\/types\/post"}],"author":[{"embeddable":true,"href":"https:\/\/fmamiga909.com.ar\/index.php?rest_route=\/wp\/v2\/users\/3"}],"replies":[{"embeddable":true,"href":"https:\/\/fmamiga909.com.ar\/index.php?rest_route=%2Fwp%2Fv2%2Fcomments&post=10515"}],"version-history":[{"count":0,"href":"https:\/\/fmamiga909.com.ar\/index.php?rest_route=\/wp\/v2\/posts\/10515\/revisions"}],"wp:featuredmedia":[{"embeddable":true,"href":"https:\/\/fmamiga909.com.ar\/index.php?rest_route=\/wp\/v2\/media\/10516"}],"wp:attachment":[{"href":"https:\/\/fmamiga909.com.ar\/index.php?rest_route=%2Fwp%2Fv2%2Fmedia&parent=10515"}],"wp:term":[{"taxonomy":"category","embeddable":true,"href":"https:\/\/fmamiga909.com.ar\/index.php?rest_route=%2Fwp%2Fv2%2Fcategories&post=10515"},{"taxonomy":"post_tag","embeddable":true,"href":"https:\/\/fmamiga909.com.ar\/index.php?rest_route=%2Fwp%2Fv2%2Ftags&post=10515"}],"curies":[{"name":"wp","href":"https:\/\/api.w.org\/{rel}","templated":true}]}}