{"id":10517,"date":"2023-09-30T11:10:16","date_gmt":"2023-09-30T11:10:16","guid":{"rendered":"https:\/\/fmamiga909.com.ar\/?p=10517"},"modified":"2023-09-30T11:10:16","modified_gmt":"2023-09-30T11:10:16","slug":"arsenal-y-defensa-juegan-un-clasico-sin-antecedentes","status":"publish","type":"post","link":"https:\/\/fmamiga909.com.ar\/?p=10517","title":{"rendered":"Arsenal y Defensa juegan un &quot;cl\u00e1sico&quot; sin antecedentes"},"content":{"rendered":"<div>\n<figure class=\"mb-3\"><img decoding=\"async\" src=\"https:\/\/www.telam.com.ar\/thumbs\/bluesteel\/advf\/imagenes\/2023\/09\/6516f5dcde3ab_1200.jpg\" class=\" lazy \" width=\"100%\" height=\"100%\" alt=\"Fotos Archivo Tlam\"\/><figcaption> Fotos: Archivo T\u00e9lam. <\/figcaption><\/figure>\n<p><strong>Arsenal, pr\u00e1cticamente condenado a perder la categor\u00eda<\/strong>, recibir\u00e1 este s\u00e1bado a <strong>Defensa y Justicia<\/strong>, que en la semana fue goleado en la Copa Sudamericana, en un \u00abcl\u00e1sico\u00bb que no es tradicional y forma parte de los interzonales por la s\u00e9ptima fecha de la Copa de la Liga.<\/p>\n<p>El partido se jugar\u00e1 en el estadio Julio Humberto Grondona, en Sarand\u00ed, este s\u00e1bado a partir de las 11, ser\u00e1 arbitrado por Franco Acita, con el VAR a cargo de Salom\u00e9 Di Iorio y televisado por ESPN Premium.<\/p>\n<p>El f\u00fatbol actual permite que de la noche a la ma\u00f1ana nazcan <strong>cl\u00e1sicos que no tienen ning\u00fan antecedente<\/strong> y este es uno de ellos. El primer cotejo entre ambos se celebr\u00f3 en 2014 y solo recibe el r\u00f3tulo de cl\u00e1sico por formar parte de uno de los interzonales de una Copa de la Liga.<\/p>\n<blockquote class=\"twitter-tweet\">\n<p lang=\"es\" dir=\"ltr\">Informaci\u00f3n sobre la venta y canje de entradas vs Defensa y Justicia ma\u00f1ana a las 11 hs \ud83c\udde8\ud83c\udde9\ud83c\udf9f\ufe0f\ud83c\udfdf\ufe0f<\/p>\n<p>\u26a0\ufe0fLas boleter\u00edas abrir\u00e1n a las 9 hs <a href=\"https:\/\/t.co\/h6CrRo89rT\">pic.twitter.com\/h6CrRo89rT<\/a><\/p>\n<p>\u2014 Arsenal F\u00fatbol Club (@ArsenalOficial) <a href=\"https:\/\/twitter.com\/ArsenalOficial\/status\/1707762475981042046?ref_src=twsrc%5Etfw\">September 29, 2023<\/a><\/p><\/blockquote>\n<p> Arsenal, \u00faltimo en la Zona A con tres puntos, est\u00e1 casi en el Nacional. <strong>El equipo de Sarand\u00ed es \u00faltimo en la tabla de promedios<\/strong>, con escasas chances matem\u00e1ticas de alcanzar a Sarmiento y Platense y depender\u00eda de ganar casi todo lo que resta y que a su vez Instituto de C\u00f3doba pierda la mayor\u00eda de sus partidos.<\/p>\n<p>Defensa suma nueve unidades en la Zona B pero <a href=\"https:\/\/www.telam.com.ar\/notas\/202309\/641419-futbol-copa-sudamericana-u-de-quito-ecuador-defensa-y-justicia-varela.html\" target=\"_blank\" rel=\"noopener\">recibi\u00f3 una duro traspi\u00e9 en el cotejo de ida de la semifinal de la Copa Sudamericana al caer 3-0 ante Liga Deportiva de Ecuador<\/a>, en Quito, quedando muy complicada su clasificaci\u00f3n para la final en Uruguay.<\/p>\n<p>El desquite se jugar\u00e1 el mi\u00e9rcoles pr\u00f3ximo en el estadio de Lan\u00fas y por ese motivo es probable que juegue con el equipo suplente que fue superado en Santiago del Estero por Central C\u00f3rdoba en la fecha anterior.<\/p>\n<p>En total solo jugaron 11 veces, con ventaja de Defensa de cinco triunfos contra tres del \u00abArse\u00bb y tres empates.<\/p>\n<p><iframe loading=\"lazy\" src=\"https:\/\/estdeportes.telam.com.ar\/html\/v3\/minapp\/modules\/futbol\/gamecast\/gamecast.html?channel=deportes.futbol.copalpf.643514&amp;lang=es_LA&amp;page=gamecast&amp;hidePagesMenu=true\" width=\"100%\" height=\"1150\" scrolling=\"auto\" style=\"width: 1px; min-width: 100%; *width: 100%;\" class=\"\"><\/iframe> <\/p>\n<\/div>\n<p><script async src=\"\/\/platform.twitter.com\/widgets.js\" charset=\"utf-8\"><\/script><script async defer crossorigin=\"anonymous\" src=\"https:\/\/connect.facebook.net\/es_LA\/sdk.js#xfbml=1&#038;version=v12.0\" nonce=\"SBlHQzIF\"><\/script><br \/><a href=\"https:\/\/www.telam.com.ar\/notas\/202309\/641786-arsenal-defensa-y-justicia-copa-de-la-liga.html\">source<\/a><\/p>\n","protected":false},"excerpt":{"rendered":"<p>Fotos: Archivo T\u00e9lam. Arsenal, pr\u00e1cticamente condenado a perder la categor\u00eda, recibir\u00e1 este s\u00e1bado a Defensa&#8230;<\/p>\n","protected":false},"author":3,"featured_media":10518,"comment_status":"closed","ping_status":"closed","sticky":false,"template":"","format":"standard","meta":{"footnotes":""},"categories":[21],"tags":[],"class_list":["post-10517","post","type-post","status-publish","format-standard","has-post-thumbnail","hentry","category-deportes"],"featured_image_urls":{"full":["https:\/\/fmamiga909.com.ar\/wp-content\/uploads\/2023\/09\/wp-header-logo-243.png",1200,675,false],"thumbnail":["https:\/\/fmamiga909.com.ar\/wp-content\/uploads\/2023\/09\/wp-header-logo-243-150x150.png",150,150,true],"medium":["https:\/\/fmamiga909.com.ar\/wp-content\/uploads\/2023\/09\/wp-header-logo-243-300x169.png",300,169,true],"medium_large":["https:\/\/fmamiga909.com.ar\/wp-content\/uploads\/2023\/09\/wp-header-logo-243.png",1200,675,false],"large":["https:\/\/fmamiga909.com.ar\/wp-content\/uploads\/2023\/09\/wp-header-logo-243-1024x576.png",640,360,true],"1536x1536":["https:\/\/fmamiga909.com.ar\/wp-content\/uploads\/2023\/09\/wp-header-logo-243.png",1200,675,false],"2048x2048":["https:\/\/fmamiga909.com.ar\/wp-content\/uploads\/2023\/09\/wp-header-logo-243.png",1200,675,false],"newsium-slider-full":["https:\/\/fmamiga909.com.ar\/wp-content\/uploads\/2023\/09\/wp-header-logo-243.png",1200,675,false],"newsium-featured":["https:\/\/fmamiga909.com.ar\/wp-content\/uploads\/2023\/09\/wp-header-logo-243-1024x576.png",1024,576,true],"newsium-medium":["https:\/\/fmamiga909.com.ar\/wp-content\/uploads\/2023\/09\/wp-header-logo-243-720x475.png",720,475,true]},"author_info":{"display_name":"Fredy Giuliano","author_link":"https:\/\/fmamiga909.com.ar\/?author=3"},"category_info":"<a href=\"https:\/\/fmamiga909.com.ar\/?cat=21\" rel=\"category\">Deportes<\/a>","tag_info":"Deportes","comment_count":"0","_links":{"self":[{"href":"https:\/\/fmamiga909.com.ar\/index.php?rest_route=\/wp\/v2\/posts\/10517","targetHints":{"allow":["GET"]}}],"collection":[{"href":"https:\/\/fmamiga909.com.ar\/index.php?rest_route=\/wp\/v2\/posts"}],"about":[{"href":"https:\/\/fmamiga909.com.ar\/index.php?rest_route=\/wp\/v2\/types\/post"}],"author":[{"embeddable":true,"href":"https:\/\/fmamiga909.com.ar\/index.php?rest_route=\/wp\/v2\/users\/3"}],"replies":[{"embeddable":true,"href":"https:\/\/fmamiga909.com.ar\/index.php?rest_route=%2Fwp%2Fv2%2Fcomments&post=10517"}],"version-history":[{"count":0,"href":"https:\/\/fmamiga909.com.ar\/index.php?rest_route=\/wp\/v2\/posts\/10517\/revisions"}],"wp:featuredmedia":[{"embeddable":true,"href":"https:\/\/fmamiga909.com.ar\/index.php?rest_route=\/wp\/v2\/media\/10518"}],"wp:attachment":[{"href":"https:\/\/fmamiga909.com.ar\/index.php?rest_route=%2Fwp%2Fv2%2Fmedia&parent=10517"}],"wp:term":[{"taxonomy":"category","embeddable":true,"href":"https:\/\/fmamiga909.com.ar\/index.php?rest_route=%2Fwp%2Fv2%2Fcategories&post=10517"},{"taxonomy":"post_tag","embeddable":true,"href":"https:\/\/fmamiga909.com.ar\/index.php?rest_route=%2Fwp%2Fv2%2Ftags&post=10517"}],"curies":[{"name":"wp","href":"https:\/\/api.w.org\/{rel}","templated":true}]}}