{"id":10521,"date":"2023-09-30T15:14:11","date_gmt":"2023-09-30T15:14:11","guid":{"rendered":"https:\/\/fmamiga909.com.ar\/?p=10521"},"modified":"2023-09-30T15:14:11","modified_gmt":"2023-09-30T15:14:11","slug":"banfield-recibe-a-lanus-en-el-clasico-del-sur","status":"publish","type":"post","link":"https:\/\/fmamiga909.com.ar\/?p=10521","title":{"rendered":"Banfield recibe a Lan\u00fas en el cl\u00e1sico del Sur"},"content":{"rendered":"<div>\n<figure class=\"mb-3\"><img decoding=\"async\" src=\"https:\/\/www.telam.com.ar\/thumbs\/bluesteel\/advf\/imagenes\/2023\/07\/64b46fd88a2ea_1200.jpg\" class=\" lazy \" width=\"100%\" height=\"100%\" alt=\"Foto Alfredo Luna archivo\"\/><figcaption> Foto: Alfredo Luna (archivo). <\/figcaption><\/figure>\n<p><strong>Banfield recibir\u00e1 este s\u00e1bado a Lan\u00fas en el cl\u00e1sico del sur <\/strong>del conturbado bonaerense, en la continuidad de la s\u00e9ptima fecha de la Copa de la Liga Profesional de F\u00fatbol (LPF).<\/p>\n<p>El encuentro se jugar\u00e1 desde las 21.30 en el estadio Florencio Sola, con arbitraje en campo de Nicol\u00e1s Ram\u00edrez y en el VAR de Germ\u00e1n Delfino.<\/p>\n<p>Banfield, que mira la parte del descenso en la tabla general, llegar\u00e1 con siete puntos en la zona A y Lan\u00fas con solamente tres unidades -sin victorias- en la zona B.<\/p>\n<p>En principio, el equipo de <strong>Julio C\u00e9sar Falcioni<\/strong> estar\u00eda en condiciones de mantener <a href=\"https:\/\/www.telam.com.ar\/notas\/202309\/641200-river-martin-demichelis-futbol-copa-de-la-liga-banfield-julio-falcioni.html\" target=\"_blank\" rel=\"noopener\">el mismo equipo que domin\u00f3 a River Plate<\/a> en la pasada jornada aunque termin\u00f3 empatando en uno.<\/p>\n<blockquote class=\"twitter-tweet\">\n<p lang=\"es\" dir=\"ltr\">Venta de entradas para el <a href=\"https:\/\/twitter.com\/hashtag\/Cl%C3%A1sicoDelSur?src=hash&amp;ref_src=twsrc%5Etfw\">#Cl\u00e1sicoDelSur<\/a><\/p>\n<p>\ud83d\udcf1 Venta online est\u00e1 disponible hasta el s\u00e1bado a las 21:30hs.<\/p>\n<p>\ud83c\udfdf\ufe0f Venta f\u00edsica en el estadio: S\u00e1bado de 14:30 a 19:30hs.<\/p>\n<p>\u27a1\ufe0f Plateas para Socios\/as a trav\u00e9s de <a href=\"https:\/\/t.co\/d9mIxN3J0T\">https:\/\/t.co\/d9mIxN3J0T<\/a><\/p>\n<p>\u27a1\ufe0f No socios\/as: <a href=\"https:\/\/t.co\/7FLw1xoIBm\">https:\/\/t.co\/7FLw1xoIBm<\/a><\/p>\n<p>\ud83c\uddf3\ud83c\uddec Socios\u2026 <a href=\"https:\/\/t.co\/V0wAaduBen\">pic.twitter.com\/V0wAaduBen<\/a><\/p>\n<p>\u2014 Club A. Banfield (@CAB_oficial) <a href=\"https:\/\/twitter.com\/CAB_oficial\/status\/1707560503130661015?ref_src=twsrc%5Etfw\">September 29, 2023<\/a><\/p><\/blockquote>\n<p> Es que m\u00e1s all\u00e1 de las salidas con sobrecargas musculares de Eric Remedi e Ignacio Rodr\u00edguez antes del final del partido, ambos mediocampistas se entrenaron con normalidad en los \u00faltimos d\u00edas.<\/p>\n<p>\u00abSon todas finales y hay que jugarlas como con River\u00bb, advirti\u00f3 Falcioni en la conferencia de prensa.<\/p>\n<p>Por su parte, Lan\u00fas, que lleva tres encuentros con el entrenador <strong>Sebasti\u00e1n Salom\u00f3n<\/strong> desde la partida de Frank Kudelka, le cuesta dar con un funcionamiento acorde a los nombres y al objetivo para clasificarse a una copa internacional -por ahora est\u00e1 en zona de Copa Sudamericana 2024-.<\/p>\n<p>La \u00fanica modificaci\u00f3n en principio pasar\u00eda por la entrada del colombiano Ra\u00fal Loaiza en el lugar del lesionado Lautaro Acosta.<\/p>\n<p>En Primera Divisi\u00f3n y en la era profesional, Banfield domina el historial con 34 victorias, 26 derrotas y 23 empates.<\/p>\n<p><iframe loading=\"lazy\" src=\"https:\/\/estdeportes.telam.com.ar\/html\/v3\/minapp\/modules\/futbol\/gamecast\/gamecast.html?channel=deportes.futbol.copalpf.643515&amp;lang=es_LA&amp;page=gamecast&amp;hidePagesMenu=true\" width=\"100%\" height=\"1150\" scrolling=\"auto\" style=\"width: 1px; min-width: 100%; *width: 100%;\" class=\"\"><\/iframe><\/p>\n<\/div>\n<p><script async src=\"\/\/platform.twitter.com\/widgets.js\" charset=\"utf-8\"><\/script><script async defer crossorigin=\"anonymous\" src=\"https:\/\/connect.facebook.net\/es_LA\/sdk.js#xfbml=1&#038;version=v12.0\" nonce=\"SBlHQzIF\"><\/script><br \/><a href=\"https:\/\/www.telam.com.ar\/notas\/202309\/641790-benfield-lanus-clasico-del-sur-copa-de-la-liga.html\">source<\/a><\/p>\n","protected":false},"excerpt":{"rendered":"<p>Foto: Alfredo Luna (archivo). Banfield recibir\u00e1 este s\u00e1bado a Lan\u00fas en el cl\u00e1sico del sur&#8230;<\/p>\n","protected":false},"author":3,"featured_media":10522,"comment_status":"closed","ping_status":"closed","sticky":false,"template":"","format":"standard","meta":{"footnotes":""},"categories":[21],"tags":[],"class_list":["post-10521","post","type-post","status-publish","format-standard","has-post-thumbnail","hentry","category-deportes"],"featured_image_urls":{"full":["https:\/\/fmamiga909.com.ar\/wp-content\/uploads\/2023\/09\/wp-header-logo-245.png",1200,675,false],"thumbnail":["https:\/\/fmamiga909.com.ar\/wp-content\/uploads\/2023\/09\/wp-header-logo-245-150x150.png",150,150,true],"medium":["https:\/\/fmamiga909.com.ar\/wp-content\/uploads\/2023\/09\/wp-header-logo-245-300x169.png",300,169,true],"medium_large":["https:\/\/fmamiga909.com.ar\/wp-content\/uploads\/2023\/09\/wp-header-logo-245.png",1200,675,false],"large":["https:\/\/fmamiga909.com.ar\/wp-content\/uploads\/2023\/09\/wp-header-logo-245-1024x576.png",640,360,true],"1536x1536":["https:\/\/fmamiga909.com.ar\/wp-content\/uploads\/2023\/09\/wp-header-logo-245.png",1200,675,false],"2048x2048":["https:\/\/fmamiga909.com.ar\/wp-content\/uploads\/2023\/09\/wp-header-logo-245.png",1200,675,false],"newsium-slider-full":["https:\/\/fmamiga909.com.ar\/wp-content\/uploads\/2023\/09\/wp-header-logo-245.png",1200,675,false],"newsium-featured":["https:\/\/fmamiga909.com.ar\/wp-content\/uploads\/2023\/09\/wp-header-logo-245-1024x576.png",1024,576,true],"newsium-medium":["https:\/\/fmamiga909.com.ar\/wp-content\/uploads\/2023\/09\/wp-header-logo-245-720x475.png",720,475,true]},"author_info":{"display_name":"Fredy Giuliano","author_link":"https:\/\/fmamiga909.com.ar\/?author=3"},"category_info":"<a href=\"https:\/\/fmamiga909.com.ar\/?cat=21\" rel=\"category\">Deportes<\/a>","tag_info":"Deportes","comment_count":"0","_links":{"self":[{"href":"https:\/\/fmamiga909.com.ar\/index.php?rest_route=\/wp\/v2\/posts\/10521","targetHints":{"allow":["GET"]}}],"collection":[{"href":"https:\/\/fmamiga909.com.ar\/index.php?rest_route=\/wp\/v2\/posts"}],"about":[{"href":"https:\/\/fmamiga909.com.ar\/index.php?rest_route=\/wp\/v2\/types\/post"}],"author":[{"embeddable":true,"href":"https:\/\/fmamiga909.com.ar\/index.php?rest_route=\/wp\/v2\/users\/3"}],"replies":[{"embeddable":true,"href":"https:\/\/fmamiga909.com.ar\/index.php?rest_route=%2Fwp%2Fv2%2Fcomments&post=10521"}],"version-history":[{"count":0,"href":"https:\/\/fmamiga909.com.ar\/index.php?rest_route=\/wp\/v2\/posts\/10521\/revisions"}],"wp:featuredmedia":[{"embeddable":true,"href":"https:\/\/fmamiga909.com.ar\/index.php?rest_route=\/wp\/v2\/media\/10522"}],"wp:attachment":[{"href":"https:\/\/fmamiga909.com.ar\/index.php?rest_route=%2Fwp%2Fv2%2Fmedia&parent=10521"}],"wp:term":[{"taxonomy":"category","embeddable":true,"href":"https:\/\/fmamiga909.com.ar\/index.php?rest_route=%2Fwp%2Fv2%2Fcategories&post=10521"},{"taxonomy":"post_tag","embeddable":true,"href":"https:\/\/fmamiga909.com.ar\/index.php?rest_route=%2Fwp%2Fv2%2Ftags&post=10521"}],"curies":[{"name":"wp","href":"https:\/\/api.w.org\/{rel}","templated":true}]}}