{"id":10529,"date":"2023-10-01T03:44:03","date_gmt":"2023-10-01T03:44:03","guid":{"rendered":"https:\/\/fmamiga909.com.ar\/?p=10529"},"modified":"2023-10-01T03:44:03","modified_gmt":"2023-10-01T03:44:03","slug":"un-casi-descendido-arsenal-le-gano-a-defensa-y-justicia","status":"publish","type":"post","link":"https:\/\/fmamiga909.com.ar\/?p=10529","title":{"rendered":"Un casi descendido Arsenal le gan\u00f3 a Defensa y Justicia"},"content":{"rendered":"<div>\n<figure class=\"mb-3\"><img decoding=\"async\" src=\"https:\/\/www.telam.com.ar\/thumbs\/bluesteel\/advf\/imagenes\/2023\/09\/651847f731f58_1200.jpg\" class=\" lazy \" width=\"100%\" height=\"100%\" alt=\"Foto Alejandro Santa Cruz\"\/><figcaption> Foto: Alejandro Santa Cruz. <\/figcaption><\/figure>\n<p> Arsenal, que puede convertirse en el primer descendido a la Primera Nacional en la fecha del pr\u00f3ximo fin de semana, super\u00f3 este s\u00e1bado a Defensa y Justicia por 1 a 0 como local, en la continuidad de la s\u00e9ptima fecha de la Copa de la Liga Profesional de F\u00fatbol (LPF).<\/p>\n<p>El \u00fanico tanto lo marc\u00f3 Juan Bautista Cejas, a los 52 minutos del primer tiempo, de penal.<\/p>\n<p>Arsenal lleg\u00f3 a los seis puntos en el campeonato -ocupa el \u00faltimo lugar en la tabla general y en los promedios- y descender\u00e1 en el caso de que Instituto saque cuatro puntos -no jug\u00f3 esta fecha a\u00fan-.<\/p>\n<p>Defensa y Justicia sufri\u00f3 una ca\u00edda que lo deja al l\u00edmite de los cuatro clasificados en la Zona B y podr\u00eda perder su lugar en la clasificaci\u00f3n a la pr\u00f3xima Libertadores si es que Boca gana el Supercl\u00e1sico frente a River.<\/p>\n<p><figure class=\"mb-3\"><img decoding=\"async\" src=\"https:\/\/www.telam.com.ar\/thumbs\/bluesteel\/advf\/imagenes\/2023\/09\/651847f74bfaa_1200.jpg\" class=\" lazy \" width=\"100%\" height=\"100%\" alt=\"Foto Alejandro Santa Cruz\"\/><figcaption> Foto: Alejandro Santa Cruz. <\/figcaption><\/figure>\n<p>Arsenal present\u00f3 las limitaciones futbol\u00edsticas que lo llevaron a estar pr\u00e1cticamente condenado al descenso -puede perder la categor\u00eda la pr\u00f3xima fecha- y apenas inquiet\u00f3 a Defensa y Justicia con un cabezazo de Joaqu\u00edn Pombo en el primer tramo del partido.<\/p>\n<p>Por su lado, Defensa y Justicia, que puso un mix entre titulares y suplentes pensando en la semifinal de vuelta con Liga de Quito por la Sudamericana, se lo not\u00f3 resentido desde lo f\u00edsico y perdi\u00f3 su velocidad habitual en las transiciones ofensivas.<\/p>\n<p>La peor noticia para el visitante se dio cuando el defensor Juli\u00e1n Malatini pidi\u00f3 el cambio por un dolor muscular y se sum\u00f3 a los lesionados Nicol\u00e1s \u00abUvita\u00bb Fern\u00e1ndez y Gabriel Alan\u00eds de cara a la vuelta contra los ecuatorianos, que est\u00e1n 3 a 0 arriba en la serie.<\/p>\n<p>La reacci\u00f3n del local reci\u00e9n apareci\u00f3 en el cierre de la etapa inicial aunque en las diferentes situaciones se choc\u00f3 con la figura de Enrique Bologna en el arco del \u00abHalc\u00f3n\u00bb.<\/p>\n<p>El premio para Arsenal lleg\u00f3 en el cierre luego de un penal de Dylan Gissi sobre Pombo, que Cejas remat\u00f3 con fuerza para cambiarlo por gol.<\/p>\n<p>En el complemento, Arsenal se orden\u00f3 en defensa, a pesar de los ingresos de los relevos en Defensa y Justicia como Gast\u00f3n Togni, Lucas Pratto y Nicol\u00e1s Tripicchio -tres titulares-, y sostuvo la ventaja.<\/p>\n<p>En la pr\u00f3xima fecha, Arsenal recibir\u00e1 a Banfield y Defensa visitar\u00e1 a Lan\u00fas.<\/p>\n<p><iframe loading=\"lazy\" src=\"https:\/\/estdeportes.telam.com.ar\/html\/v3\/minapp\/modules\/futbol\/gamecast\/gamecast.html?channel=deportes.futbol.copalpf.643514&amp;lang=es_LA&amp;page=gamecast&amp;hidePagesMenu=true\" width=\"100%\" height=\"1150\" scrolling=\"auto\" style=\"width: 1px; min-width: 100%; *width: 100%;\" class=\"\"><\/iframe><\/p>\n<\/div>\n<p><script async defer crossorigin=\"anonymous\" src=\"https:\/\/connect.facebook.net\/es_LA\/sdk.js#xfbml=1&#038;version=v12.0\" nonce=\"SBlHQzIF\"><\/script><br \/><a href=\"https:\/\/www.telam.com.ar\/notas\/202309\/641786-arsenal-defensa-y-justicia-copa-de-la-liga.html\">source<\/a><\/p>\n","protected":false},"excerpt":{"rendered":"<p>Foto: Alejandro Santa Cruz. Arsenal, que puede convertirse en el primer descendido a la Primera&#8230;<\/p>\n","protected":false},"author":3,"featured_media":10530,"comment_status":"closed","ping_status":"closed","sticky":false,"template":"","format":"standard","meta":{"footnotes":""},"categories":[21],"tags":[],"class_list":["post-10529","post","type-post","status-publish","format-standard","has-post-thumbnail","hentry","category-deportes"],"featured_image_urls":{"full":["https:\/\/fmamiga909.com.ar\/wp-content\/uploads\/2023\/10\/wp-header-logo-1.png",1200,675,false],"thumbnail":["https:\/\/fmamiga909.com.ar\/wp-content\/uploads\/2023\/10\/wp-header-logo-1-150x150.png",150,150,true],"medium":["https:\/\/fmamiga909.com.ar\/wp-content\/uploads\/2023\/10\/wp-header-logo-1-300x169.png",300,169,true],"medium_large":["https:\/\/fmamiga909.com.ar\/wp-content\/uploads\/2023\/10\/wp-header-logo-1.png",1200,675,false],"large":["https:\/\/fmamiga909.com.ar\/wp-content\/uploads\/2023\/10\/wp-header-logo-1-1024x576.png",640,360,true],"1536x1536":["https:\/\/fmamiga909.com.ar\/wp-content\/uploads\/2023\/10\/wp-header-logo-1.png",1200,675,false],"2048x2048":["https:\/\/fmamiga909.com.ar\/wp-content\/uploads\/2023\/10\/wp-header-logo-1.png",1200,675,false],"newsium-slider-full":["https:\/\/fmamiga909.com.ar\/wp-content\/uploads\/2023\/10\/wp-header-logo-1.png",1200,675,false],"newsium-featured":["https:\/\/fmamiga909.com.ar\/wp-content\/uploads\/2023\/10\/wp-header-logo-1-1024x576.png",1024,576,true],"newsium-medium":["https:\/\/fmamiga909.com.ar\/wp-content\/uploads\/2023\/10\/wp-header-logo-1-720x475.png",720,475,true]},"author_info":{"display_name":"Fredy Giuliano","author_link":"https:\/\/fmamiga909.com.ar\/?author=3"},"category_info":"<a href=\"https:\/\/fmamiga909.com.ar\/?cat=21\" rel=\"category\">Deportes<\/a>","tag_info":"Deportes","comment_count":"0","_links":{"self":[{"href":"https:\/\/fmamiga909.com.ar\/index.php?rest_route=\/wp\/v2\/posts\/10529","targetHints":{"allow":["GET"]}}],"collection":[{"href":"https:\/\/fmamiga909.com.ar\/index.php?rest_route=\/wp\/v2\/posts"}],"about":[{"href":"https:\/\/fmamiga909.com.ar\/index.php?rest_route=\/wp\/v2\/types\/post"}],"author":[{"embeddable":true,"href":"https:\/\/fmamiga909.com.ar\/index.php?rest_route=\/wp\/v2\/users\/3"}],"replies":[{"embeddable":true,"href":"https:\/\/fmamiga909.com.ar\/index.php?rest_route=%2Fwp%2Fv2%2Fcomments&post=10529"}],"version-history":[{"count":0,"href":"https:\/\/fmamiga909.com.ar\/index.php?rest_route=\/wp\/v2\/posts\/10529\/revisions"}],"wp:featuredmedia":[{"embeddable":true,"href":"https:\/\/fmamiga909.com.ar\/index.php?rest_route=\/wp\/v2\/media\/10530"}],"wp:attachment":[{"href":"https:\/\/fmamiga909.com.ar\/index.php?rest_route=%2Fwp%2Fv2%2Fmedia&parent=10529"}],"wp:term":[{"taxonomy":"category","embeddable":true,"href":"https:\/\/fmamiga909.com.ar\/index.php?rest_route=%2Fwp%2Fv2%2Fcategories&post=10529"},{"taxonomy":"post_tag","embeddable":true,"href":"https:\/\/fmamiga909.com.ar\/index.php?rest_route=%2Fwp%2Fv2%2Ftags&post=10529"}],"curies":[{"name":"wp","href":"https:\/\/api.w.org\/{rel}","templated":true}]}}