{"id":10533,"date":"2023-10-01T07:57:10","date_gmt":"2023-10-01T07:57:10","guid":{"rendered":"https:\/\/fmamiga909.com.ar\/?p=10533"},"modified":"2023-10-01T07:57:10","modified_gmt":"2023-10-01T07:57:10","slug":"san-lorenzo-lo-empato-sobre-la-hora-en-un-dramatico-clasico-ante-huracan","status":"publish","type":"post","link":"https:\/\/fmamiga909.com.ar\/?p=10533","title":{"rendered":"San Lorenzo lo empat\u00f3 sobre la hora en un dram\u00e1tico cl\u00e1sico ante Hurac\u00e1n"},"content":{"rendered":"<div>\n<figure class=\"mb-3\"><img decoding=\"async\" src=\"https:\/\/www.telam.com.ar\/thumbs\/bluesteel\/advf\/imagenes\/2023\/09\/651896f8d1bd3_1200.jpg\" class=\" lazy \" width=\"100%\" height=\"100%\" alt=\"Foto Ral Ferrari\"\/><figcaption> Foto: Ra\u00fal Ferrari. <\/figcaption><\/figure>\n<p><strong>San Lorenzo<\/strong>, con un jugador menos desde el inicio del segundo tiempo, le empat\u00f3 esta tarde el cl\u00e1sico barrial a <strong>Hurac\u00e1n<\/strong> por 1-1 con un penal en la \u00faltima jugada de <strong>un partido que tuvo de todo<\/strong>.<\/p>\n<p>El paraguayo <strong>Adam Bareiro<\/strong>, uno de los goleadores de la Copa de la Liga, hizo, de penal, el angustioso gol del empate a los 52 minutos del segundo tiempo, cuando el local jugaba con uno menos desde los 6m. por la expulsi\u00f3n de Gast\u00f3n Hern\u00e1ndez.<\/p>\n<blockquote class=\"twitter-tweet\">\n<p lang=\"es\" dir=\"ltr\">GOLAZO DEL GLOBO \ud83c\udf88<\/p>\n<p>Nacho Pussetto la clav\u00f3 contra un palo y anot\u00f3 el 1-0 de Hurac\u00e1n ante San Lorenzo<a href=\"https:\/\/twitter.com\/hashtag\/LPFxTNTSports?src=hash&amp;ref_src=twsrc%5Etfw\">#LPFxTNTSports<\/a> <a href=\"https:\/\/t.co\/WFrMhHxSIm\">pic.twitter.com\/WFrMhHxSIm<\/a><\/p>\n<p>\u2014 TNT Sports Argentina (@TNTSportsAR) <a href=\"https:\/\/twitter.com\/TNTSportsAR\/status\/1708216206132453876?ref_src=twsrc%5Etfw\">September 30, 2023<\/a><\/p><\/blockquote>\n<p> Hurac\u00e1n se hab\u00eda puesto en ventaja mediante el tanto de <strong>Ignacio Pussetto<\/strong>, a los 15 minutos del segundo tiempo, en este partido correspondiente a la s\u00e9ptima fecha.<\/p>\n<p>El propio exdelantero de Atl\u00e9tico de Rafaela tambi\u00e9n <strong>vio la tarjeta roja de parte del \u00e1rbitro Pablo Echavarr\u00eda<\/strong>, cuando ya hab\u00eda sido reemplazado por el DT Diego Mart\u00ednez.<\/p>\n<p><figure class=\"mb-3\"><img decoding=\"async\" src=\"https:\/\/www.telam.com.ar\/thumbs\/bluesteel\/advf\/imagenes\/2023\/09\/65188148471d2_1200.jpg\" class=\" lazy \" width=\"100%\" height=\"100%\" alt=\"Foto Ral Ferrari\"\/><figcaption> Foto: Ra\u00fal Ferrari. <\/figcaption><\/figure>\n<p>En un cl\u00e1sico emocionante, San Lorenzo consigui\u00f3 un nuevo empate, el quinto en fila, pero con un sabor especial, por haber sido de manera ag\u00f3nica y ante el cl\u00e1sico rival que saboreaba una victoria necesaria e hist\u00f3rica.<\/p>\n<p>El \u00abGlobo\u00bb se perjudic\u00f3 solo, ya que se tir\u00f3 muy atr\u00e1s con el jugador de m\u00e1s y la posterior ventaja a favor. El equipo de Parque Patricios se llev\u00f3 un empate que le puede llegar a servir en la lucha por la permanencia, pero que lamentar\u00e1 por c\u00f3mo dej\u00f3 escapar el triunfo.<\/p>\n<blockquote class=\"twitter-tweet\">\n<p lang=\"es\" dir=\"ltr\">LO EMPAT\u00d3 SAN LORENZO Y SE ARM\u00d3 \u26bd<\/p>\n<p>Adam Bareiro enga\u00f1\u00f3 a Lucas Chaves en el penal y puso el 1-1 del Cicl\u00f3n ante Hurac\u00e1n. En el festejo se agarraron entre los suplentes<a href=\"https:\/\/twitter.com\/hashtag\/LPFxTNTSports?src=hash&amp;ref_src=twsrc%5Etfw\">#LPFxTNTSports<\/a> <a href=\"https:\/\/t.co\/y08dIE9lrX\">pic.twitter.com\/y08dIE9lrX<\/a><\/p>\n<p>\u2014 TNT Sports Argentina (@TNTSportsAR) <a href=\"https:\/\/twitter.com\/TNTSportsAR\/status\/1708225636358042020?ref_src=twsrc%5Etfw\">September 30, 2023<\/a><\/p><\/blockquote>\n<p> El equipo &#8216;quemero&#8217; sigue en la parte alta de la zona A con 13 puntos, mientras que San Lorenzo suma 9 en el grupo B.<\/p>\n<p>El cl\u00e1sico porte\u00f1o ya arranc\u00f3 con pol\u00e9mica porque a los 4 minutos, Nahuel \u00abPerrito\u00bb Barrios recibi\u00f3 r\u00e1pido de un c\u00f3rner desde la izquierda y cuando tir\u00f3 el centro la pelota peg\u00f3 en la mano de Lucas Souto.<\/p>\n<p>El \u00e1rbitro Echavarr\u00eda, sin dudar, cobr\u00f3 penal pero recibi\u00f3 la llamada de Lucas Novelli desde el VAR y, tras chequear la maniobra durante tres minutos, decidi\u00f3 dar marcha atr\u00e1s con su primera decisi\u00f3n.<\/p>\n<p>El desarrollo no dio tregua en los primeros minutos ya que Hurac\u00e1n respondi\u00f3 r\u00e1pidamente, a los 11m., con un remate del uruguayo Mat\u00edas C\u00f3ccaro que se estrell\u00f3 en el travesa\u00f1o.<\/p>\n<p>Despu\u00e9s de esos cimbronazos, el partido se acomod\u00f3 como se preve\u00eda, con Hurac\u00e1n con una leve ventaja en la posesi\u00f3n y San Lorenzo a la espera de la salida r\u00e1pida por izquierda con Barrios y Malcom Braida.<\/p>\n<p><figure class=\"mb-3\"><img decoding=\"async\" src=\"https:\/\/www.telam.com.ar\/thumbs\/bluesteel\/advf\/imagenes\/2023\/09\/651881482b946_1200.jpg\" class=\" lazy \" width=\"100%\" height=\"100%\" alt=\"Foto Ral Ferrari\"\/><figcaption> Foto: Ra\u00fal Ferrari. <\/figcaption><\/figure>\n<p>La m\u00e1s clara del \u00abCicl\u00f3n\u00bb, sin embargo, lleg\u00f3 con un pelotazo largo desde Rafael P\u00e9rez a la espalda de Fernando Tobio para el paraguayo Bareiro, que qued\u00f3 mano a mano con Lucas Chaves, pero el arquero achic\u00f3 bien al primer palo.<\/p>\n<p>El resto del primer tiempo dej\u00f3 poco para destacar salvo por los constantes duelos del \u00abZorro\u00bb C\u00f3ccaro con la defensa local y hasta con el capit\u00e1n Augusto Batalla, quien le reclam\u00f3 al delantero una simulaci\u00f3n adentro del \u00e1rea y gener\u00f3 una discusi\u00f3n que le sac\u00f3 varios minutos de juego al partido.<\/p>\n<p>El t\u00e9cnico Ins\u00faa movi\u00f3 algunas fichas para la segunda parte con los ingresos de Carlos S\u00e1nchez e Iv\u00e1n Leguizam\u00f3n por Barrios y Girotti, respectivamente.<\/p>\n<p>A los 4 minutos, Leguizam\u00f3n, parado por la derecha, fue el primero que avis\u00f3 con un fuerte remate de zurda, desde afuera del \u00e1rea que sac\u00f3 Chaves al c\u00f3rner.<\/p>\n<p>En un buen momento del due\u00f1o de casa, Hern\u00e1ndez baj\u00f3 en el borde del \u00e1rea a C\u00f3ccaro, recibi\u00f3 la segunda amarilla y dej\u00f3 con uno menos al equipo azulgrana.<\/p>\n<p>Apenas unos minutos pasaron para que Hurac\u00e1n aproveche la ventaja num\u00e9rica, ya que a los 15m., Pussetto encontr\u00f3 una pelota suelta en el borde del \u00e1rea y con la pierna izquierda la coloc\u00f3 sobre la derecha de Batalla.<\/p>\n<p>Festejo y delirio para el delantero, de 27 a\u00f1os, que volvi\u00f3 al \u00abGlobo\u00bb para relanzar su carrera luego de un \u00faltimo a\u00f1o de sufrimiento y lesiones en Europa.<\/p>\n<p><figure class=\"mb-3\"><img decoding=\"async\" src=\"https:\/\/www.telam.com.ar\/thumbs\/bluesteel\/advf\/imagenes\/2023\/09\/651881480e980_1200.jpg\" class=\" lazy \" width=\"100%\" height=\"100%\" alt=\"Foto Ral Ferrari\"\/><figcaption> Foto: Ra\u00fal Ferrari. <\/figcaption><\/figure>\n<p>En cambio, bronca y desaz\u00f3n en San Lorenzo, que minutos antes justamente hab\u00eda reclamado la expulsi\u00f3n de Pussetto por una disputa a\u00e9rea con Giay.<\/p>\n<p>A\u00fan con uno menos, San Lorenzo fue en busca del empate e intent\u00f3 llevarse por delante a Hurac\u00e1n, que se tir\u00f3 anticipadamente atr\u00e1s y aprovech\u00f3 cada roce para hacer tiempo.<\/p>\n<p>A los 40 minutos, el elenco azulgrana tuvo el empate en los pies de Bareiro que anticip\u00f3 con la punta del bot\u00edn a la defensa de Hurac\u00e1n, pero la pelota se fue apenas desviada.<\/p>\n<p>Los nueve minutos de adici\u00f3n que otorg\u00f3 Echavarr\u00eda fueron demasiado largos para la visita, que nunca supo aprovechar el jugador de m\u00e1s y termin\u00f3 lamentando una falta inocente de Franco Alfonso.<\/p>\n<p>Bareiro se hizo cargo del penal caliente y, con calidad, marc\u00f3 el 1-1 que desat\u00f3 la euforia y el festejo de los miles de hinchas que colmaron el estadio para vibrar con una nueva edici\u00f3n del cl\u00e1sico barrial.<\/p>\n<p>San Lorenzo, de manera heroica, festej\u00f3 merecidamente el empate que quiz\u00e1s no le sirva para sus pretensiones, pero le permiti\u00f3 extender una larga racha de imbatibilidad ante su cl\u00e1sico rival en casa.<br \/><iframe loading=\"lazy\" src=\"https:\/\/estdeportes.telam.com.ar\/html\/v3\/minapp\/modules\/futbol\/gamecast\/gamecast.html?channel=deportes.futbol.copalpf.643506&amp;lang=es_LA&amp;page=gamecast&amp;hidePagesMenu=true\" width=\"100%\" height=\"1150\" scrolling=\"auto\" style=\"width: 1px; min-width: 100%; *width: 100%;\" class=\"\"><\/iframe><\/p>\n<\/div>\n<p><script async src=\"\/\/platform.twitter.com\/widgets.js\" charset=\"utf-8\"><\/script><script async defer crossorigin=\"anonymous\" src=\"https:\/\/connect.facebook.net\/es_LA\/sdk.js#xfbml=1&#038;version=v12.0\" nonce=\"SBlHQzIF\"><\/script><br \/><a href=\"https:\/\/www.telam.com.ar\/notas\/202309\/641783-san-lorenzo-huracan-clasico-copa-de-la-liga.html\">source<\/a><\/p>\n","protected":false},"excerpt":{"rendered":"<p>Foto: Ra\u00fal Ferrari. San Lorenzo, con un jugador menos desde el inicio del segundo tiempo,&#8230;<\/p>\n","protected":false},"author":3,"featured_media":10534,"comment_status":"closed","ping_status":"closed","sticky":false,"template":"","format":"standard","meta":{"footnotes":""},"categories":[21],"tags":[],"class_list":["post-10533","post","type-post","status-publish","format-standard","has-post-thumbnail","hentry","category-deportes"],"featured_image_urls":{"full":["https:\/\/fmamiga909.com.ar\/wp-content\/uploads\/2023\/10\/wp-header-logo-3.png",1200,675,false],"thumbnail":["https:\/\/fmamiga909.com.ar\/wp-content\/uploads\/2023\/10\/wp-header-logo-3-150x150.png",150,150,true],"medium":["https:\/\/fmamiga909.com.ar\/wp-content\/uploads\/2023\/10\/wp-header-logo-3-300x169.png",300,169,true],"medium_large":["https:\/\/fmamiga909.com.ar\/wp-content\/uploads\/2023\/10\/wp-header-logo-3.png",1200,675,false],"large":["https:\/\/fmamiga909.com.ar\/wp-content\/uploads\/2023\/10\/wp-header-logo-3-1024x576.png",640,360,true],"1536x1536":["https:\/\/fmamiga909.com.ar\/wp-content\/uploads\/2023\/10\/wp-header-logo-3.png",1200,675,false],"2048x2048":["https:\/\/fmamiga909.com.ar\/wp-content\/uploads\/2023\/10\/wp-header-logo-3.png",1200,675,false],"newsium-slider-full":["https:\/\/fmamiga909.com.ar\/wp-content\/uploads\/2023\/10\/wp-header-logo-3.png",1200,675,false],"newsium-featured":["https:\/\/fmamiga909.com.ar\/wp-content\/uploads\/2023\/10\/wp-header-logo-3-1024x576.png",1024,576,true],"newsium-medium":["https:\/\/fmamiga909.com.ar\/wp-content\/uploads\/2023\/10\/wp-header-logo-3-720x475.png",720,475,true]},"author_info":{"display_name":"Fredy Giuliano","author_link":"https:\/\/fmamiga909.com.ar\/?author=3"},"category_info":"<a href=\"https:\/\/fmamiga909.com.ar\/?cat=21\" rel=\"category\">Deportes<\/a>","tag_info":"Deportes","comment_count":"0","_links":{"self":[{"href":"https:\/\/fmamiga909.com.ar\/index.php?rest_route=\/wp\/v2\/posts\/10533","targetHints":{"allow":["GET"]}}],"collection":[{"href":"https:\/\/fmamiga909.com.ar\/index.php?rest_route=\/wp\/v2\/posts"}],"about":[{"href":"https:\/\/fmamiga909.com.ar\/index.php?rest_route=\/wp\/v2\/types\/post"}],"author":[{"embeddable":true,"href":"https:\/\/fmamiga909.com.ar\/index.php?rest_route=\/wp\/v2\/users\/3"}],"replies":[{"embeddable":true,"href":"https:\/\/fmamiga909.com.ar\/index.php?rest_route=%2Fwp%2Fv2%2Fcomments&post=10533"}],"version-history":[{"count":0,"href":"https:\/\/fmamiga909.com.ar\/index.php?rest_route=\/wp\/v2\/posts\/10533\/revisions"}],"wp:featuredmedia":[{"embeddable":true,"href":"https:\/\/fmamiga909.com.ar\/index.php?rest_route=\/wp\/v2\/media\/10534"}],"wp:attachment":[{"href":"https:\/\/fmamiga909.com.ar\/index.php?rest_route=%2Fwp%2Fv2%2Fmedia&parent=10533"}],"wp:term":[{"taxonomy":"category","embeddable":true,"href":"https:\/\/fmamiga909.com.ar\/index.php?rest_route=%2Fwp%2Fv2%2Fcategories&post=10533"},{"taxonomy":"post_tag","embeddable":true,"href":"https:\/\/fmamiga909.com.ar\/index.php?rest_route=%2Fwp%2Fv2%2Ftags&post=10533"}],"curies":[{"name":"wp","href":"https:\/\/api.w.org\/{rel}","templated":true}]}}