{"id":10535,"date":"2023-10-01T09:57:12","date_gmt":"2023-10-01T09:57:12","guid":{"rendered":"https:\/\/fmamiga909.com.ar\/?p=10535"},"modified":"2023-10-01T09:57:12","modified_gmt":"2023-10-01T09:57:12","slug":"una-hincha-de-central-fue-asesinada-a-piedrazos-despues-del-clasico","status":"publish","type":"post","link":"https:\/\/fmamiga909.com.ar\/?p=10535","title":{"rendered":"Una hincha de Central fue asesinada a piedrazos despu\u00e9s del cl\u00e1sico"},"content":{"rendered":"<div>\n<figure class=\"mb-3\"><img decoding=\"async\" src=\"https:\/\/www.telam.com.ar\/thumbs\/bluesteel\/advf\/imagenes\/2023\/09\/6518a922afcc9_1200.jpg\" class=\" lazy \" width=\"100%\" height=\"100%\" alt=\"Foto Sebastin Granata\"\/><figcaption> Foto: Sebasti\u00e1n Granata <\/figcaption><\/figure>\n<p><strong>Una hincha de Rosario Central, de 32 a\u00f1os, fue asesinada a piedrazos en la tarde de este s\u00e1bado por simpatizantes de Newell&#8217;s<\/strong> cuando festejaba el triunfo de su equipo en el macrocentro rosarino, en una zona cercana al estadio Coloso Bielsa del Parque Independencia de Rosario, informaron esta noche fuentes policiales.<\/p>\n<p>La hincha \u00abcanalla\u00bb circulaba a las 19:30 en una moto como acompa\u00f1ante de su pareja cuando fueron atacados a piedrazos en Ovidio Lagos y avenida Pellegrini por al menos tres sospechosos, luego detenidos por la brigada motorizada.<\/p>\n<p><figure class=\"mb-3\"><img decoding=\"async\" src=\"https:\/\/www.telam.com.ar\/thumbs\/bluesteel\/advf\/imagenes\/2023\/09\/6518ce765b691_1200.jpg\" class=\" lazy \" width=\"100%\" height=\"100%\" alt=\"Foto Imagen Street View\"\/><figcaption> Foto: Imagen Street View. <\/figcaption><\/figure>\n<p>Seg\u00fan informaci\u00f3n preliminar de la polic\u00eda, la v\u00edctima circulaba en motocicleta junto a su pareja por Ovidio Lagos, rumbo al sur, cuando fueron agredidos en circunstancias que todav\u00eda no est\u00e1n claras, a ra\u00edz de las cuales recibi\u00f3 un golpe en el cr\u00e1neo, cay\u00f3 al suelo y falleci\u00f3 en el acto.<\/p>\n<p><strong>En la escena del crimen la polic\u00eda secuestr\u00f3 piedras que habr\u00edan sido utilizadas por los agresores.<\/strong><\/p>\n<p>El ministro de Seguridad de la provincia de Santa Fe, Claudio Brilloni, arrib\u00f3 r\u00e1pidamente al lugar, luego de supervisar el operativo del cl\u00e1sico en las inmediaciones del Gigante de Arroyito.<\/p>\n<p>Por su parte, hinchas de Central protagonizaron destrozos y rotura de vidrieras en algunos comercios del barrio Arroyito, en el marco de los festejos por la victoria \u00abauriazul\u00bb 1 a 0 sobre Newell&#8217;s.<\/p>\n<\/div>\n<p><script async defer crossorigin=\"anonymous\" src=\"https:\/\/connect.facebook.net\/es_LA\/sdk.js#xfbml=1&#038;version=v12.0\" nonce=\"SBlHQzIF\"><\/script><br \/><a href=\"https:\/\/www.telam.com.ar\/notas\/202309\/641914-hincha-rosario-central-asesinada.html\">source<\/a><\/p>\n","protected":false},"excerpt":{"rendered":"<p>Foto: Sebasti\u00e1n Granata Una hincha de Rosario Central, de 32 a\u00f1os, fue asesinada a piedrazos&#8230;<\/p>\n","protected":false},"author":3,"featured_media":10536,"comment_status":"closed","ping_status":"closed","sticky":false,"template":"","format":"standard","meta":{"footnotes":""},"categories":[21],"tags":[],"class_list":["post-10535","post","type-post","status-publish","format-standard","has-post-thumbnail","hentry","category-deportes"],"featured_image_urls":{"full":["https:\/\/fmamiga909.com.ar\/wp-content\/uploads\/2023\/10\/wp-header-logo-4.png",1200,675,false],"thumbnail":["https:\/\/fmamiga909.com.ar\/wp-content\/uploads\/2023\/10\/wp-header-logo-4-150x150.png",150,150,true],"medium":["https:\/\/fmamiga909.com.ar\/wp-content\/uploads\/2023\/10\/wp-header-logo-4-300x169.png",300,169,true],"medium_large":["https:\/\/fmamiga909.com.ar\/wp-content\/uploads\/2023\/10\/wp-header-logo-4.png",1200,675,false],"large":["https:\/\/fmamiga909.com.ar\/wp-content\/uploads\/2023\/10\/wp-header-logo-4-1024x576.png",640,360,true],"1536x1536":["https:\/\/fmamiga909.com.ar\/wp-content\/uploads\/2023\/10\/wp-header-logo-4.png",1200,675,false],"2048x2048":["https:\/\/fmamiga909.com.ar\/wp-content\/uploads\/2023\/10\/wp-header-logo-4.png",1200,675,false],"newsium-slider-full":["https:\/\/fmamiga909.com.ar\/wp-content\/uploads\/2023\/10\/wp-header-logo-4.png",1200,675,false],"newsium-featured":["https:\/\/fmamiga909.com.ar\/wp-content\/uploads\/2023\/10\/wp-header-logo-4-1024x576.png",1024,576,true],"newsium-medium":["https:\/\/fmamiga909.com.ar\/wp-content\/uploads\/2023\/10\/wp-header-logo-4-720x475.png",720,475,true]},"author_info":{"display_name":"Fredy Giuliano","author_link":"https:\/\/fmamiga909.com.ar\/?author=3"},"category_info":"<a href=\"https:\/\/fmamiga909.com.ar\/?cat=21\" rel=\"category\">Deportes<\/a>","tag_info":"Deportes","comment_count":"0","_links":{"self":[{"href":"https:\/\/fmamiga909.com.ar\/index.php?rest_route=\/wp\/v2\/posts\/10535","targetHints":{"allow":["GET"]}}],"collection":[{"href":"https:\/\/fmamiga909.com.ar\/index.php?rest_route=\/wp\/v2\/posts"}],"about":[{"href":"https:\/\/fmamiga909.com.ar\/index.php?rest_route=\/wp\/v2\/types\/post"}],"author":[{"embeddable":true,"href":"https:\/\/fmamiga909.com.ar\/index.php?rest_route=\/wp\/v2\/users\/3"}],"replies":[{"embeddable":true,"href":"https:\/\/fmamiga909.com.ar\/index.php?rest_route=%2Fwp%2Fv2%2Fcomments&post=10535"}],"version-history":[{"count":0,"href":"https:\/\/fmamiga909.com.ar\/index.php?rest_route=\/wp\/v2\/posts\/10535\/revisions"}],"wp:featuredmedia":[{"embeddable":true,"href":"https:\/\/fmamiga909.com.ar\/index.php?rest_route=\/wp\/v2\/media\/10536"}],"wp:attachment":[{"href":"https:\/\/fmamiga909.com.ar\/index.php?rest_route=%2Fwp%2Fv2%2Fmedia&parent=10535"}],"wp:term":[{"taxonomy":"category","embeddable":true,"href":"https:\/\/fmamiga909.com.ar\/index.php?rest_route=%2Fwp%2Fv2%2Fcategories&post=10535"},{"taxonomy":"post_tag","embeddable":true,"href":"https:\/\/fmamiga909.com.ar\/index.php?rest_route=%2Fwp%2Fv2%2Ftags&post=10535"}],"curies":[{"name":"wp","href":"https:\/\/api.w.org\/{rel}","templated":true}]}}