{"id":10549,"date":"2023-10-02T09:50:50","date_gmt":"2023-10-02T09:50:50","guid":{"rendered":"https:\/\/fmamiga909.com.ar\/?p=10549"},"modified":"2023-10-02T09:50:50","modified_gmt":"2023-10-02T09:50:50","slug":"jorge-almiron-es-un-golpe-fuerte-pero-ya-pensamos-en-el-jueves","status":"publish","type":"post","link":"https:\/\/fmamiga909.com.ar\/?p=10549","title":{"rendered":"Jorge Almir\u00f3n: &quot;Es un golpe fuerte pero ya pensamos en el jueves&quot;"},"content":{"rendered":"<div>\n<figure class=\"mb-3\"><img decoding=\"async\" src=\"https:\/\/www.telam.com.ar\/thumbs\/bluesteel\/advf\/imagenes\/2023\/10\/6519b14e02a6e.10.2023%20almiron%20foto%20alfredo%20luna_1200.jpg\" class=\" lazy \" width=\"100%\" height=\"100%\" alt=\"Foto Alfredo Luna \"\/><figcaption> Foto Alfredo Luna. <\/figcaption><\/figure>\n<p> El entrenador de Boca Juniors, Jorge Almir\u00f3n, se refiri\u00f3 a la ca\u00edda ante River Plate por 2 a 0 en el Supercl\u00e1sico por la s\u00e9ptima fecha de la Copa de la Liga y afirm\u00f3 que \u00abduele la derrota. Es un cl\u00e1sico, hay que superar este golpe porque el jueves ante Palmeiras nos jugamos todo\u00bb.<\/p>\n<p>\u00abMe jugu\u00e9 con un equipo m\u00e1s fresco, ya que si hubiesen jugado los titulares quiz\u00e1s hubi\u00e9semos perdido igual. En el segundo tuvimos las posibilidades y no se pudo dar\u00bb, indic\u00f3 el DT de Boca.<\/p>\n<p>Almir\u00f3n se quej\u00f3 por la designaci\u00f3n del juez del partido Andr\u00e9s Merlos y coment\u00f3: \u00abVen\u00edamos con antecedentes en su cancha en el torneo pasado. El \u00e1rbitro sali\u00f3 en la semana en fotos con la camiseta de River. En las jugadas a veces nos desfavorecen y duele\u00bb.<\/p>\n<p>\u00abEs muy dif\u00edcil cuando sale en todos lados que el \u00e1rbitro es de River. Fue foul previo al primer gol y despu\u00e9s <strong>el gol anulado de (Edinson) Cavani fue dudoso. Yo me hago cargo igualmente la derrota. <\/strong>Pero como en la cancha de River, el \u00e1rbitro nos volvi\u00f3 a perjudicar\u00bb, a\u00f1adi\u00f3.<\/p>\n<p>Finalmente, el entrenador \u00abXeneize\u00bb puntualiz\u00f3: \u00abquedamos con mucha bronca y las manos vac\u00edas por el desgaste que se hizo\u00bb.<\/p>\n<p>Boca volver\u00e1 a los entrenamientos el lunes a las 10 en el predio de Ezeiza.<\/p>\n<p>El martes lo har\u00e1 en el mismo sitio, ambas pr\u00e1cticas ser\u00e1n en c\u00e9sped sint\u00e9tico para adaptarse al campo del Allianz Park del Palmeiras.<\/p>\n<p>El martes despu\u00e9s de almorzar el plantel viajar\u00e1 rumbo a San Pablo.<\/p>\n<p>El jueves a las 21.30 Boca enfrentar\u00e1 a Palmeiras por la revancha de la serie de semifinales de la Copa Conmebol Libertadores de Am\u00e9rica. <\/p>\n<\/div>\n<p><script async defer crossorigin=\"anonymous\" src=\"https:\/\/connect.facebook.net\/es_LA\/sdk.js#xfbml=1&#038;version=v12.0\" nonce=\"SBlHQzIF\"><\/script><br \/><a href=\"https:\/\/www.telam.com.ar\/notas\/202310\/641958-futbol-boca-jorge-almiron-superclasico.html\">source<\/a><\/p>\n","protected":false},"excerpt":{"rendered":"<p>Foto Alfredo Luna. El entrenador de Boca Juniors, Jorge Almir\u00f3n, se refiri\u00f3 a la ca\u00edda&#8230;<\/p>\n","protected":false},"author":3,"featured_media":10550,"comment_status":"closed","ping_status":"closed","sticky":false,"template":"","format":"standard","meta":{"footnotes":""},"categories":[21],"tags":[],"class_list":["post-10549","post","type-post","status-publish","format-standard","has-post-thumbnail","hentry","category-deportes"],"featured_image_urls":{"full":["https:\/\/fmamiga909.com.ar\/wp-content\/uploads\/2023\/10\/wp-header-logo-11.png",1200,675,false],"thumbnail":["https:\/\/fmamiga909.com.ar\/wp-content\/uploads\/2023\/10\/wp-header-logo-11-150x150.png",150,150,true],"medium":["https:\/\/fmamiga909.com.ar\/wp-content\/uploads\/2023\/10\/wp-header-logo-11-300x169.png",300,169,true],"medium_large":["https:\/\/fmamiga909.com.ar\/wp-content\/uploads\/2023\/10\/wp-header-logo-11.png",1200,675,false],"large":["https:\/\/fmamiga909.com.ar\/wp-content\/uploads\/2023\/10\/wp-header-logo-11-1024x576.png",640,360,true],"1536x1536":["https:\/\/fmamiga909.com.ar\/wp-content\/uploads\/2023\/10\/wp-header-logo-11.png",1200,675,false],"2048x2048":["https:\/\/fmamiga909.com.ar\/wp-content\/uploads\/2023\/10\/wp-header-logo-11.png",1200,675,false],"newsium-slider-full":["https:\/\/fmamiga909.com.ar\/wp-content\/uploads\/2023\/10\/wp-header-logo-11.png",1200,675,false],"newsium-featured":["https:\/\/fmamiga909.com.ar\/wp-content\/uploads\/2023\/10\/wp-header-logo-11-1024x576.png",1024,576,true],"newsium-medium":["https:\/\/fmamiga909.com.ar\/wp-content\/uploads\/2023\/10\/wp-header-logo-11-720x475.png",720,475,true]},"author_info":{"display_name":"Fredy Giuliano","author_link":"https:\/\/fmamiga909.com.ar\/?author=3"},"category_info":"<a href=\"https:\/\/fmamiga909.com.ar\/?cat=21\" rel=\"category\">Deportes<\/a>","tag_info":"Deportes","comment_count":"0","_links":{"self":[{"href":"https:\/\/fmamiga909.com.ar\/index.php?rest_route=\/wp\/v2\/posts\/10549","targetHints":{"allow":["GET"]}}],"collection":[{"href":"https:\/\/fmamiga909.com.ar\/index.php?rest_route=\/wp\/v2\/posts"}],"about":[{"href":"https:\/\/fmamiga909.com.ar\/index.php?rest_route=\/wp\/v2\/types\/post"}],"author":[{"embeddable":true,"href":"https:\/\/fmamiga909.com.ar\/index.php?rest_route=\/wp\/v2\/users\/3"}],"replies":[{"embeddable":true,"href":"https:\/\/fmamiga909.com.ar\/index.php?rest_route=%2Fwp%2Fv2%2Fcomments&post=10549"}],"version-history":[{"count":0,"href":"https:\/\/fmamiga909.com.ar\/index.php?rest_route=\/wp\/v2\/posts\/10549\/revisions"}],"wp:featuredmedia":[{"embeddable":true,"href":"https:\/\/fmamiga909.com.ar\/index.php?rest_route=\/wp\/v2\/media\/10550"}],"wp:attachment":[{"href":"https:\/\/fmamiga909.com.ar\/index.php?rest_route=%2Fwp%2Fv2%2Fmedia&parent=10549"}],"wp:term":[{"taxonomy":"category","embeddable":true,"href":"https:\/\/fmamiga909.com.ar\/index.php?rest_route=%2Fwp%2Fv2%2Fcategories&post=10549"},{"taxonomy":"post_tag","embeddable":true,"href":"https:\/\/fmamiga909.com.ar\/index.php?rest_route=%2Fwp%2Fv2%2Ftags&post=10549"}],"curies":[{"name":"wp","href":"https:\/\/api.w.org\/{rel}","templated":true}]}}