{"id":10557,"date":"2023-10-02T22:48:22","date_gmt":"2023-10-02T22:48:22","guid":{"rendered":"https:\/\/fmamiga909.com.ar\/?p=10557"},"modified":"2023-10-02T22:48:22","modified_gmt":"2023-10-02T22:48:22","slug":"barcelona-blindo-a-lamine-yamal-en-1-000-millones-de-euros","status":"publish","type":"post","link":"https:\/\/fmamiga909.com.ar\/?p=10557","title":{"rendered":"Barcelona blind\u00f3 a Lamine Yamal en 1.000 millones de euros"},"content":{"rendered":"<div>\n<figure class=\"mb-3\"><img decoding=\"async\" src=\"https:\/\/www.telam.com.ar\/thumbs\/bluesteel\/advf\/imagenes\/2023\/10\/651ad9ec89862_1200.jpg\" class=\" lazy \" width=\"100%\" height=\"100%\" alt=\"Lamine Yamal y Joan Laporta \"\/><figcaption> Lamine Yamal y Joan Laporta. <\/figcaption><\/figure>\n<p> Barcelona anunci\u00f3 este lunes la renovaci\u00f3n de contrato de la talentosa promesa Lamine Yamal, de apenas 16 a\u00f1os, con una cl\u00e1usula de rescisi\u00f3n de 1.000 millones de euros.<\/p>\n<p>El delantero firm\u00f3 un nuevo v\u00ednculo hasta el 30 de junio de 2026 con una millonaria cl\u00e1usula de salida, que lo convirti\u00f3 en el d\u00e9cimo jugador del club con un reaseguro de esa cantidad, al igual que los mediocampistas Pedri y Gavi, entre otros.<\/p>\n<p>El joven pos\u00f3 con el presidente del club, Joan Laporta, luego de la rubrica del nuevo contrato.<\/p>\n<blockquote class=\"twitter-tweet\">\n<p lang=\"es\" dir=\"ltr\">\u00ab\ud835\udc6c\u0301\ud835\udc94 \ud835\udc96\ud835\udc8f \ud835\udc94\ud835\udc90\ud835\udc8e\ud835\udc8f\ud835\udc8a \ud835\udc91\ud835\udc86\ud835\udc93 \ud835\udc82 \ud835\udc8e\ud835\udc8a. \ud835\udc6c\u0301\ud835\udc94 \ud835\udc86\ud835\udc8d \ud835\udc84\ud835\udc8d\ud835\udc96\ud835\udc83 \ud835\udc85\ud835\udc86 \ud835\udc8d\ud835\udc82 \ud835\udc8e\ud835\udc86\ud835\udc97\ud835\udc82 \ud835\udc97\ud835\udc8a\ud835\udc85\ud835\udc82\u00bb<br \/>\ud83c\udf99\ufe0f &#8211; Lamine Yamal- <a href=\"https:\/\/t.co\/h2P5IxWfAK\">pic.twitter.com\/h2P5IxWfAK<\/a><\/p>\n<p>\u2014 FC Barcelona &#8211; Masia (@FCBmasia) <a href=\"https:\/\/twitter.com\/FCBmasia\/status\/1708838573288648934?ref_src=twsrc%5Etfw\">October 2, 2023<\/a><\/p><\/blockquote>\n<p>Yamal Lamine debut\u00f3 en el equipo dirigido por Xavi Hern\u00e1ndez con s\u00f3lo 15 a\u00f1os, 9 meses y 16 d\u00edas el pasado 29 de abril de 2023, y se convirti\u00f3 en el jugador m\u00e1s joven en hacerlo con la camiseta \u00abcul\u00e9\u00bb.<\/p>\n<p>Con apenas ocho partidos en LaLiga, el talentoso futbolista surgido de La Mas\u00eda tambi\u00e9n fue citado por el seleccionado espa\u00f1ol y se meti\u00f3 en la historia como el m\u00e1s joven en debutar y en convertir un gol. <\/p>\n<\/div>\n<p><script async src=\"\/\/platform.twitter.com\/widgets.js\" charset=\"utf-8\"><\/script><script async defer crossorigin=\"anonymous\" src=\"https:\/\/connect.facebook.net\/es_LA\/sdk.js#xfbml=1&#038;version=v12.0\" nonce=\"SBlHQzIF\"><\/script><br \/><a href=\"https:\/\/www.telam.com.ar\/notas\/202310\/642015-barcelona-blindo-a-lamine-yamal-1000-millones-euros.html\">source<\/a><\/p>\n","protected":false},"excerpt":{"rendered":"<p>Lamine Yamal y Joan Laporta. Barcelona anunci\u00f3 este lunes la renovaci\u00f3n de contrato de la&#8230;<\/p>\n","protected":false},"author":3,"featured_media":10558,"comment_status":"closed","ping_status":"closed","sticky":false,"template":"","format":"standard","meta":{"footnotes":""},"categories":[21],"tags":[],"class_list":["post-10557","post","type-post","status-publish","format-standard","has-post-thumbnail","hentry","category-deportes"],"featured_image_urls":{"full":["https:\/\/fmamiga909.com.ar\/wp-content\/uploads\/2023\/10\/wp-header-logo-15.png",1200,675,false],"thumbnail":["https:\/\/fmamiga909.com.ar\/wp-content\/uploads\/2023\/10\/wp-header-logo-15-150x150.png",150,150,true],"medium":["https:\/\/fmamiga909.com.ar\/wp-content\/uploads\/2023\/10\/wp-header-logo-15-300x169.png",300,169,true],"medium_large":["https:\/\/fmamiga909.com.ar\/wp-content\/uploads\/2023\/10\/wp-header-logo-15.png",1200,675,false],"large":["https:\/\/fmamiga909.com.ar\/wp-content\/uploads\/2023\/10\/wp-header-logo-15-1024x576.png",640,360,true],"1536x1536":["https:\/\/fmamiga909.com.ar\/wp-content\/uploads\/2023\/10\/wp-header-logo-15.png",1200,675,false],"2048x2048":["https:\/\/fmamiga909.com.ar\/wp-content\/uploads\/2023\/10\/wp-header-logo-15.png",1200,675,false],"newsium-slider-full":["https:\/\/fmamiga909.com.ar\/wp-content\/uploads\/2023\/10\/wp-header-logo-15.png",1200,675,false],"newsium-featured":["https:\/\/fmamiga909.com.ar\/wp-content\/uploads\/2023\/10\/wp-header-logo-15-1024x576.png",1024,576,true],"newsium-medium":["https:\/\/fmamiga909.com.ar\/wp-content\/uploads\/2023\/10\/wp-header-logo-15-720x475.png",720,475,true]},"author_info":{"display_name":"Fredy Giuliano","author_link":"https:\/\/fmamiga909.com.ar\/?author=3"},"category_info":"<a href=\"https:\/\/fmamiga909.com.ar\/?cat=21\" rel=\"category\">Deportes<\/a>","tag_info":"Deportes","comment_count":"0","_links":{"self":[{"href":"https:\/\/fmamiga909.com.ar\/index.php?rest_route=\/wp\/v2\/posts\/10557","targetHints":{"allow":["GET"]}}],"collection":[{"href":"https:\/\/fmamiga909.com.ar\/index.php?rest_route=\/wp\/v2\/posts"}],"about":[{"href":"https:\/\/fmamiga909.com.ar\/index.php?rest_route=\/wp\/v2\/types\/post"}],"author":[{"embeddable":true,"href":"https:\/\/fmamiga909.com.ar\/index.php?rest_route=\/wp\/v2\/users\/3"}],"replies":[{"embeddable":true,"href":"https:\/\/fmamiga909.com.ar\/index.php?rest_route=%2Fwp%2Fv2%2Fcomments&post=10557"}],"version-history":[{"count":0,"href":"https:\/\/fmamiga909.com.ar\/index.php?rest_route=\/wp\/v2\/posts\/10557\/revisions"}],"wp:featuredmedia":[{"embeddable":true,"href":"https:\/\/fmamiga909.com.ar\/index.php?rest_route=\/wp\/v2\/media\/10558"}],"wp:attachment":[{"href":"https:\/\/fmamiga909.com.ar\/index.php?rest_route=%2Fwp%2Fv2%2Fmedia&parent=10557"}],"wp:term":[{"taxonomy":"category","embeddable":true,"href":"https:\/\/fmamiga909.com.ar\/index.php?rest_route=%2Fwp%2Fv2%2Fcategories&post=10557"},{"taxonomy":"post_tag","embeddable":true,"href":"https:\/\/fmamiga909.com.ar\/index.php?rest_route=%2Fwp%2Fv2%2Ftags&post=10557"}],"curies":[{"name":"wp","href":"https:\/\/api.w.org\/{rel}","templated":true}]}}