{"id":10561,"date":"2023-10-03T03:00:34","date_gmt":"2023-10-03T03:00:34","guid":{"rendered":"https:\/\/fmamiga909.com.ar\/?p=10561"},"modified":"2023-10-03T03:00:34","modified_gmt":"2023-10-03T03:00:34","slug":"riquelme-visito-a-los-jugadores-en-el-vestuario-para-darles-su-apoyo-tras-la-derrota","status":"publish","type":"post","link":"https:\/\/fmamiga909.com.ar\/?p=10561","title":{"rendered":"Riquelme visit\u00f3 a los jugadores en el vestuario para darles su apoyo tras la derrota"},"content":{"rendered":"<div>\n<figure class=\"mb-3\"><img decoding=\"async\" src=\"https:\/\/www.telam.com.ar\/thumbs\/bluesteel\/advf\/imagenes\/2023\/09\/65162232e9705_1200.jpg\" class=\" lazy \" width=\"100%\" height=\"100%\" alt=\"Foto Osvaldo Fanton \"\/><figcaption> Foto Osvaldo Fanton. <\/figcaption><\/figure>\n<p> El vicepresidente de Boca, Juan Rom\u00e1n Riquelme, visit\u00f3 a los jugadores del equipo \u00abXeneize\u00bb tras la derrota en el Supercl\u00e1sico ante River por 2 a 0 para darle \u00e1nimo y apoyo, con vistas a los pr\u00f3ximos partidos, especialmente el del jueves venidero ante Palmeiras por la Copa Libertadores.<\/p>\n<p>Al mismo tiempo que el entrenador asist\u00eda a la sala de Prensa para dialogar con los periodistas, Riquelme, acompa\u00f1ado por el Secretario General de la entidad, Ricardo Rosica,<strong> fue a ver a los jugadores al vestuario para brindarles apoyo<\/strong> tras la ca\u00edda ante River y en vista del trascendental cotejo ante Palmeiras por la revancha de la semifinales de la Libertadores, el jueves venidero en San Pablo, tras el 0 a 0 del encuentro de ida.<\/p>\n<p>Por otra parte, los jugadores se retiraron del estadio sin realizar declaraciones y el \u00fanico que dialog\u00f3 con el periodismo fue el DT Almir\u00f3n en la conferencia de Prensa.<\/p>\n<p>Boca volver\u00e1 a los entrenamientos el lunes a las 10 en el predio de Ezeiza.<\/p>\n<p>El martes lo har\u00e1 en el mismo sitio, ambas pr\u00e1cticas ser\u00e1n en c\u00e9sped sint\u00e9tico para adaptarse al campo del Allianz Park del Palmeiras.<\/p>\n<p>El martes despu\u00e9s de almorzar el plantel viajar\u00e1 rumbo a San Pablo.<\/p>\n<p>El jueves a las 21.30 Boca enfrentar\u00e1 a Palmeiras por la revancha de la serie de semifinales de la Copa Conmebol Libertadores de Am\u00e9rica. <\/p>\n<\/div>\n<p><script async defer crossorigin=\"anonymous\" src=\"https:\/\/connect.facebook.net\/es_LA\/sdk.js#xfbml=1&#038;version=v12.0\" nonce=\"SBlHQzIF\"><\/script><br \/><a href=\"https:\/\/www.telam.com.ar\/notas\/202310\/641965-futbol-superclasico-boca-riquelme-visita-jugadores-tras-partido.html\">source<\/a><\/p>\n","protected":false},"excerpt":{"rendered":"<p>Foto Osvaldo Fanton. El vicepresidente de Boca, Juan Rom\u00e1n Riquelme, visit\u00f3 a los jugadores del&#8230;<\/p>\n","protected":false},"author":3,"featured_media":10562,"comment_status":"closed","ping_status":"closed","sticky":false,"template":"","format":"standard","meta":{"footnotes":""},"categories":[21],"tags":[],"class_list":["post-10561","post","type-post","status-publish","format-standard","has-post-thumbnail","hentry","category-deportes"],"featured_image_urls":{"full":["https:\/\/fmamiga909.com.ar\/wp-content\/uploads\/2023\/10\/wp-header-logo-17.png",1200,674,false],"thumbnail":["https:\/\/fmamiga909.com.ar\/wp-content\/uploads\/2023\/10\/wp-header-logo-17-150x150.png",150,150,true],"medium":["https:\/\/fmamiga909.com.ar\/wp-content\/uploads\/2023\/10\/wp-header-logo-17-300x169.png",300,169,true],"medium_large":["https:\/\/fmamiga909.com.ar\/wp-content\/uploads\/2023\/10\/wp-header-logo-17.png",1200,674,false],"large":["https:\/\/fmamiga909.com.ar\/wp-content\/uploads\/2023\/10\/wp-header-logo-17-1024x575.png",640,359,true],"1536x1536":["https:\/\/fmamiga909.com.ar\/wp-content\/uploads\/2023\/10\/wp-header-logo-17.png",1200,674,false],"2048x2048":["https:\/\/fmamiga909.com.ar\/wp-content\/uploads\/2023\/10\/wp-header-logo-17.png",1200,674,false],"newsium-slider-full":["https:\/\/fmamiga909.com.ar\/wp-content\/uploads\/2023\/10\/wp-header-logo-17.png",1200,674,false],"newsium-featured":["https:\/\/fmamiga909.com.ar\/wp-content\/uploads\/2023\/10\/wp-header-logo-17-1024x575.png",1024,575,true],"newsium-medium":["https:\/\/fmamiga909.com.ar\/wp-content\/uploads\/2023\/10\/wp-header-logo-17-720x475.png",720,475,true]},"author_info":{"display_name":"Fredy Giuliano","author_link":"https:\/\/fmamiga909.com.ar\/?author=3"},"category_info":"<a href=\"https:\/\/fmamiga909.com.ar\/?cat=21\" rel=\"category\">Deportes<\/a>","tag_info":"Deportes","comment_count":"0","_links":{"self":[{"href":"https:\/\/fmamiga909.com.ar\/index.php?rest_route=\/wp\/v2\/posts\/10561","targetHints":{"allow":["GET"]}}],"collection":[{"href":"https:\/\/fmamiga909.com.ar\/index.php?rest_route=\/wp\/v2\/posts"}],"about":[{"href":"https:\/\/fmamiga909.com.ar\/index.php?rest_route=\/wp\/v2\/types\/post"}],"author":[{"embeddable":true,"href":"https:\/\/fmamiga909.com.ar\/index.php?rest_route=\/wp\/v2\/users\/3"}],"replies":[{"embeddable":true,"href":"https:\/\/fmamiga909.com.ar\/index.php?rest_route=%2Fwp%2Fv2%2Fcomments&post=10561"}],"version-history":[{"count":0,"href":"https:\/\/fmamiga909.com.ar\/index.php?rest_route=\/wp\/v2\/posts\/10561\/revisions"}],"wp:featuredmedia":[{"embeddable":true,"href":"https:\/\/fmamiga909.com.ar\/index.php?rest_route=\/wp\/v2\/media\/10562"}],"wp:attachment":[{"href":"https:\/\/fmamiga909.com.ar\/index.php?rest_route=%2Fwp%2Fv2%2Fmedia&parent=10561"}],"wp:term":[{"taxonomy":"category","embeddable":true,"href":"https:\/\/fmamiga909.com.ar\/index.php?rest_route=%2Fwp%2Fv2%2Fcategories&post=10561"},{"taxonomy":"post_tag","embeddable":true,"href":"https:\/\/fmamiga909.com.ar\/index.php?rest_route=%2Fwp%2Fv2%2Ftags&post=10561"}],"curies":[{"name":"wp","href":"https:\/\/api.w.org\/{rel}","templated":true}]}}