{"id":10569,"date":"2023-10-03T13:12:28","date_gmt":"2023-10-03T13:12:28","guid":{"rendered":"https:\/\/fmamiga909.com.ar\/?p=10569"},"modified":"2023-10-03T13:12:30","modified_gmt":"2023-10-03T13:12:30","slug":"personal-domestico-acuerdan-aumento-de-34-para-octubre-noviembre-y-diciembre","status":"publish","type":"post","link":"https:\/\/fmamiga909.com.ar\/?p=10569","title":{"rendered":"Personal dom\u00e9stico: acuerdan aumento de 34% para octubre, noviembre y diciembre"},"content":{"rendered":"\n<p>Los integrantes de la Comisi\u00f3n Nacional de Trabajo en Casas Particulares acordaron un incremento salarial para ese personal del 34% para el trimestre octubre-diciembre, inform\u00f3 el Ministerio de Trabajo de la Naci\u00f3n luego de un encuentro realizado este lunes.<\/p>\n\n\n\n<p>La cartera laboral indic\u00f3 que, en una extensa reuni\u00f3n realizada en Trabajo, los integrantes de esa comisi\u00f3n convinieron una recomposici\u00f3n salarial del 34% en tres cuotas.<\/p>\n\n\n\n<p>Los trabajadores percibir\u00e1n la mejora de la siguiente manera:<strong>\u00a012% este mes, 12% en noviembre y 10% en diciembre pr\u00f3ximo<\/strong>, por lo que las partes clausuraron este lunes la negociaci\u00f3n convencional correspondiente a 2023.<\/p>\n\n\n\n<figure class=\"wp-block-image\"><img decoding=\"async\" src=\"https:\/\/www.cadena3.com\/admin\/playerswf\/fotos\/ARCHI_1012881.jpg\" alt=\"FOTO: El incremento se convino en el Ministerio de Trabajo de la Naci\u00f3n. \"\/><\/figure>\n\n\n\n<h2 class=\"wp-block-heading\">El incremento se convino en el Ministerio de Trabajo de la Naci\u00f3n.<\/h2>\n\n\n\n<p>\u00abPara quienes trabajan m\u00e1s de 16 horas mensualizadas, al aumento de octubre lo van a estar percibiendo los primeros d\u00edas de noviembre. Recordemos que se paga a mes vencido\u00bb, indic\u00f3 la secretaria general del Sindicato de Personal de Casas de Familia, Ana Altamirano.<\/p>\n\n\n\n<p>A su vez, Altamirano sostuvo, en di\u00e1logo con&nbsp;<strong>Cadena 3<\/strong>, que ahora \u00ablas compa\u00f1eras tienen que controlar el \u00faltimo aumento de la anterior paritaria, que es del 8% en septiembre\u00bb.<\/p>\n\n\n\n<p>\u00abAdem\u00e1s, deben controlar que se pague el bono que corresponde para todas las trabajadoras registradas y no registradas\u201d, sum\u00f3.<\/p>\n\n\n\n<p>\u00abEs dif\u00edcil cobrar los aumentos o cualquier cuesti\u00f3n remunerativa por una cuesti\u00f3n de que la sociedad no ve nuestro trabajo como un trabajo\u00bb, cerr\u00f3.<\/p>\n\n\n\n<p><strong>Informe de Alejandro Bustos<\/strong>.<\/p>\n\n\n\n<p>Fuente Cadena3.com.ar<\/p>\n","protected":false},"excerpt":{"rendered":"<p>Los integrantes de la Comisi\u00f3n Nacional de Trabajo en Casas Particulares acordaron un incremento salarial&#8230;<\/p>\n","protected":false},"author":3,"featured_media":10570,"comment_status":"closed","ping_status":"closed","sticky":false,"template":"","format":"standard","meta":{"footnotes":""},"categories":[20,3],"tags":[],"class_list":["post-10569","post","type-post","status-publish","format-standard","has-post-thumbnail","hentry","category-entrevistas","category-noticias"],"featured_image_urls":{"full":["https:\/\/fmamiga909.com.ar\/wp-content\/uploads\/2023\/10\/ARCHI_1012881.jpg",760,427,false],"thumbnail":["https:\/\/fmamiga909.com.ar\/wp-content\/uploads\/2023\/10\/ARCHI_1012881-150x150.jpg",150,150,true],"medium":["https:\/\/fmamiga909.com.ar\/wp-content\/uploads\/2023\/10\/ARCHI_1012881-300x169.jpg",300,169,true],"medium_large":["https:\/\/fmamiga909.com.ar\/wp-content\/uploads\/2023\/10\/ARCHI_1012881.jpg",760,427,false],"large":["https:\/\/fmamiga909.com.ar\/wp-content\/uploads\/2023\/10\/ARCHI_1012881.jpg",640,360,false],"1536x1536":["https:\/\/fmamiga909.com.ar\/wp-content\/uploads\/2023\/10\/ARCHI_1012881.jpg",760,427,false],"2048x2048":["https:\/\/fmamiga909.com.ar\/wp-content\/uploads\/2023\/10\/ARCHI_1012881.jpg",760,427,false],"newsium-slider-full":["https:\/\/fmamiga909.com.ar\/wp-content\/uploads\/2023\/10\/ARCHI_1012881.jpg",760,427,false],"newsium-featured":["https:\/\/fmamiga909.com.ar\/wp-content\/uploads\/2023\/10\/ARCHI_1012881.jpg",760,427,false],"newsium-medium":["https:\/\/fmamiga909.com.ar\/wp-content\/uploads\/2023\/10\/ARCHI_1012881-720x427.jpg",720,427,true]},"author_info":{"display_name":"Fredy Giuliano","author_link":"https:\/\/fmamiga909.com.ar\/?author=3"},"category_info":"<a href=\"https:\/\/fmamiga909.com.ar\/?cat=20\" rel=\"category\">Entrevistas<\/a> <a href=\"https:\/\/fmamiga909.com.ar\/?cat=3\" rel=\"category\">Noticias<\/a>","tag_info":"Noticias","comment_count":"0","_links":{"self":[{"href":"https:\/\/fmamiga909.com.ar\/index.php?rest_route=\/wp\/v2\/posts\/10569","targetHints":{"allow":["GET"]}}],"collection":[{"href":"https:\/\/fmamiga909.com.ar\/index.php?rest_route=\/wp\/v2\/posts"}],"about":[{"href":"https:\/\/fmamiga909.com.ar\/index.php?rest_route=\/wp\/v2\/types\/post"}],"author":[{"embeddable":true,"href":"https:\/\/fmamiga909.com.ar\/index.php?rest_route=\/wp\/v2\/users\/3"}],"replies":[{"embeddable":true,"href":"https:\/\/fmamiga909.com.ar\/index.php?rest_route=%2Fwp%2Fv2%2Fcomments&post=10569"}],"version-history":[{"count":1,"href":"https:\/\/fmamiga909.com.ar\/index.php?rest_route=\/wp\/v2\/posts\/10569\/revisions"}],"predecessor-version":[{"id":10571,"href":"https:\/\/fmamiga909.com.ar\/index.php?rest_route=\/wp\/v2\/posts\/10569\/revisions\/10571"}],"wp:featuredmedia":[{"embeddable":true,"href":"https:\/\/fmamiga909.com.ar\/index.php?rest_route=\/wp\/v2\/media\/10570"}],"wp:attachment":[{"href":"https:\/\/fmamiga909.com.ar\/index.php?rest_route=%2Fwp%2Fv2%2Fmedia&parent=10569"}],"wp:term":[{"taxonomy":"category","embeddable":true,"href":"https:\/\/fmamiga909.com.ar\/index.php?rest_route=%2Fwp%2Fv2%2Fcategories&post=10569"},{"taxonomy":"post_tag","embeddable":true,"href":"https:\/\/fmamiga909.com.ar\/index.php?rest_route=%2Fwp%2Fv2%2Ftags&post=10569"}],"curies":[{"name":"wp","href":"https:\/\/api.w.org\/{rel}","templated":true}]}}