{"id":10574,"date":"2023-10-03T17:10:40","date_gmt":"2023-10-03T17:10:40","guid":{"rendered":"https:\/\/fmamiga909.com.ar\/?p=10574"},"modified":"2023-10-03T17:10:42","modified_gmt":"2023-10-03T17:10:42","slug":"sequia-en-santa-fe-el-ipec-reflejo-una-alarmante-caida-en-la-produccion-de-trigo-soja-y-maiz","status":"publish","type":"post","link":"https:\/\/fmamiga909.com.ar\/?p=10574","title":{"rendered":"Sequ\u00eda en Santa Fe: el IPEC reflej\u00f3 una alarmante ca\u00edda en la producci\u00f3n de trigo, soja y ma\u00edz"},"content":{"rendered":"\n<p>Un informe del IPEC le pone cifras al impacto de la sequ\u00eda en la provincia de Santa Fe, donde se registr\u00f3 una hist\u00f3rica ca\u00edda en la producci\u00f3n de trigo, soja y ma\u00edz. Eso produjo, en consecuencia, una merma en la actividad econ\u00f3mica.<\/p>\n\n\n\n<p>El\u00a0<strong>Instituto Provincial de Estad\u00edstica y Censos (IPEC)\u00a0<\/strong>public\u00f3 un informe especial sobre el impacto de la\u00a0<strong>sequ\u00eda<\/strong>\u00a0en la\u00a0<strong>provincia de Santa Fe<\/strong>, donde las principales producciones \u2013<strong>trigo, soja y ma\u00edz<\/strong>\u2013 sufrieron una\u00a0alarmante e hist\u00f3rica ca\u00edda durante la campa\u00f1a 2022\/23<\/p>\n\n\n\n<p>El&nbsp;<strong>Indicador Mensual de la Actividad Econ\u00f3mica<\/strong>&nbsp;present\u00f3 en la&nbsp;medici\u00f3n acumulada al mes de junio de 2023 una baja de&nbsp;<strong>9,6%<\/strong>&nbsp;en relaci\u00f3n al mismo per\u00edodo del a\u00f1o anterior. Tambi\u00e9n registr\u00f3 en los \u00faltimos meses de 2022 marcadas ca\u00eddas interanuales del nivel de actividad agregada.<\/p>\n\n\n\n<p>Por su parte, el mismo indicador en el orden nacional registr\u00f3 una ca\u00edda de\u00a0<strong>1,9%\u00a0<\/strong>en relaci\u00f3n al mismo per\u00edodo del a\u00f1o anterior. No obstante, en mayo y junio de 2023 este indicador mostr\u00f3 ca\u00eddas de un\u00a0<strong>4,4%<\/strong>\u00a0y\u00a0<strong>5,5%<\/strong>\u00a0interanual respectivamente.<\/p>\n\n\n\n<p>\u00abEsta dispar evoluci\u00f3n de la actividad econ\u00f3mica observada a nivel nacional respecto de lo acontecido en la provincia de\u00a0<strong>Santa Fe<\/strong>\u00a0se fundamenta en el\u00a0mayor impacto relativo de la\u00a0<strong>sequ\u00eda<\/strong>\u00ab, puntualizaron desde el IPEC.<\/p>\n\n\n\n<p>As\u00ed, el informe hace una diferenciaci\u00f3n en la\u00a0<strong>participaci\u00f3n relativa de los sectores de actividad econ\u00f3mica<\/strong>\u00a0donde, en todos los casos, la incidencia espec\u00edfica de esas actividades en la\u00a0<strong>generaci\u00f3n de producto<\/strong>\u00a0resulta de mayor alcance en Santa Fe que en el orden nacional, siendo su agregado de un<strong>\u00a065,7%<\/strong>\u00a0en Santa Fe\u00a0y de un\u00a0<strong>39,4%<\/strong>\u00a0en el orden nacional.<\/p>\n\n\n\n<h2 class=\"wp-block-heading\">Agricultura y ganader\u00eda<\/h2>\n\n\n\n<p>En la&nbsp;<strong>provincia de Santa Fe<\/strong>&nbsp;la participaci\u00f3n relativa de la \u201cAgricultura y ganader\u00eda\u201d es de un 20% del PBG, doblegando largamente la relaci\u00f3n observada a nivel nacional respecto al PBI.<\/p>\n\n\n\n<p>Entre fines de 2022 y comienzos de 2023 los diferentes informes de nivel de sequ\u00eda generados por la Direcci\u00f3n Nacional de Riesgo y Emergencia Agropecuaria se\u00f1alaron que\u00a0gran parte del territorio de la provincia de Santa Fe se encontraba en situaci\u00f3n de \u201csequ\u00eda severa\u201d.<\/p>\n\n\n\n<p>En ese sentido, \u00abAgricultura y Ganader\u00eda\u00bb fue quien m\u00e1s contracci\u00f3n present\u00f3 en relaci\u00f3n a la intensidad de la sequ\u00eda. Los tres principales cultivos agr\u00edcolas,&nbsp;<strong>trigo<\/strong>,<strong>&nbsp;soja&nbsp;<\/strong>y&nbsp;<strong>ma\u00edz<\/strong>, presentaron durante la campa\u00f1a 2022\/23 una extraordinaria ca\u00edda de la producci\u00f3n.<\/p>\n\n\n\n<h2 class=\"wp-block-heading\">La cosecha de trigo disminuy\u00f3 un 61,2% en Santa Fe<\/h2>\n\n\n\n<p>De acuerdo al informe,&nbsp;la&nbsp;<strong>cosecha de trigo&nbsp;<\/strong>en Santa Fe correspondiente a la campa\u00f1a 2022\/23 disminuy\u00f3 un<strong>&nbsp;61,2%<\/strong>, cifra equivalente a pr\u00e1cticamente&nbsp;<strong>3,1 millones de toneladas menos<\/strong>&nbsp;respecto del ciclo anterior de acuerdo a datos de la Direcci\u00f3n Nacional de Agricultura.<\/p>\n\n\n\n<p>La cosecha provincial fue de apenas algo m\u00e1s de 1,9 millones de toneladas de trigo en la campa\u00f1a 2022\/23 y represent\u00f3\u00a0el registr\u00f3 m\u00e1s bajo de los \u00faltimos 7 ciclos anuales. A escala nacional la ca\u00edda alcanz\u00f3 a un 43,3%.<\/p>\n\n\n\n<p>En Santa Fe, la producci\u00f3n de escasamente 3,8 millones de toneladas de soja represent\u00f3&nbsp;el registr\u00f3 m\u00e1s bajo de los \u00faltimos 34 ciclos anuales&nbsp;(campa\u00f1a 1988\/90). En la esfera nacional la contracci\u00f3n fue m\u00e1s acotada trepando a un 42,9% respecto del ciclo anterior.<\/p>\n\n\n\n<h2 class=\"wp-block-heading\">Se esperan ca\u00eddas del 72,3% en la producci\u00f3n de ma\u00edz en Santa Fe<\/h2>\n\n\n\n<p>Con respecto a\u00a0<strong>ma\u00edz\u00a0<\/strong>se espera una ca\u00edda de la producci\u00f3n nacional de un\u00a0<strong>30,6%<\/strong>\u00a0respecto de la campa\u00f1a 2021\/22. En el caso de la provincia de Santa Fe las estimaciones privadas dan cuenta de una mayor contracci\u00f3n de la cosecha alcanzar\u00eda a un 72,3%<\/p>\n\n\n\n<p>.<\/p>\n","protected":false},"excerpt":{"rendered":"<p>Un informe del IPEC le pone cifras al impacto de la sequ\u00eda en la provincia&#8230;<\/p>\n","protected":false},"author":3,"featured_media":10577,"comment_status":"closed","ping_status":"closed","sticky":false,"template":"","format":"standard","meta":{"footnotes":""},"categories":[20,3],"tags":[],"class_list":["post-10574","post","type-post","status-publish","format-standard","has-post-thumbnail","hentry","category-entrevistas","category-noticias"],"featured_image_urls":{"full":["https:\/\/fmamiga909.com.ar\/wp-content\/uploads\/2023\/10\/sequia-el-norte-santa-fe-17jpg.webp",1200,674,false],"thumbnail":["https:\/\/fmamiga909.com.ar\/wp-content\/uploads\/2023\/10\/sequia-el-norte-santa-fe-17jpg-150x150.webp",150,150,true],"medium":["https:\/\/fmamiga909.com.ar\/wp-content\/uploads\/2023\/10\/sequia-el-norte-santa-fe-17jpg-300x169.webp",300,169,true],"medium_large":["https:\/\/fmamiga909.com.ar\/wp-content\/uploads\/2023\/10\/sequia-el-norte-santa-fe-17jpg.webp",1200,674,false],"large":["https:\/\/fmamiga909.com.ar\/wp-content\/uploads\/2023\/10\/sequia-el-norte-santa-fe-17jpg-1024x575.webp",640,359,true],"1536x1536":["https:\/\/fmamiga909.com.ar\/wp-content\/uploads\/2023\/10\/sequia-el-norte-santa-fe-17jpg.webp",1200,674,false],"2048x2048":["https:\/\/fmamiga909.com.ar\/wp-content\/uploads\/2023\/10\/sequia-el-norte-santa-fe-17jpg.webp",1200,674,false],"newsium-slider-full":["https:\/\/fmamiga909.com.ar\/wp-content\/uploads\/2023\/10\/sequia-el-norte-santa-fe-17jpg.webp",1200,674,false],"newsium-featured":["https:\/\/fmamiga909.com.ar\/wp-content\/uploads\/2023\/10\/sequia-el-norte-santa-fe-17jpg-1024x575.webp",1024,575,true],"newsium-medium":["https:\/\/fmamiga909.com.ar\/wp-content\/uploads\/2023\/10\/sequia-el-norte-santa-fe-17jpg-720x475.webp",720,475,true]},"author_info":{"display_name":"Fredy Giuliano","author_link":"https:\/\/fmamiga909.com.ar\/?author=3"},"category_info":"<a href=\"https:\/\/fmamiga909.com.ar\/?cat=20\" rel=\"category\">Entrevistas<\/a> <a href=\"https:\/\/fmamiga909.com.ar\/?cat=3\" rel=\"category\">Noticias<\/a>","tag_info":"Noticias","comment_count":"0","_links":{"self":[{"href":"https:\/\/fmamiga909.com.ar\/index.php?rest_route=\/wp\/v2\/posts\/10574","targetHints":{"allow":["GET"]}}],"collection":[{"href":"https:\/\/fmamiga909.com.ar\/index.php?rest_route=\/wp\/v2\/posts"}],"about":[{"href":"https:\/\/fmamiga909.com.ar\/index.php?rest_route=\/wp\/v2\/types\/post"}],"author":[{"embeddable":true,"href":"https:\/\/fmamiga909.com.ar\/index.php?rest_route=\/wp\/v2\/users\/3"}],"replies":[{"embeddable":true,"href":"https:\/\/fmamiga909.com.ar\/index.php?rest_route=%2Fwp%2Fv2%2Fcomments&post=10574"}],"version-history":[{"count":1,"href":"https:\/\/fmamiga909.com.ar\/index.php?rest_route=\/wp\/v2\/posts\/10574\/revisions"}],"predecessor-version":[{"id":10578,"href":"https:\/\/fmamiga909.com.ar\/index.php?rest_route=\/wp\/v2\/posts\/10574\/revisions\/10578"}],"wp:featuredmedia":[{"embeddable":true,"href":"https:\/\/fmamiga909.com.ar\/index.php?rest_route=\/wp\/v2\/media\/10577"}],"wp:attachment":[{"href":"https:\/\/fmamiga909.com.ar\/index.php?rest_route=%2Fwp%2Fv2%2Fmedia&parent=10574"}],"wp:term":[{"taxonomy":"category","embeddable":true,"href":"https:\/\/fmamiga909.com.ar\/index.php?rest_route=%2Fwp%2Fv2%2Fcategories&post=10574"},{"taxonomy":"post_tag","embeddable":true,"href":"https:\/\/fmamiga909.com.ar\/index.php?rest_route=%2Fwp%2Fv2%2Ftags&post=10574"}],"curies":[{"name":"wp","href":"https:\/\/api.w.org\/{rel}","templated":true}]}}