{"id":10575,"date":"2023-10-03T15:19:46","date_gmt":"2023-10-03T15:19:46","guid":{"rendered":"https:\/\/fmamiga909.com.ar\/?p=10575"},"modified":"2023-10-03T15:19:46","modified_gmt":"2023-10-03T15:19:46","slug":"talleres-y-belgrano-empataron-en-el-mario-kempes","status":"publish","type":"post","link":"https:\/\/fmamiga909.com.ar\/?p=10575","title":{"rendered":"Talleres y Belgrano empataron en el Mario Kempes"},"content":{"rendered":"<div>\n<figure class=\"mb-3\"><img decoding=\"async\" src=\"https:\/\/www.telam.com.ar\/thumbs\/bluesteel\/advf\/imagenes\/2023\/10\/6519fe0cbc524_1200.jpg\" class=\" lazy \" width=\"100%\" height=\"100%\" alt=\"Foto Laura Lescano \"\/><figcaption> Foto Laura Lescano. <\/figcaption><\/figure>\n<p>Talleres y Belgrano de C\u00f3rdoba igualaron este domingo sin goles, en el cl\u00e1sico disputado ante unos 57.000 espectadores en el estadio Mario Alberto Kempes, que fue v\u00e1lido por la 7ma. fecha de la Copa de la Liga Profesional de F\u00fatbol (LPF).<\/p>\n<p>Los arqueros de ambos equipos, Guido Herrera y Nahuel Losada, tuvieron intervenciones claves que impidieron las ca\u00eddas de sus vallas por lo que se mantuvo la paridad en el marcador.<\/p>\n<p>Los dos elencos cordobeses con este punto alcanzaron las 11 unidades cada uno, puntaje con el que la \u2018T\u2019 se queda en el quinto lugar de la zona A, mientras que los de barrio Alberdi siguen como escoltas de Independiente en el otro grupo, y adem\u00e1s mantienen la condici\u00f3n de invictos.<\/p>\n<p>En la tabla anual los \u2018tallarines\u2019 con 61 unidades se mantienen en la segunda colocaci\u00f3n con buenas chances de clasificar a la Copa Libertadores, en tanto que los \u2018celestes\u2019 con 47 puntos est\u00e1n duod\u00e9cimos y se ilusionan con alcanzar puestos de clasificaci\u00f3n a Copa Sudamericana.<\/p>\n<p><figure class=\"mb-3\"><img decoding=\"async\" src=\"https:\/\/www.telam.com.ar\/thumbs\/bluesteel\/advf\/imagenes\/2023\/10\/6519fe0ca62e3_1200.jpg\" class=\" lazy \" width=\"100%\" height=\"100%\" alt=\"Foto Laura Lescano \"\/><figcaption> Foto Laura Lescano. <\/figcaption><\/figure>\n<\/p>\n<p>En la vibrante noche cordobesa, un mejor despliegue tuvo el elenco de Javier Gandolfi en el primer tiempo, con unos minutos iniciales en los que mostr\u00f3 una importante superioridad, generando adem\u00e1s acciones que le permitieron llegar con claridad al arco visitante, pero la figura de Nahuel Losada se impuso cada vez que fue llamado a intervenir.<\/p>\n<p>La m\u00e1s clara la tuvo el hoy delantero Valent\u00edn Depietri, pero a los 12 minutos no supo c\u00f3mo definir cuando qued\u00f3 frente a frente con Losada, que tap\u00f3 el remate, en el final de una buena jugada encabezada por Ram\u00f3n Sosa y Rodrigo Garro.<\/p>\n<p>Un tiro del lateral chileno Alex Ibacache, que se fue desviado por el palo izquierdo de Guido Herrera, fue la \u00fanica aproximaci\u00f3n para el elenco de Guillermo Farr\u00e9 en esos primeros 45 minutos.<\/p>\n<p>Aunque con el correr del tiempo el \u2018celeste\u2019 encontr\u00f3 algo de equilibrio con los siempre rendidores Santiago Longo y Ulises S\u00e1nchez, que pelearon en la mitad de cancha y sacaron algo de presi\u00f3n de su defensa.<\/p>\n<p>Para contener la potencia y velocidad del paraguayo Sosa en el sector izquierdo del ataque de la \u2018T\u2019, el \u2018pirata\u2019 en varias ocasiones tuvo que acudir a infracciones que dejaron amonestados y condicionados a tres de sus cuatro defensores (Barinaga, R\u00e9bola y Godoy) en media de hora de juego.<\/p>\n<p><figure class=\"mb-3\"><img decoding=\"async\" src=\"https:\/\/www.telam.com.ar\/thumbs\/bluesteel\/advf\/imagenes\/2023\/10\/6519fe0cd04c4_1200.jpg\" class=\" lazy \" width=\"100%\" height=\"100%\" alt=\"Foto Laura Lescano \"\/><figcaption> Foto Laura Lescano. <\/figcaption><\/figure>\n<\/p>\n<p>Un tiro libre de Garro que sac\u00f3 al c\u00f3rner Losada tras una gran estirada y un cabezazo apenas desviado del defensor Lucas Su\u00e1rez fueron otras oportunidades de real peligro que tuvo la \u2018T\u2019 para desnivelar en la primera mitad.<\/p>\n<p>Sigui\u00f3 siendo mejor Talleres en el complemento, siempre intenso con Garro por el medio, Sosa por izquierda y Nicol\u00e1s Vallejo por derecha, pero no encontraba claridad en el toque final.<\/p>\n<p>La \u2018B\u2019 se refugiaba bien cerca de su arco y sal\u00eda de contra como principal arma de ataque, y por esa v\u00eda tuvo la m\u00e1s clara de la noche con un remate de larga distancia de S\u00e1nchez, que alcanz\u00f3 a tapar Guido Herrera, la pelota dio en el palo y cruz\u00f3 por toda la l\u00ednea del arco para salir por el otro lado al c\u00f3rner.<\/p>\n<p>Los que s\u00ed tuvieron su fiesta fueron los hinchas, que en el estadio fueron todos de Talleres y que protagonizaron un recibimiento hist\u00f3rico que busca ser homologado como r\u00e9cord Guinness, ya que flamearon 50.000 banderas blancas y azules entre las tribunas.<\/p>\n<p>En tanto que los \u2018piratas\u2019 armaron una verdadera en la siesta de barrio Alberdi, cuando fueron a despedir con un banderazo a sus jugadores cuando salieron del Hotel Quinto Centenario rumbo al Kempes, con una masiva concurrencia que colm\u00f3 varias cuadras del Bv. Duarte Quir\u00f3s.<\/p>\n<p>Tras el cl\u00e1sico, ambos equipos cordobeses se ver\u00e1n las caras con los grandes del pa\u00eds, porque el domingo pr\u00f3ximo Talleres visita a River y el martes 10 de este mes Belgrano recibir\u00e1 a Boca en su estadio, por la 8va fecha de la Copa de la Liga.<\/p>\n<p><iframe loading=\"lazy\" src=\"https:\/\/estdeportes.telam.com.ar\/html\/v3\/minapp\/modules\/futbol\/gamecast\/gamecast.html?channel=deportes.futbol.copalpf.643511&amp;lang=es_LA&amp;page=gamecast&amp;hidePagesMenu=true\" width=\"100%\" height=\"1150\" scrolling=\"auto\" style=\"width: 1px; min-width: 100%; *width: 100%;\" class=\"\"><\/iframe><\/p>\n<\/div>\n<p><script async defer crossorigin=\"anonymous\" src=\"https:\/\/connect.facebook.net\/es_LA\/sdk.js#xfbml=1&#038;version=v12.0\" nonce=\"SBlHQzIF\"><\/script><br \/><a href=\"https:\/\/www.telam.com.ar\/notas\/202310\/641866-talleres-belgrano-clasico-cordoba-copa-de-la-liga.html\">source<\/a><\/p>\n","protected":false},"excerpt":{"rendered":"<p>Foto Laura Lescano. Talleres y Belgrano de C\u00f3rdoba igualaron este domingo sin goles, en el&#8230;<\/p>\n","protected":false},"author":3,"featured_media":10576,"comment_status":"closed","ping_status":"closed","sticky":false,"template":"","format":"standard","meta":{"footnotes":""},"categories":[21],"tags":[],"class_list":["post-10575","post","type-post","status-publish","format-standard","has-post-thumbnail","hentry","category-deportes"],"featured_image_urls":{"full":["https:\/\/fmamiga909.com.ar\/wp-content\/uploads\/2023\/10\/wp-header-logo-22.png",1200,675,false],"thumbnail":["https:\/\/fmamiga909.com.ar\/wp-content\/uploads\/2023\/10\/wp-header-logo-22-150x150.png",150,150,true],"medium":["https:\/\/fmamiga909.com.ar\/wp-content\/uploads\/2023\/10\/wp-header-logo-22-300x169.png",300,169,true],"medium_large":["https:\/\/fmamiga909.com.ar\/wp-content\/uploads\/2023\/10\/wp-header-logo-22.png",1200,675,false],"large":["https:\/\/fmamiga909.com.ar\/wp-content\/uploads\/2023\/10\/wp-header-logo-22-1024x576.png",640,360,true],"1536x1536":["https:\/\/fmamiga909.com.ar\/wp-content\/uploads\/2023\/10\/wp-header-logo-22.png",1200,675,false],"2048x2048":["https:\/\/fmamiga909.com.ar\/wp-content\/uploads\/2023\/10\/wp-header-logo-22.png",1200,675,false],"newsium-slider-full":["https:\/\/fmamiga909.com.ar\/wp-content\/uploads\/2023\/10\/wp-header-logo-22.png",1200,675,false],"newsium-featured":["https:\/\/fmamiga909.com.ar\/wp-content\/uploads\/2023\/10\/wp-header-logo-22-1024x576.png",1024,576,true],"newsium-medium":["https:\/\/fmamiga909.com.ar\/wp-content\/uploads\/2023\/10\/wp-header-logo-22-720x475.png",720,475,true]},"author_info":{"display_name":"Fredy Giuliano","author_link":"https:\/\/fmamiga909.com.ar\/?author=3"},"category_info":"<a href=\"https:\/\/fmamiga909.com.ar\/?cat=21\" rel=\"category\">Deportes<\/a>","tag_info":"Deportes","comment_count":"0","_links":{"self":[{"href":"https:\/\/fmamiga909.com.ar\/index.php?rest_route=\/wp\/v2\/posts\/10575","targetHints":{"allow":["GET"]}}],"collection":[{"href":"https:\/\/fmamiga909.com.ar\/index.php?rest_route=\/wp\/v2\/posts"}],"about":[{"href":"https:\/\/fmamiga909.com.ar\/index.php?rest_route=\/wp\/v2\/types\/post"}],"author":[{"embeddable":true,"href":"https:\/\/fmamiga909.com.ar\/index.php?rest_route=\/wp\/v2\/users\/3"}],"replies":[{"embeddable":true,"href":"https:\/\/fmamiga909.com.ar\/index.php?rest_route=%2Fwp%2Fv2%2Fcomments&post=10575"}],"version-history":[{"count":0,"href":"https:\/\/fmamiga909.com.ar\/index.php?rest_route=\/wp\/v2\/posts\/10575\/revisions"}],"wp:featuredmedia":[{"embeddable":true,"href":"https:\/\/fmamiga909.com.ar\/index.php?rest_route=\/wp\/v2\/media\/10576"}],"wp:attachment":[{"href":"https:\/\/fmamiga909.com.ar\/index.php?rest_route=%2Fwp%2Fv2%2Fmedia&parent=10575"}],"wp:term":[{"taxonomy":"category","embeddable":true,"href":"https:\/\/fmamiga909.com.ar\/index.php?rest_route=%2Fwp%2Fv2%2Fcategories&post=10575"},{"taxonomy":"post_tag","embeddable":true,"href":"https:\/\/fmamiga909.com.ar\/index.php?rest_route=%2Fwp%2Fv2%2Ftags&post=10575"}],"curies":[{"name":"wp","href":"https:\/\/api.w.org\/{rel}","templated":true}]}}