{"id":10581,"date":"2023-10-03T21:36:24","date_gmt":"2023-10-03T21:36:24","guid":{"rendered":"https:\/\/fmamiga909.com.ar\/?p=10581"},"modified":"2023-10-03T21:36:24","modified_gmt":"2023-10-03T21:36:24","slug":"inter-con-lautaro-martinez-en-llamas-recibe-al-benfica-de-otamendi-y-di-maria","status":"publish","type":"post","link":"https:\/\/fmamiga909.com.ar\/?p=10581","title":{"rendered":"Inter con Lautaro Mart\u00ednez en llamas, recibe al Benfica de Otamendi y Di Mar\u00eda"},"content":{"rendered":"<div>\n<figure class=\"mb-3\"><img decoding=\"async\" src=\"https:\/\/www.telam.com.ar\/thumbs\/bluesteel\/advf\/imagenes\/2023\/10\/651ad5af2b175_1200.jpg\" class=\" lazy \" width=\"100%\" height=\"100%\" alt=\"Foto Xex Twitter Inter_es\"\/><figcaption> Foto: X(ex Twitter) @Inter_es. <\/figcaption><\/figure>\n<p><strong>Inter, actual subcampe\u00f3n de la Liga de Campeones <\/strong>y con el argentino Lautaro Mart\u00ednez, su capit\u00e1n, en un momento notable, <strong>recibir\u00e1 <\/strong>este martes <strong>a Benfica<\/strong>, que tendr\u00e1 a otros dos integrantes del seleccionado campe\u00f3n en Qatar, Nicol\u00e1s Otamendi y Angel Di Mar\u00eda, en el partido saliente de los ocho que se jugar\u00e1n por la segunda fecha.<\/p>\n<p>El encuentro se jugar\u00e1 a partir de las 16 (hora de Argentina) en el estadio Giuseppe Meazza, de la ciudad de Mil\u00e1n, y ser\u00e1 televisado por ESPN y la plataforma Star +.<\/p>\n<p>Inter ir\u00e1 por su primera victoria en el Grupo D luego de empatar en su debut como visitante con Real Sociedad de Espa\u00f1a (1-1), con un gol de Lautaro Mart\u00ednez, quien adem\u00e1s lleva 9 tantos en la Serie A, con un \u00abpoker\u00bb el fin de semana ante Salernitana.<\/p>\n<p>La programaci\u00f3n completa de la segunda fecha de la Liga de Campeones a jugarse entre hoy y ma\u00f1ana, cuando se presentar\u00e1 el campe\u00f3n Manchester City como visitante del Leipzig alem\u00e1n, es la siguiente:<\/p>\n<p><iframe loading=\"lazy\" src=\"https:\/\/estdeportes.telam.com.ar\/html\/v3\/minapp\/modules\/futbol\/gamecast\/gamecast.html?channel=deportes.futbol.champions.720820&amp;lang=es_LA&amp;page=gamecast&amp;hidePagesMenu=true\" width=\"100%\" height=\"1150\" scrolling=\"auto\" style=\"width: 1px; min-width: 100%; *width: 100%;\" class=\"\"><\/iframe><\/p>\n<p><strong>Programa de partidos<\/strong><\/p>\n<p><strong>. Martes<\/strong>:<\/p>\n<p>Grupo A: Copenhag\u00fce-Bayern M\u00fanich (16:00, Fox Sports 3 y Star+) y Manchester United-Galatasaray (16:00, ESPN 2 y Star+)<\/p>\n<p>Grupo B: PSV Eindovhen-Sevilla (16:00, ESPN 3 y Star+); Lens-Arsenal (16:00, Fox Sports 2 y Star+)<\/p>\n<p>Grupo C: Uni\u00f3n Berlin-Braga (13:45, ESPN 2 y Star+); N\u00e1poli-Real Madrid (16:00, Fox Sports y Star+)<\/p>\n<p>Grupo D: Salzburgo-Real Sociedad (13:45, Fox Sports y Star+); Inter-Benfica (16:00, ESPN y Star+)<\/p>\n<p>. <\/p>\n<\/div>\n<p><script async defer crossorigin=\"anonymous\" src=\"https:\/\/connect.facebook.net\/es_LA\/sdk.js#xfbml=1&#038;version=v12.0\" nonce=\"SBlHQzIF\"><\/script><br \/><a href=\"https:\/\/www.telam.com.ar\/notas\/202310\/642013-futbol-liga-de-campeones-inter-lautaro-martinez-benfica-di-maria-otamendi.html\">source<\/a><\/p>\n","protected":false},"excerpt":{"rendered":"<p>Foto: X(ex Twitter) @Inter_es. Inter, actual subcampe\u00f3n de la Liga de Campeones y con el&#8230;<\/p>\n","protected":false},"author":3,"featured_media":10582,"comment_status":"closed","ping_status":"closed","sticky":false,"template":"","format":"standard","meta":{"footnotes":""},"categories":[21],"tags":[],"class_list":["post-10581","post","type-post","status-publish","format-standard","has-post-thumbnail","hentry","category-deportes"],"featured_image_urls":{"full":["https:\/\/fmamiga909.com.ar\/wp-content\/uploads\/2023\/10\/wp-header-logo-24.png",1200,675,false],"thumbnail":["https:\/\/fmamiga909.com.ar\/wp-content\/uploads\/2023\/10\/wp-header-logo-24-150x150.png",150,150,true],"medium":["https:\/\/fmamiga909.com.ar\/wp-content\/uploads\/2023\/10\/wp-header-logo-24-300x169.png",300,169,true],"medium_large":["https:\/\/fmamiga909.com.ar\/wp-content\/uploads\/2023\/10\/wp-header-logo-24.png",1200,675,false],"large":["https:\/\/fmamiga909.com.ar\/wp-content\/uploads\/2023\/10\/wp-header-logo-24-1024x576.png",640,360,true],"1536x1536":["https:\/\/fmamiga909.com.ar\/wp-content\/uploads\/2023\/10\/wp-header-logo-24.png",1200,675,false],"2048x2048":["https:\/\/fmamiga909.com.ar\/wp-content\/uploads\/2023\/10\/wp-header-logo-24.png",1200,675,false],"newsium-slider-full":["https:\/\/fmamiga909.com.ar\/wp-content\/uploads\/2023\/10\/wp-header-logo-24.png",1200,675,false],"newsium-featured":["https:\/\/fmamiga909.com.ar\/wp-content\/uploads\/2023\/10\/wp-header-logo-24-1024x576.png",1024,576,true],"newsium-medium":["https:\/\/fmamiga909.com.ar\/wp-content\/uploads\/2023\/10\/wp-header-logo-24-720x475.png",720,475,true]},"author_info":{"display_name":"Fredy Giuliano","author_link":"https:\/\/fmamiga909.com.ar\/?author=3"},"category_info":"<a href=\"https:\/\/fmamiga909.com.ar\/?cat=21\" rel=\"category\">Deportes<\/a>","tag_info":"Deportes","comment_count":"0","_links":{"self":[{"href":"https:\/\/fmamiga909.com.ar\/index.php?rest_route=\/wp\/v2\/posts\/10581","targetHints":{"allow":["GET"]}}],"collection":[{"href":"https:\/\/fmamiga909.com.ar\/index.php?rest_route=\/wp\/v2\/posts"}],"about":[{"href":"https:\/\/fmamiga909.com.ar\/index.php?rest_route=\/wp\/v2\/types\/post"}],"author":[{"embeddable":true,"href":"https:\/\/fmamiga909.com.ar\/index.php?rest_route=\/wp\/v2\/users\/3"}],"replies":[{"embeddable":true,"href":"https:\/\/fmamiga909.com.ar\/index.php?rest_route=%2Fwp%2Fv2%2Fcomments&post=10581"}],"version-history":[{"count":0,"href":"https:\/\/fmamiga909.com.ar\/index.php?rest_route=\/wp\/v2\/posts\/10581\/revisions"}],"wp:featuredmedia":[{"embeddable":true,"href":"https:\/\/fmamiga909.com.ar\/index.php?rest_route=\/wp\/v2\/media\/10582"}],"wp:attachment":[{"href":"https:\/\/fmamiga909.com.ar\/index.php?rest_route=%2Fwp%2Fv2%2Fmedia&parent=10581"}],"wp:term":[{"taxonomy":"category","embeddable":true,"href":"https:\/\/fmamiga909.com.ar\/index.php?rest_route=%2Fwp%2Fv2%2Fcategories&post=10581"},{"taxonomy":"post_tag","embeddable":true,"href":"https:\/\/fmamiga909.com.ar\/index.php?rest_route=%2Fwp%2Fv2%2Ftags&post=10581"}],"curies":[{"name":"wp","href":"https:\/\/api.w.org\/{rel}","templated":true}]}}