{"id":10589,"date":"2023-10-04T08:32:58","date_gmt":"2023-10-04T08:32:58","guid":{"rendered":"https:\/\/fmamiga909.com.ar\/?p=10589"},"modified":"2023-10-04T08:32:58","modified_gmt":"2023-10-04T08:32:58","slug":"fortaleza-con-presencia-argentina-buscara-la-final-de-la-sudamericana-ante-corinthians","status":"publish","type":"post","link":"https:\/\/fmamiga909.com.ar\/?p=10589","title":{"rendered":"Fortaleza, con presencia argentina, buscar\u00e1 la final de la Sudamericana ante Corinthians"},"content":{"rendered":"<div>\n<figure class=\"mb-3\"><img decoding=\"async\" src=\"https:\/\/www.telam.com.ar\/thumbs\/bluesteel\/advf\/imagenes\/2023\/10\/651bf0d5e40fb_1200.jpg\" class=\" lazy \" width=\"100%\" height=\"100%\" alt=\"Foto Xex Twitter FortalezaEC\"\/><figcaption> Foto: X(ex Twitter) @FortalezaEC. <\/figcaption><\/figure>\n<p><strong>Fortaleza<\/strong>, equipo brasile\u00f1o dirigido por Juan Pablo Vojvoda e integrado por seis futbolistas argentinos,<strong> recibir\u00e1<\/strong> este martes<strong> a<\/strong> <strong>Corinthians por la semifinal de vuelta de la Copa Sudamericana, tras el empate en un gol en el partido de ida.<\/strong><\/p>\n<p>El encuentro se jugar\u00e1 a partir de las 21.30 en el estadio Castelao de la ciudad de Fortaleza, con el colombiano Andr\u00e9s Rojas de \u00e1rbitro y TV a cargo de ESPN, Star+ y DirecTV Sports.<\/p>\n<p>En el encuentro de ida jugado en San Pablo, Fortaleza, con Emanuel Br\u00edtez, Tom\u00e1s Pochettino y Juan Mart\u00edn Lucero de titulares m\u00e1s Imanol Machuca, Gonzalo Escobar y Silvio Romero como suplentes, y Corinthians, con Fausto Vera en el banco, igualaron 1-1.<\/p>\n<p>El ganador jugar\u00e1 la final \u00fanica el 28 de octubre en Uruguay, en el estadio Domingo Burgue\u00f1o Miguel, en Punta del Este, ante Liga de Quito o Defensa y Justicia.<\/p>\n<p>El equipo del argentino Vojvoda afrontar\u00e1 un partido hist\u00f3rico ya que est\u00e1 a un paso de su primera final internacional luego de apenas tres participaciones.<\/p>\n<p>Corinthians, eliminado en la etapa de grupos de la Libertadores y verdugo de Newell&#8217;s y Estudiantes en la fase final de la Sudamericana, llega golpeado futbol\u00edsticamente ya que despu\u00e9s del partido de ida fue despedido el experimentado DT Vanderlei Luxemburgo.<\/p>\n<p>En su lugar debutar\u00e1 otro entrenador con recorrido como Mano Menezes, quien dirigi\u00f3 al seleccionado brasile\u00f1o entre 2011 y 2012.<\/p>\n<p>El nuevo DT no pudo estar el s\u00e1bado por suspensi\u00f3n en la derrota del \u00abTimao\u00bb en el cl\u00e1sico paulista ante San Pablo (2-1) por una vieja suspensi\u00f3n, y esta noche ser\u00e1 su primera vez al frente del equipo.<\/p>\n<p><iframe loading=\"lazy\" src=\"https:\/\/estdeportes.telam.com.ar\/html\/v3\/minapp\/modules\/futbol\/gamecast\/gamecast.html?channel=deportes.futbol.sudamericana.648626&amp;lang=es_LA&amp;page=gamecast&amp;hidePagesMenu=true\" width=\"100%\" height=\"1150\" scrolling=\"auto\" style=\"width: 1px; min-width: 100%; *width: 100%;\" class=\"\"><\/iframe> <\/p>\n<\/div>\n<p><script async defer crossorigin=\"anonymous\" src=\"https:\/\/connect.facebook.net\/es_LA\/sdk.js#xfbml=1&#038;version=v12.0\" nonce=\"SBlHQzIF\"><\/script><br \/><a href=\"https:\/\/www.telam.com.ar\/notas\/202310\/642078-futbol-copa-sudamericana-fortaleza-corinthians-semifinal.html\">source<\/a><\/p>\n","protected":false},"excerpt":{"rendered":"<p>Foto: X(ex Twitter) @FortalezaEC. Fortaleza, equipo brasile\u00f1o dirigido por Juan Pablo Vojvoda e integrado por&#8230;<\/p>\n","protected":false},"author":3,"featured_media":10590,"comment_status":"closed","ping_status":"closed","sticky":false,"template":"","format":"standard","meta":{"footnotes":""},"categories":[21],"tags":[],"class_list":["post-10589","post","type-post","status-publish","format-standard","has-post-thumbnail","hentry","category-deportes"],"featured_image_urls":{"full":["https:\/\/fmamiga909.com.ar\/wp-content\/uploads\/2023\/10\/wp-header-logo-28.png",1200,675,false],"thumbnail":["https:\/\/fmamiga909.com.ar\/wp-content\/uploads\/2023\/10\/wp-header-logo-28-150x150.png",150,150,true],"medium":["https:\/\/fmamiga909.com.ar\/wp-content\/uploads\/2023\/10\/wp-header-logo-28-300x169.png",300,169,true],"medium_large":["https:\/\/fmamiga909.com.ar\/wp-content\/uploads\/2023\/10\/wp-header-logo-28.png",1200,675,false],"large":["https:\/\/fmamiga909.com.ar\/wp-content\/uploads\/2023\/10\/wp-header-logo-28-1024x576.png",640,360,true],"1536x1536":["https:\/\/fmamiga909.com.ar\/wp-content\/uploads\/2023\/10\/wp-header-logo-28.png",1200,675,false],"2048x2048":["https:\/\/fmamiga909.com.ar\/wp-content\/uploads\/2023\/10\/wp-header-logo-28.png",1200,675,false],"newsium-slider-full":["https:\/\/fmamiga909.com.ar\/wp-content\/uploads\/2023\/10\/wp-header-logo-28.png",1200,675,false],"newsium-featured":["https:\/\/fmamiga909.com.ar\/wp-content\/uploads\/2023\/10\/wp-header-logo-28-1024x576.png",1024,576,true],"newsium-medium":["https:\/\/fmamiga909.com.ar\/wp-content\/uploads\/2023\/10\/wp-header-logo-28-720x475.png",720,475,true]},"author_info":{"display_name":"Fredy Giuliano","author_link":"https:\/\/fmamiga909.com.ar\/?author=3"},"category_info":"<a href=\"https:\/\/fmamiga909.com.ar\/?cat=21\" rel=\"category\">Deportes<\/a>","tag_info":"Deportes","comment_count":"0","_links":{"self":[{"href":"https:\/\/fmamiga909.com.ar\/index.php?rest_route=\/wp\/v2\/posts\/10589","targetHints":{"allow":["GET"]}}],"collection":[{"href":"https:\/\/fmamiga909.com.ar\/index.php?rest_route=\/wp\/v2\/posts"}],"about":[{"href":"https:\/\/fmamiga909.com.ar\/index.php?rest_route=\/wp\/v2\/types\/post"}],"author":[{"embeddable":true,"href":"https:\/\/fmamiga909.com.ar\/index.php?rest_route=\/wp\/v2\/users\/3"}],"replies":[{"embeddable":true,"href":"https:\/\/fmamiga909.com.ar\/index.php?rest_route=%2Fwp%2Fv2%2Fcomments&post=10589"}],"version-history":[{"count":0,"href":"https:\/\/fmamiga909.com.ar\/index.php?rest_route=\/wp\/v2\/posts\/10589\/revisions"}],"wp:featuredmedia":[{"embeddable":true,"href":"https:\/\/fmamiga909.com.ar\/index.php?rest_route=\/wp\/v2\/media\/10590"}],"wp:attachment":[{"href":"https:\/\/fmamiga909.com.ar\/index.php?rest_route=%2Fwp%2Fv2%2Fmedia&parent=10589"}],"wp:term":[{"taxonomy":"category","embeddable":true,"href":"https:\/\/fmamiga909.com.ar\/index.php?rest_route=%2Fwp%2Fv2%2Fcategories&post=10589"},{"taxonomy":"post_tag","embeddable":true,"href":"https:\/\/fmamiga909.com.ar\/index.php?rest_route=%2Fwp%2Fv2%2Ftags&post=10589"}],"curies":[{"name":"wp","href":"https:\/\/api.w.org\/{rel}","templated":true}]}}