{"id":10607,"date":"2023-10-05T07:04:17","date_gmt":"2023-10-05T07:04:17","guid":{"rendered":"https:\/\/fmamiga909.com.ar\/?p=10607"},"modified":"2023-10-05T07:04:17","modified_gmt":"2023-10-05T07:04:17","slug":"defensa-y-justicia-busca-una-remontada-epica-ante-liga-deportiva-de-ecuador","status":"publish","type":"post","link":"https:\/\/fmamiga909.com.ar\/?p=10607","title":{"rendered":"Defensa y Justicia busca una remontada \u00e9pica ante Liga Deportiva de Ecuador"},"content":{"rendered":"<div>\n<figure class=\"mb-3\"><img decoding=\"async\" src=\"https:\/\/www.telam.com.ar\/thumbs\/bluesteel\/advf\/imagenes\/2023\/10\/651e055682ca5_1200.jpg\" class=\" lazy \" width=\"100%\" height=\"100%\" alt=\"Foto Alfredo Luna\"\/><figcaption> Foto: Alfredo Luna. <\/figcaption><\/figure>\n<p> Defensa y Justicia fue eliminado de la Copa Sudamericana este mi\u00e9rcoles por la noche al igualar sin goles, en el estadio de Lan\u00fas, con Liga Deportiva Universitaria de Quito, Ecuador, y cerrar la llave de semifinales con una derrota por 3 a 0, producto de la ca\u00edda en el partido de ida.<\/p>\n<p>El conjunto dirigido por Julio Vaccari <strong>intent\u00f3 durante todo el encuentro, gener\u00f3 muchas oportunidades de gol, pero no pudo doblegar a la defensa y al arquero de un equipo ecuatoriano que aprovech\u00f3 la ventaja inicial con un planteo defensivo.<\/strong><\/p>\n<p>Liga, dirigido por el argentino Luis Zubeld\u00eda, donde fueron titulares el defensor nacional Facundo Rodr\u00edguez y los volantes Mauricio Mart\u00ednez y Ezequiel Piovi, hizo su negocio, no pas\u00f3 mayores sobresaltos y cerr\u00f3 su pase a la final de manera contundente.<\/p>\n<p><figure class=\"mb-3\"><img decoding=\"async\" src=\"https:\/\/www.telam.com.ar\/thumbs\/bluesteel\/advf\/imagenes\/2023\/10\/651e05566498c_1200.jpg\" class=\" lazy \" width=\"100%\" height=\"100%\" alt=\"Foto Alfredo Luna\"\/><figcaption> Foto: Alfredo Luna. <\/figcaption><\/figure>\n<p>El \u2018Halc\u00f3n\u2019 tuvo un comienzo alentador, con una actitud ofensiva que deriv\u00f3 en su primera oportunidad clara a los 5 minutos, mediante un cabezazo del defensor Tom\u00e1s Cardona que dio en el palo, y un posterior disparo del volante Gast\u00f3n Togni, en el rebote, que se fue cerca.<\/p>\n<p><strong>El conjunto local nunca cedi\u00f3 el protagonismo, pero, con el correr de los minutos, los ecuatorianos se sintieron cada vez m\u00e1s c\u00f3modos y descansaron en una actuaci\u00f3n firme del arquero Alexander Dom\u00ednguez.<\/strong><\/p>\n<p>Poco despu\u00e9s del cuarto de hora, lleg\u00f3 el primer contraataque serio de la visita, cuando el delantero peruano Paolo Guerrero recibi\u00f3 con libertad y habilit\u00f3 al atacante Jhojan Julio, quien defini\u00f3 mal ante la salida de Enrique Bologna.<\/p>\n<p><figure class=\"mb-3\"><img decoding=\"async\" src=\"https:\/\/www.telam.com.ar\/thumbs\/bluesteel\/advf\/imagenes\/2023\/10\/651deed654e77_1200.jpg\" class=\" lazy \" width=\"100%\" height=\"100%\" alt=\"Foto Alfredo Luna\"\/><figcaption> Foto: Alfredo Luna. <\/figcaption><\/figure>\n<p>A pesar del buen primer tiempo de Togni, del mediocampista David Barbona y del lateral Dar\u00edo C\u00e1ceres, los de Varela, cada vez con m\u00e1s dificultades para crear juego, recurrieron a centros largos y disparos de media distancia.<\/p>\n<p>La figura de Dom\u00ednguez se erigi\u00f3 producto de dos buenas atajadas a tiros de Barbona sobre el final, y el \u2018Halc\u00f3n\u2019 se fue al entretiempo con sabor a poco.<\/p>\n<p>Vaccari decidi\u00f3 sacar a uno de sus cuatro amonestados de cara al complemento, y efectu\u00f3 el ingres\u00f3 del volante Manuel Duarte en lugar de Juli\u00e1n L\u00f3pez.<\/p>\n<p><figure class=\"mb-3\"><img decoding=\"async\" src=\"https:\/\/www.telam.com.ar\/thumbs\/bluesteel\/advf\/imagenes\/2023\/10\/651deed63372a_1200.jpg\" class=\" lazy \" width=\"100%\" height=\"100%\" alt=\"Foto Alfredo Luna\"\/><figcaption> Foto: Alfredo Luna. <\/figcaption><\/figure>\n<p>Los siguientes 20 minutos se desarrollaron de manera parecida a la etapa inicial, con un Defensa y Justicia plantado en ataque y un Liga cada vez m\u00e1s aferrado al resultado, aunque con algo m\u00e1s de determinaci\u00f3n para generar contraataques.<\/p>\n<p>De esta manera, lleg\u00f3 un disparo a colocar del goleador Paolo Guerrero, de 39 a\u00f1os, que dio en el palo izquierdo de Enrique Bologna, y m\u00e1s tarde un disparo de zurda que tambi\u00e9n tap\u00f3 el ex arquero campe\u00f3n de Am\u00e9rica con River Plate.<\/p>\n<p>Los de Florencio Varela siguieron probando con tiros de Barbona y de Togni, junto a centros del atacante Santiago Solari, quien ingres\u00f3 a los 21 minutos del complemento.<\/p>\n<p><figure class=\"mb-3\"><img decoding=\"async\" src=\"https:\/\/www.telam.com.ar\/thumbs\/bluesteel\/advf\/imagenes\/2023\/10\/651de9ac359b8_1200.jpg\" class=\" lazy \" width=\"100%\" height=\"100%\" alt=\"Foto Alfredo Luna\"\/><figcaption> Foto: Alfredo Luna. <\/figcaption><\/figure>\n<p>Adem\u00e1s de Dom\u00ednguez, las figuras de los defensores visitantes Jos\u00e9 Quintero y del haitiano Ricardo Ad\u00e9 se agrandaron por su firmeza ante el vuelo del \u2018Halc\u00f3n\u2019.<\/p>\n<p>Ya sin tiempo para la remontada \u00e9pica, el equipo de Vaccari nunca dej\u00f3 de atacar y tuvo un cabezazo en el travesa\u00f1o del delantero Andr\u00e9s R\u00edos y otro de Lucas Pratto que volvi\u00f3 a impedir Dom\u00ednguez.<\/p>\n<p>M\u00e1s all\u00e1 del desgaste que realiz\u00f3 Defensa y Justicia, a la altura de la decisiva instancia, sinti\u00f3 la ausencia de su m\u00e1ximo goleador en el certamen, el delantero lesionado Nicol\u00e1s Fern\u00e1ndez, y, sumado a una cuota de infortunio, <strong>se qued\u00f3 sin oportunidad de disputar una nueva final de Copa Sudamericana.<\/strong><\/p>\n<p><figure class=\"mb-3\"><img decoding=\"async\" src=\"https:\/\/www.telam.com.ar\/thumbs\/bluesteel\/advf\/imagenes\/2023\/10\/651de9ac1b5d3_1200.jpg\" class=\" lazy \" width=\"100%\" height=\"100%\" alt=\"Foto Alfredo Luna\"\/><figcaption> Foto: Alfredo Luna. <\/figcaption><\/figure>\n<p><strong>El partido por el t\u00edtulo ser\u00e1 entre directores t\u00e9cnicos argentinos<\/strong>, ya que Liga de Quito se enfrentar\u00e1 a Fortaleza, de Brasil, dirigido por Juan Pablo Vojvoda, que este mi\u00e9rcoles elimin\u00f3 a Corinthians con un resultado global de 3 a 1.<\/p>\n<p>Esa definici\u00f3n tendr\u00e1 lugar el s\u00e1bado 28 de octubre en el estadio Domingo Burgue\u00f1o Miguel, de la ciudad de Maldonado, en Uruguay.<\/p>\n<p>Por su parte, el \u2018Halc\u00f3n\u2019 se enfocar\u00e1 en el pr\u00f3ximo duelo por la Copa de la Liga Profesional, donde visitar\u00e1 a Lan\u00fas el s\u00e1bado a las 19.00, para luego viajar a Santa Fe y enfrentar a Chaco For Ever el mi\u00e9rcoles a las 21.10, en duelo correspondiente a los cuartos de final de Copa Argentina.<\/p>\n<p><iframe loading=\"lazy\" src=\"https:\/\/estdeportes.telam.com.ar\/html\/v3\/minapp\/modules\/futbol\/gamecast\/gamecast.html?channel=deportes.futbol.sudamericana.648625&amp;lang=es_LA&amp;page=gamecast&amp;hidePagesMenu=true\" width=\"100%\" height=\"1150\" scrolling=\"auto\" style=\"width: 1px; min-width: 100%; *width: 100%;\" class=\"\"><\/iframe> <\/p>\n<\/div>\n<p><script async defer crossorigin=\"anonymous\" src=\"https:\/\/connect.facebook.net\/es_LA\/sdk.js#xfbml=1&#038;version=v12.0\" nonce=\"SBlHQzIF\"><\/script><br \/><a href=\"https:\/\/www.telam.com.ar\/notas\/202310\/642210-defensa-y-justicia-liga-deportiva-de-ecuador-sudamericana.html\">source<\/a><\/p>\n","protected":false},"excerpt":{"rendered":"<p>Foto: Alfredo Luna. Defensa y Justicia fue eliminado de la Copa Sudamericana este mi\u00e9rcoles por&#8230;<\/p>\n","protected":false},"author":3,"featured_media":10608,"comment_status":"closed","ping_status":"closed","sticky":false,"template":"","format":"standard","meta":{"footnotes":""},"categories":[21],"tags":[],"class_list":["post-10607","post","type-post","status-publish","format-standard","has-post-thumbnail","hentry","category-deportes"],"featured_image_urls":{"full":["https:\/\/fmamiga909.com.ar\/wp-content\/uploads\/2023\/10\/wp-header-logo-35.png",1200,675,false],"thumbnail":["https:\/\/fmamiga909.com.ar\/wp-content\/uploads\/2023\/10\/wp-header-logo-35-150x150.png",150,150,true],"medium":["https:\/\/fmamiga909.com.ar\/wp-content\/uploads\/2023\/10\/wp-header-logo-35-300x169.png",300,169,true],"medium_large":["https:\/\/fmamiga909.com.ar\/wp-content\/uploads\/2023\/10\/wp-header-logo-35.png",1200,675,false],"large":["https:\/\/fmamiga909.com.ar\/wp-content\/uploads\/2023\/10\/wp-header-logo-35-1024x576.png",640,360,true],"1536x1536":["https:\/\/fmamiga909.com.ar\/wp-content\/uploads\/2023\/10\/wp-header-logo-35.png",1200,675,false],"2048x2048":["https:\/\/fmamiga909.com.ar\/wp-content\/uploads\/2023\/10\/wp-header-logo-35.png",1200,675,false],"newsium-slider-full":["https:\/\/fmamiga909.com.ar\/wp-content\/uploads\/2023\/10\/wp-header-logo-35.png",1200,675,false],"newsium-featured":["https:\/\/fmamiga909.com.ar\/wp-content\/uploads\/2023\/10\/wp-header-logo-35-1024x576.png",1024,576,true],"newsium-medium":["https:\/\/fmamiga909.com.ar\/wp-content\/uploads\/2023\/10\/wp-header-logo-35-720x475.png",720,475,true]},"author_info":{"display_name":"Fredy Giuliano","author_link":"https:\/\/fmamiga909.com.ar\/?author=3"},"category_info":"<a href=\"https:\/\/fmamiga909.com.ar\/?cat=21\" rel=\"category\">Deportes<\/a>","tag_info":"Deportes","comment_count":"0","_links":{"self":[{"href":"https:\/\/fmamiga909.com.ar\/index.php?rest_route=\/wp\/v2\/posts\/10607","targetHints":{"allow":["GET"]}}],"collection":[{"href":"https:\/\/fmamiga909.com.ar\/index.php?rest_route=\/wp\/v2\/posts"}],"about":[{"href":"https:\/\/fmamiga909.com.ar\/index.php?rest_route=\/wp\/v2\/types\/post"}],"author":[{"embeddable":true,"href":"https:\/\/fmamiga909.com.ar\/index.php?rest_route=\/wp\/v2\/users\/3"}],"replies":[{"embeddable":true,"href":"https:\/\/fmamiga909.com.ar\/index.php?rest_route=%2Fwp%2Fv2%2Fcomments&post=10607"}],"version-history":[{"count":0,"href":"https:\/\/fmamiga909.com.ar\/index.php?rest_route=\/wp\/v2\/posts\/10607\/revisions"}],"wp:featuredmedia":[{"embeddable":true,"href":"https:\/\/fmamiga909.com.ar\/index.php?rest_route=\/wp\/v2\/media\/10608"}],"wp:attachment":[{"href":"https:\/\/fmamiga909.com.ar\/index.php?rest_route=%2Fwp%2Fv2%2Fmedia&parent=10607"}],"wp:term":[{"taxonomy":"category","embeddable":true,"href":"https:\/\/fmamiga909.com.ar\/index.php?rest_route=%2Fwp%2Fv2%2Fcategories&post=10607"},{"taxonomy":"post_tag","embeddable":true,"href":"https:\/\/fmamiga909.com.ar\/index.php?rest_route=%2Fwp%2Fv2%2Ftags&post=10607"}],"curies":[{"name":"wp","href":"https:\/\/api.w.org\/{rel}","templated":true}]}}