{"id":10687,"date":"2023-10-09T02:06:54","date_gmt":"2023-10-09T02:06:54","guid":{"rendered":"https:\/\/fmamiga909.com.ar\/?p=10687"},"modified":"2023-10-09T02:06:54","modified_gmt":"2023-10-09T02:06:54","slug":"max-verstappen-la-leyenda-en-construccion-de-la-formula-1","status":"publish","type":"post","link":"https:\/\/fmamiga909.com.ar\/?p=10687","title":{"rendered":"Max Verstappen: la leyenda en construcci\u00f3n de la F\u00f3rmula 1"},"content":{"rendered":"<div>\n<figure class=\"mb-3\"><img decoding=\"async\" src=\"https:\/\/www.telam.com.ar\/thumbs\/bluesteel\/advf\/imagenes\/2023\/10\/6521bdeba9f60_1200.jpg\" class=\" lazy \" width=\"100%\" height=\"100%\" alt=\"Foto AFP\"\/><figcaption> Foto: AFP. <\/figcaption><\/figure>\n<p> Entre el rugido de los motores, el olor a combustible y la adrenalina de la velocidad, caracter\u00edsticas t\u00edpicas del ambiente motor, pocas figuras emergieron con tanto brillo como <strong>Max Verstappen<\/strong>, el piloto neerland\u00e9s que este s\u00e1bado <strong>certific\u00f3 su tricampeonato consecutivo de F\u00f3rmula 1.<\/strong><\/p>\n<p>Su historia es una mezcla fascinante de talento innato, determinaci\u00f3n f\u00e9rrea y ascenso mete\u00f3rico a la \u00e9lite del automovilismo mundial, la que domina actualmente con soberbia condici\u00f3n, subido a la m\u00e1quina de la escuder\u00eda Red Bull.<\/p>\n<p>Max Emilian Verstappen naci\u00f3 el 30 de septiembre de 1997 en Hasselt, B\u00e9lgica. Su padre, Jos Verstappen, tambi\u00e9n fue piloto de F\u00f3rmula 1, lo que supone que la pasi\u00f3n por las carreras la incorpor\u00f3 con el biber\u00f3n.<\/p>\n<p><strong>Era apenas un ni\u00f1o cuando qued\u00f3 expuesto al circo de la categor\u00eda reina por el paso de su padre en equipos como Benetton, Tyrrel, Stewart y Minardi entre 1994 y 2003.<\/strong><\/p>\n<p><figure class=\"mb-3\"><img decoding=\"async\" src=\"https:\/\/www.telam.com.ar\/thumbs\/bluesteel\/advf\/imagenes\/2023\/09\/64f4a511a53b8_1200.jpg\" class=\" lazy \" width=\"100%\" height=\"100%\" alt=\"Foto AFP\"\/><figcaption> Foto: AFP. <\/figcaption><\/figure>\n<p>Las cr\u00f3nicas de su vida registran que la primera experiencia al volante se produjo a tierna edad (cuatro a\u00f1os) en karting. Con un talento a flor de piel, Max avanz\u00f3 en esa divisional, tanto en el \u00e1mbito local e internacional, y se lanz\u00f3 luego al automovilismo de monoplazas.<\/p>\n<p>Despu\u00e9s de ganar sus primeros campeonatos y de atraer la atenci\u00f3n de la comunidad automovil\u00edstica, Verstappen dej\u00f3 en claro que lo suyo no era portaci\u00f3n de apellido.<\/p>\n<p>En 2014, se uni\u00f3 equipo Van Amersfoort Racing de la F\u00f3rmula 3 con 17 a\u00f1os expresados en una admirable combinaci\u00f3n de juventud y madurez sobre la pista. Gan\u00f3 diez pruebas, una m\u00e1s que el campe\u00f3n de esa temporada, el franc\u00e9s Esteban Ocon (9), pero finaliz\u00f3 tercero en la clasificaci\u00f3n general de pilotos.<\/p>\n<p>Ese mismo a\u00f1o no pas\u00f3 desapercibido para los equipos de F\u00f3rmula 1 y firm\u00f3 con la Scuderia Toro Rosso, el equipo sat\u00e9lite de Red Bull Racing. Este movimiento lo convirti\u00f3 en el piloto m\u00e1s joven en debutar en la F\u00f3rmula 1, un hito que dej\u00f3 a todos los aficionados expectantes por lo que vendr\u00eda.<\/p>\n<p><figure class=\"mb-3\"><img decoding=\"async\" src=\"https:\/\/www.telam.com.ar\/thumbs\/bluesteel\/advf\/imagenes\/2023\/09\/65102730c1874_1200.jpg\" class=\" lazy \" width=\"100%\" height=\"100%\" alt=\"Foto AFP\"\/><figcaption> Foto: AFP. <\/figcaption><\/figure>\n<p>El estreno ocurri\u00f3 en el Gran Premio de Australia de 2015 y desde el principio demostr\u00f3 que no era un novato cualquiera. Su agresividad en las curvas, su habilidad para adelantar y su determinaci\u00f3n para competir con los pilotos m\u00e1s experimentados llamaron la atenci\u00f3n de todos.<\/p>\n<p>En el Gran Premio de Malasia 2016, cuando todav\u00eda daba sus primeros pasos en el fulgurante mundo de la F1, <strong>Verstappen se convirti\u00f3 en el l\u00edder m\u00e1s joven de una carrera<\/strong>, pero no pudo asegurar la victoria debido a problemas mec\u00e1nicos.<\/p>\n<p>S\u00f3lo tuvo que esperar unos meses para tener su bautismo triunfal. Red Bull Racing, uno de los equipos m\u00e1s exitosos de la categor\u00eda, anunci\u00f3 que Max reemplazar\u00eda al ruso Daniil Kvyat a partir del Gran Premio de Espa\u00f1a.<\/p>\n<p>Y en esa misma carrera, en el circuito de Montmel\u00f3, Verstappen realiz\u00f3 lo impensado: obtuvo en primer puesto y se transform\u00f3 en el piloto m\u00e1s joven en ganar un GP F\u00f3rmula 1 con 18 a\u00f1os, 7 meses y 15 d\u00edas. Hasta entonces el m\u00e9rito le correspond\u00eda al alem\u00e1n Sebastian Vettel (21 a\u00f1os, 2 meses, 11 d\u00edas).<\/p>\n<p>La victoria de Max en Espa\u00f1a no fue un golpe de suerte, algo comprobable con nuevas conquistas en las campa\u00f1as siguientes. Por su estilo de conducci\u00f3n agresivo, que no lo eximi\u00f3 de controversias en pista, el neerland\u00e9s forj\u00f3 diferentes rivalidades como la que mantuvo con el heptacampe\u00f3n mundial <strong>Lewis Hamilton<\/strong> en los a\u00f1os recientes.<\/p>\n<blockquote class=\"twitter-tweet\">\n<p lang=\"en\" dir=\"ltr\">\u00abTo be able to achieve something like this, I can&#8217;t thank you all enough\u00bb \ud83e\udd79<a href=\"https:\/\/twitter.com\/Max33Verstappen?ref_src=twsrc%5Etfw\">@Max33Verstappen<\/a> checks in with his <a href=\"https:\/\/twitter.com\/redbullracing?ref_src=twsrc%5Etfw\">@redbullracing<\/a> family as he becomes a three-time world champion<a href=\"https:\/\/twitter.com\/hashtag\/QatarGP?src=hash&amp;ref_src=twsrc%5Etfw\">#QatarGP<\/a> <a href=\"https:\/\/twitter.com\/hashtag\/F1Sprint?src=hash&amp;ref_src=twsrc%5Etfw\">#F1Sprint<\/a> <a href=\"https:\/\/t.co\/XAaN2IbiEk\">pic.twitter.com\/XAaN2IbiEk<\/a><\/p>\n<p>\u2014 Formula 1 (@F1) <a href=\"https:\/\/twitter.com\/F1\/status\/1710729775139184826?ref_src=twsrc%5Etfw\">October 7, 2023<\/a><\/p><\/blockquote>\n<p><strong>La talla de sus adversarios, al cabo, tambi\u00e9n habla de su grandeza. La lucha entre el joven neerland\u00e9s y el experimentado campe\u00f3n mundial fue una atrayente pulseada en la F1.<\/strong><\/p>\n<p>La temporada 2021 fue particularmente emotiva, ya que Verstappen y Hamilton se enfrentaron en una batalla tit\u00e1nica por el campeonato mundial. Carrera tras carrera, intercambiaron victorias y liderazgo en la clasificaci\u00f3n, hasta llegar al punto m\u00e1ximo de rivalidad en el Gran Premio de Abu Dhabi, donde \u00abMad Max\u00bb se coron\u00f3 campe\u00f3n mundial por primera vez y termin\u00f3 con una hegemon\u00eda de cuatro a\u00f1os por parte del brit\u00e1nico.<\/p>\n<p>Al a\u00f1o siguiente, Verstappen defendi\u00f3 la corona sin complicaciones y en este 2023 directamente desfil\u00f3 hacia el t\u00edtulo desde el inicio mismo del calendario. Gan\u00f3 13 de 16 carreras disputadas, estableci\u00f3 un nuevo r\u00e9cord de triunfos consecutivos (10) en la categor\u00eda y casi que duplic\u00f3 en puntos a su escolta (Sergio P\u00e9rez) en la clasificaci\u00f3n general.<\/p>\n<p>El resumen parcial de Verstappen en la F1 arroja 10 temporadas, 179 Grandes Premios, 48 victorias, 98 podios, 30 pole positions y 28 vueltas r\u00e1pidas con dos escuder\u00edas.<\/p>\n<p>El circuito de Spielberg es el que m\u00e1s veces lo vio festejar con cinco victorias, cuatro por el GP de Austria y una por el GP de Estiria.<\/p>\n<p>A los 26 a\u00f1os, <strong>el legado de Verstappen es completamente impredecible<\/strong>. Su talento impide establecer los l\u00edmites de su potencial deportivo y con la misma velocidad que imprime en pista pide paso entre los grandes que marcaron \u00e9poca en la F\u00f3rmula 1.<\/p>\n<\/div>\n<p><script async src=\"\/\/platform.twitter.com\/widgets.js\" charset=\"utf-8\"><\/script><script async defer crossorigin=\"anonymous\" src=\"https:\/\/connect.facebook.net\/es_LA\/sdk.js#xfbml=1&#038;version=v12.0\" nonce=\"SBlHQzIF\"><\/script><br \/><a href=\"https:\/\/www.telam.com.ar\/notas\/202310\/642722-max-verstappen-leyenda-construccion-formula-uno.html\">source<\/a><\/p>\n","protected":false},"excerpt":{"rendered":"<p>Foto: AFP. Entre el rugido de los motores, el olor a combustible y la adrenalina&#8230;<\/p>\n","protected":false},"author":3,"featured_media":10688,"comment_status":"closed","ping_status":"closed","sticky":false,"template":"","format":"standard","meta":{"footnotes":""},"categories":[21],"tags":[],"class_list":["post-10687","post","type-post","status-publish","format-standard","has-post-thumbnail","hentry","category-deportes"],"featured_image_urls":{"full":["https:\/\/fmamiga909.com.ar\/wp-content\/uploads\/2023\/10\/wp-header-logo-68.png",1200,675,false],"thumbnail":["https:\/\/fmamiga909.com.ar\/wp-content\/uploads\/2023\/10\/wp-header-logo-68-150x150.png",150,150,true],"medium":["https:\/\/fmamiga909.com.ar\/wp-content\/uploads\/2023\/10\/wp-header-logo-68-300x169.png",300,169,true],"medium_large":["https:\/\/fmamiga909.com.ar\/wp-content\/uploads\/2023\/10\/wp-header-logo-68.png",1200,675,false],"large":["https:\/\/fmamiga909.com.ar\/wp-content\/uploads\/2023\/10\/wp-header-logo-68-1024x576.png",640,360,true],"1536x1536":["https:\/\/fmamiga909.com.ar\/wp-content\/uploads\/2023\/10\/wp-header-logo-68.png",1200,675,false],"2048x2048":["https:\/\/fmamiga909.com.ar\/wp-content\/uploads\/2023\/10\/wp-header-logo-68.png",1200,675,false],"newsium-slider-full":["https:\/\/fmamiga909.com.ar\/wp-content\/uploads\/2023\/10\/wp-header-logo-68.png",1200,675,false],"newsium-featured":["https:\/\/fmamiga909.com.ar\/wp-content\/uploads\/2023\/10\/wp-header-logo-68-1024x576.png",1024,576,true],"newsium-medium":["https:\/\/fmamiga909.com.ar\/wp-content\/uploads\/2023\/10\/wp-header-logo-68-720x475.png",720,475,true]},"author_info":{"display_name":"Fredy Giuliano","author_link":"https:\/\/fmamiga909.com.ar\/?author=3"},"category_info":"<a href=\"https:\/\/fmamiga909.com.ar\/?cat=21\" rel=\"category\">Deportes<\/a>","tag_info":"Deportes","comment_count":"0","_links":{"self":[{"href":"https:\/\/fmamiga909.com.ar\/index.php?rest_route=\/wp\/v2\/posts\/10687","targetHints":{"allow":["GET"]}}],"collection":[{"href":"https:\/\/fmamiga909.com.ar\/index.php?rest_route=\/wp\/v2\/posts"}],"about":[{"href":"https:\/\/fmamiga909.com.ar\/index.php?rest_route=\/wp\/v2\/types\/post"}],"author":[{"embeddable":true,"href":"https:\/\/fmamiga909.com.ar\/index.php?rest_route=\/wp\/v2\/users\/3"}],"replies":[{"embeddable":true,"href":"https:\/\/fmamiga909.com.ar\/index.php?rest_route=%2Fwp%2Fv2%2Fcomments&post=10687"}],"version-history":[{"count":0,"href":"https:\/\/fmamiga909.com.ar\/index.php?rest_route=\/wp\/v2\/posts\/10687\/revisions"}],"wp:featuredmedia":[{"embeddable":true,"href":"https:\/\/fmamiga909.com.ar\/index.php?rest_route=\/wp\/v2\/media\/10688"}],"wp:attachment":[{"href":"https:\/\/fmamiga909.com.ar\/index.php?rest_route=%2Fwp%2Fv2%2Fmedia&parent=10687"}],"wp:term":[{"taxonomy":"category","embeddable":true,"href":"https:\/\/fmamiga909.com.ar\/index.php?rest_route=%2Fwp%2Fv2%2Fcategories&post=10687"},{"taxonomy":"post_tag","embeddable":true,"href":"https:\/\/fmamiga909.com.ar\/index.php?rest_route=%2Fwp%2Fv2%2Ftags&post=10687"}],"curies":[{"name":"wp","href":"https:\/\/api.w.org\/{rel}","templated":true}]}}