{"id":10693,"date":"2023-10-09T10:28:35","date_gmt":"2023-10-09T10:28:35","guid":{"rendered":"https:\/\/fmamiga909.com.ar\/?p=10693"},"modified":"2023-10-09T10:28:35","modified_gmt":"2023-10-09T10:28:35","slug":"moccia-vamos-a-los-panamericanos-con-mucha-expectativa-e-ilusion","status":"publish","type":"post","link":"https:\/\/fmamiga909.com.ar\/?p=10693","title":{"rendered":"Moccia: &quot;Vamos a los Panamericanos con mucha expectativa e ilusi\u00f3n&quot;"},"content":{"rendered":"<div>\n<figure class=\"mb-3\"><img decoding=\"async\" src=\"https:\/\/www.telam.com.ar\/thumbs\/bluesteel\/advf\/imagenes\/2023\/10\/6521a6f36db0c_1200.jpg\" class=\" lazy \" width=\"100%\" height=\"100%\" alt=\"La delegacin argentina que suea en grande para los Panamericanos 2023 Foto Facebook COA \"\/><figcaption> La delegaci\u00f3n argentina, que sue\u00f1a en grande para los Panamericanos 2023 |Foto: Facebook COA <\/figcaption><\/figure>\n<p> Mario Moccia, asegur\u00f3 que la delegaci\u00f3n nacional de compuesta por 522 atletas de 37 disciplinas ir\u00e1 \u00abcon mucha expectativa e ilusi\u00f3n a los Juegos Panamericanos\u00bb de Santiago de Chile, que se disputar\u00e1n entre el pr\u00f3ximo 20 de octubre y el 5 de noviembre.<\/p>\n<p>\u201cEstamos muy felices, hemos trabajado y nos hemos preparado mucho. En esta competencia vamos a poder mostrar cu\u00e1l es el nivel que tenemos en cada una de las disciplinas\u00bb, afirm\u00f3 el m\u00e1ximo dirigente del deporte ol\u00edmpico en el pa\u00eds.<\/p>\n<p>\u00abSobre los 40 deportes de los Juegos Ol\u00edmpicos, Argentina va a competir en 37 ya que beisbol, s\u00f3ftbol y bowling no son parte de la delegaci\u00f3n. Llevamos 275 varones y 247 mujeres\u00bb, inform\u00f3 en el acto de presentaci\u00f3n de la indumentaria oficial de la firma Le Coq Sportif.<\/p>\n<p><figure class=\"mb-3\"><img decoding=\"async\" src=\"https:\/\/www.telam.com.ar\/thumbs\/bluesteel\/advf\/imagenes\/2021\/10\/6161df8e6d6b9_1200.jpg\" class=\" lazy \" width=\"100%\" height=\"100%\" alt=\"Mario Moccia titular del COA Foto Eliana Obregn Archivo\"\/><figcaption> Mario Moccia, titular del COA | Foto: Eliana Obreg\u00f3n &#8211; Archivo <\/figcaption><\/figure>\n<p>Moccia esper\u00f3 \u00abestar a tono con con los resultados\u00bb en Santiago 2023, \u00abque sean similares a los de los Juegos Panamericanos de Lima 2019\u00bb, en los que Argentina ocup\u00f3 el quinto lugar con una producci\u00f3n de 100 medallas (33 de oro, 33 de plata y 34 de bronce).<\/p>\n<p>\u00abSabemos que hay recambio en algunos deportes, que hay situaciones que no est\u00e1n de la misma manera que en Lima, pero somos optimistas y creemos que vamos a tener un excelente desempe\u00f1o\u201d, acept\u00f3.<\/p>\n<p>La delegaci\u00f3n argentina tendr\u00e1 su despedida oficial el pr\u00f3ximo mi\u00e9rcoles a las 17:00 en las instalaciones del Cenard y luego partir\u00e1 para la capital chilena. \u00abEse mismo d\u00eda se va Carlos Ferrea (Jefe de Misi\u00f3n) con parte de la avanzada del staff para hacer el registro de la delegaci\u00f3n. El 12 nos vamos Sergio Groupierre (secretario general del COA) y de ah\u00ed en m\u00e1s ir\u00e1 saliendo todo el grupo para recibir a los primeros deportistas el 16 en la Villa Panamericana\u201d, detall\u00f3 Moccia.<\/p>\n<p><strong>\u201cVamos a tener una Casa Argentina en Santiago para homenajear a nuestros medallistas, para hacer reuniones con la prensa y otros eventos. Va a ser un lugar de encuentro por fuera de la Villa Panamericana\u201d<\/strong> adelant\u00f3.<\/p>\n<p>La presentaci\u00f3n de la indumentaria argentina se realiz\u00f3 en el barrio porte\u00f1o de Palermo con presencia de 150 atletas, los principales dirigentes del COA y las autoridades de Le Coq Sportif.<\/p>\n<p>La excampeona ol\u00edmpica Paula Pareto, representante de los atletas en la Mesa Directiva del COA, le dej\u00f3 un mensaje a los deportistas: \u00abCuando salgan a competir, piensen en todo el esfuerzo que hicieron, h\u00e1ganlo valer la pena y luchen con el coraz\u00f3n. \u00a1Con garra, agallas y coraz\u00f3n podemos llegar a cumplir nuestros sue\u00f1os! Sepan que representan a todos los argentinos y que vamos a estar ah\u00ed apoy\u00e1ndolos\u201d.<\/p>\n<p><iframe loading=\"lazy\" src=\"https:\/\/www.facebook.com\/plugins\/post.php?href=https%3A%2F%2Fwww.facebook.com%2FComiteOlimpicoARG%2Fposts%2Fpfbid02oaKqh8fj4xw2ShWFvsouq13aSRUCVvwjUeEEA7hx3sVmrKQJMiU5YDgVPZugAzYYl&amp;show_text=true&amp;width=500\" width=\"500\" height=\"709\" style=\"border:none;overflow:hidden\" scrolling=\"no\" frameborder=\"0\" allowfullscreen=\"true\" allow=\"autoplay; clipboard-write; encrypted-media; picture-in-picture; web-share\"><\/iframe> <\/p>\n<\/div>\n<p><script async defer crossorigin=\"anonymous\" src=\"https:\/\/connect.facebook.net\/es_LA\/sdk.js#xfbml=1&#038;version=v12.0\" nonce=\"SBlHQzIF\"><\/script><br \/><a href=\"https:\/\/www.telam.com.ar\/notas\/202310\/642715-mario-mocciajuegos-panamericanos-2023-santiago-delegacion-indumentaria-coa-comite-olimpico-argentino.html\">source<\/a><\/p>\n","protected":false},"excerpt":{"rendered":"<p>La delegaci\u00f3n argentina, que sue\u00f1a en grande para los Panamericanos 2023 |Foto: Facebook COA Mario&#8230;<\/p>\n","protected":false},"author":3,"featured_media":10694,"comment_status":"closed","ping_status":"closed","sticky":false,"template":"","format":"standard","meta":{"footnotes":""},"categories":[21],"tags":[],"class_list":["post-10693","post","type-post","status-publish","format-standard","has-post-thumbnail","hentry","category-deportes"],"featured_image_urls":{"full":["https:\/\/fmamiga909.com.ar\/wp-content\/uploads\/2023\/10\/wp-header-logo-71.png",1200,675,false],"thumbnail":["https:\/\/fmamiga909.com.ar\/wp-content\/uploads\/2023\/10\/wp-header-logo-71-150x150.png",150,150,true],"medium":["https:\/\/fmamiga909.com.ar\/wp-content\/uploads\/2023\/10\/wp-header-logo-71-300x169.png",300,169,true],"medium_large":["https:\/\/fmamiga909.com.ar\/wp-content\/uploads\/2023\/10\/wp-header-logo-71.png",1200,675,false],"large":["https:\/\/fmamiga909.com.ar\/wp-content\/uploads\/2023\/10\/wp-header-logo-71-1024x576.png",640,360,true],"1536x1536":["https:\/\/fmamiga909.com.ar\/wp-content\/uploads\/2023\/10\/wp-header-logo-71.png",1200,675,false],"2048x2048":["https:\/\/fmamiga909.com.ar\/wp-content\/uploads\/2023\/10\/wp-header-logo-71.png",1200,675,false],"newsium-slider-full":["https:\/\/fmamiga909.com.ar\/wp-content\/uploads\/2023\/10\/wp-header-logo-71.png",1200,675,false],"newsium-featured":["https:\/\/fmamiga909.com.ar\/wp-content\/uploads\/2023\/10\/wp-header-logo-71-1024x576.png",1024,576,true],"newsium-medium":["https:\/\/fmamiga909.com.ar\/wp-content\/uploads\/2023\/10\/wp-header-logo-71-720x475.png",720,475,true]},"author_info":{"display_name":"Fredy Giuliano","author_link":"https:\/\/fmamiga909.com.ar\/?author=3"},"category_info":"<a href=\"https:\/\/fmamiga909.com.ar\/?cat=21\" rel=\"category\">Deportes<\/a>","tag_info":"Deportes","comment_count":"0","_links":{"self":[{"href":"https:\/\/fmamiga909.com.ar\/index.php?rest_route=\/wp\/v2\/posts\/10693","targetHints":{"allow":["GET"]}}],"collection":[{"href":"https:\/\/fmamiga909.com.ar\/index.php?rest_route=\/wp\/v2\/posts"}],"about":[{"href":"https:\/\/fmamiga909.com.ar\/index.php?rest_route=\/wp\/v2\/types\/post"}],"author":[{"embeddable":true,"href":"https:\/\/fmamiga909.com.ar\/index.php?rest_route=\/wp\/v2\/users\/3"}],"replies":[{"embeddable":true,"href":"https:\/\/fmamiga909.com.ar\/index.php?rest_route=%2Fwp%2Fv2%2Fcomments&post=10693"}],"version-history":[{"count":0,"href":"https:\/\/fmamiga909.com.ar\/index.php?rest_route=\/wp\/v2\/posts\/10693\/revisions"}],"wp:featuredmedia":[{"embeddable":true,"href":"https:\/\/fmamiga909.com.ar\/index.php?rest_route=\/wp\/v2\/media\/10694"}],"wp:attachment":[{"href":"https:\/\/fmamiga909.com.ar\/index.php?rest_route=%2Fwp%2Fv2%2Fmedia&parent=10693"}],"wp:term":[{"taxonomy":"category","embeddable":true,"href":"https:\/\/fmamiga909.com.ar\/index.php?rest_route=%2Fwp%2Fv2%2Fcategories&post=10693"},{"taxonomy":"post_tag","embeddable":true,"href":"https:\/\/fmamiga909.com.ar\/index.php?rest_route=%2Fwp%2Fv2%2Ftags&post=10693"}],"curies":[{"name":"wp","href":"https:\/\/api.w.org\/{rel}","templated":true}]}}