{"id":10695,"date":"2023-10-09T12:29:14","date_gmt":"2023-10-09T12:29:14","guid":{"rendered":"https:\/\/fmamiga909.com.ar\/?p=10695"},"modified":"2023-10-09T12:29:14","modified_gmt":"2023-10-09T12:29:14","slug":"defensa-y-justicia-se-recupero-con-una-victoria-y-desato-protestas-en-lanus","status":"publish","type":"post","link":"https:\/\/fmamiga909.com.ar\/?p=10695","title":{"rendered":"Defensa y Justicia se recuper\u00f3 con una victoria y desat\u00f3 protestas en Lan\u00fas"},"content":{"rendered":"<div>\n<figure class=\"mb-3\"><img decoding=\"async\" src=\"https:\/\/www.telam.com.ar\/thumbs\/bluesteel\/advf\/imagenes\/2023\/10\/6521f06cca867_1200.jpg\" class=\" lazy \" width=\"100%\" height=\"100%\" alt=\"Foto Alfredo Luna\"\/><figcaption> Foto: Alfredo Luna. <\/figcaption><\/figure>\n<p><strong>Defensa y Justicia<\/strong> dio vuelta la p\u00e1gina r\u00e1pidamente, luego de quedar eliminado en semifinales de la Copa Sudamericana, y <strong>venci\u00f3 como visitante, a Lan\u00fas, por 2 a 0<\/strong>, resultado que le permiti\u00f3 desatar un sinf\u00edn de cuestionamientos hacia la dirigencia y los jugadores del &#8216;Granate&#8217;.<\/p>\n<p>En un partido correspondiente a la octava fecha del Grupo B de la Copa de la Liga, el Halc\u00f3n se impuso <strong>con tantos de Jonathan Ber\u00f3n y Santiago Solari en el segundo tiempo.<\/strong><\/p>\n<blockquote class=\"twitter-tweet\">\n<p lang=\"es\" dir=\"ltr\">\u00a1\u00a1BLOOPER DE AGUERRE Y GOL DE BER\u00d3N PARA EL 1-0 DE DEFENSA ANTE LAN\u00daS!! <\/p>\n<p>\ud83d\udcfa <a href=\"https:\/\/twitter.com\/hashtag\/ESPN?src=hash&amp;ref_src=twsrc%5Etfw\">#ESPN<\/a><a href=\"https:\/\/t.co\/f8q9rDGmqR\">pic.twitter.com\/f8q9rDGmqR<\/a><\/p>\n<p>\u2014 SportsCenter (@SC_ESPN) <a href=\"https:\/\/twitter.com\/SC_ESPN\/status\/1710801252978769938?ref_src=twsrc%5Etfw\">October 7, 2023<\/a><\/p><\/blockquote>\n<p>En la primera mitad, el arquero visitante, <strong>Enrique Bologna<\/strong>, le ataj\u00f3 un penal al delantero Jonatan Torres.<\/p>\n<p>El equipo dirigido por Julio Vaccari volvi\u00f3 a ganar luego de cinco partidos en el torneo local y ahora tiene sobre Lan\u00fas, una racha de cuatro partidos invicto. Mientras que por el lado del elenco local, el partido termin\u00f3 mal, bajo una lluvia de cuestionamientos a dirigentes y jugadores.<\/p>\n<p>Lan\u00fas suma ocho partidos sin ganar, con cuatro empatados y cuatro derrotas. Adem\u00e1s acumula 10 goles en contra y apenas 4 tantos a favor.<\/p>\n<blockquote class=\"twitter-tweet\">\n<p lang=\"es\" dir=\"ltr\">\u00a1GOLAZO DE DEFENSA! Gran jugada de Togni y bombazo de Solari para el 2-0 ante Lan\u00fas en la <a href=\"https:\/\/twitter.com\/hashtag\/CopaDeLaLiga?src=hash&amp;ref_src=twsrc%5Etfw\">#CopaDeLaLiga<\/a>. <\/p>\n<p>\ud83d\udcfa <a href=\"https:\/\/twitter.com\/hashtag\/ESPN?src=hash&amp;ref_src=twsrc%5Etfw\">#ESPN<\/a><a href=\"https:\/\/t.co\/mZGZouEJIn\">pic.twitter.com\/mZGZouEJIn<\/a><\/p>\n<p>\u2014 SportsCenter (@SC_ESPN) <a href=\"https:\/\/twitter.com\/SC_ESPN\/status\/1710803626237604011?ref_src=twsrc%5Etfw\">October 7, 2023<\/a><\/p><\/blockquote>\n<p>Para este encuentro, Defensa y Justicia lleg\u00f3 con el dolor de haber sido eliminado en semifinales de Sudamericana y adem\u00e1s con las bajas de varias figuras como su goleador Nicol\u00e1s \u00abUvita\u00bb Fern\u00e1ndez, Kevin Gutierrez, David Barbona y Agust\u00edn Sant&#8217;Anna, adem\u00e1s de sus defensores titulares.<\/p>\n<p>Vaccari env\u00edo a la cancha al juvenil rosarino Thiago Schiavulli como lateral derecho, al volante pampeano Benjam\u00edn Schamine, improvis\u00f3 como central a Juli\u00e1n L\u00f3pez -habitual volante-, mientras que en la delantera recurri\u00f3 al veterano Lucas Pratto y al joven Facundo Echevarr\u00eda.<\/p>\n<p>Por su parte, el DT Sebasti\u00e1n Salom\u00f3n debi\u00f3 trabajar toda la semana para levantar el \u00e1nimo de sus dirigidos luego de perder el cl\u00e1sico ante Banfield. Esta situaci\u00f3n se agrav\u00f3 entresemana, cuando la barra brava del &#8216;Granate&#8217; realiz\u00f3 una repudiable \u00abvisita\u00bb a los futbolistas.<\/p>\n<p>El t\u00e9cnico del local hizo debutar al zaguero uruguayo Gonzalo P\u00e9rez -proveniente de Liverpool de Montevideo- y tambi\u00e9n actu\u00f3 el pibe Julio Soler. En la delantera recurri\u00f3 a Jonatan Torres, debido a una lesi\u00f3n de su goleador Leandro D\u00edaz.<\/p>\n<p>Los locales tuvieron m\u00e1s llegadas pero se encontraron con la figura del primer tiempo: Bologna, quien en los primeros minutos le ataj\u00f3 un cabezazo a quemarropa a Cristian Lema.<\/p>\n<p><figure class=\"mb-3\"><img decoding=\"async\" src=\"https:\/\/www.telam.com.ar\/thumbs\/bluesteel\/advf\/imagenes\/2023\/10\/6521de53aea86_1200.jpg\" class=\" lazy \" width=\"100%\" height=\"100%\" alt=\"Foto Alfredo Luna\"\/><figcaption> Foto: Alfredo Luna. <\/figcaption><\/figure>\n<p>A los 29 minutos, Dario C\u00e1ceres golpe\u00f3 a Pedro De la Vega y el \u00e1rbitro Fernando Espinoza sancion\u00f3 penal. Entonces, Torres, ex Sarmiento de Jun\u00edn, ejecut\u00f3 el disparo que fue detenido por el golero visitante, que se convirti\u00f3 en la figura de esos 45m. iniciales<\/p>\n<p>En el otro extremo de las calificaciones se puede ubicar al siempre flojo \u00e1rbitro Espinoza quien en media hora amonest\u00f3 a los juveniles visitantes Schiavulli y Schamine por faltas leves, y pareci\u00f3 que lo hac\u00eda con la intenci\u00f3n de amedrentar a futbolistas con un par de partidos en Primera.<\/p>\n<p>A los pocos minutos de iniciarse el segundo tiempo y luego de que Alan Aguerre le negara el gol a Gonzalo Castellani, el p\u00fablico de Lan\u00fas comenz\u00f3 a criticar al plantel y exigir un cambio de actitud a sus futbolistas.<\/p>\n<p>El arquero de Lan\u00fas volvi\u00f3 a lucirse ante un remate de Santiago Solari, lo que marcaba que Defensa sali\u00f3 mejor acomodado y con una actitud m\u00e1s agresiva en la segunda etapa.<\/p>\n<p><figure class=\"mb-3\"><img decoding=\"async\" src=\"https:\/\/www.telam.com.ar\/thumbs\/bluesteel\/advf\/imagenes\/2023\/10\/6521f0832d3f1_1200.jpg\" class=\" lazy \" width=\"100%\" height=\"100%\" alt=\"Foto Alfredo Luna\"\/><figcaption> Foto: Alfredo Luna. <\/figcaption><\/figure>\n<p>Pero a los 31m. lleg\u00f3 la jugada que cambi\u00f3 el partido. Defensa presion\u00f3 bien la salida de Lan\u00fas, los defensores se la pasaron a Aguerre que la domin\u00f3 bien, pero no vio a Gast\u00f3n Togni que lo encim\u00f3 y logr\u00f3 un rebote que deriv\u00f3 en que la pelota fuera hacia el exdelantero de V\u00e9lez Sarsfield, Ber\u00f3n, que convirti\u00f3 su primer gol en Primera.<\/p>\n<p>El tanto de los de Florencio Varela abri\u00f3 la &#8216;Caja de Pandora&#8217; para la dirigencia y los jugadores de Lan\u00fas, ya que el p\u00fablico local enton\u00f3 el cl\u00e1sico \u00abque se vayan todos\u00bb tamizado con insultos a algunas jugadores, m\u00e1s el pedido de ingreso al \u00eddolo Jos\u00e9 \u00abPepe\u00bb Sand, a quien Salom\u00f3n envi\u00f3 r\u00e1pidamente al campo de juego para bajar la sensaci\u00f3n t\u00e9rmica del pueblo granate.<\/p>\n<p>El local quedaba muy mal parado y Defensa lo aprovech\u00f3 con una buena jugada entre los ingresados Ber\u00f3n y Togni que deriv\u00f3 en Solari, quien se sac\u00f3 dos defensores de encima dentro del \u00e1rea, se abri\u00f3 el hueco y la clav\u00f3 en el segundo palo, abajo, para asegurar la victoria del &#8216;Halc\u00f3n&#8217;.<\/p>\n<p><iframe loading=\"lazy\" src=\"https:\/\/estdeportes.telam.com.ar\/html\/v3\/minapp\/modules\/futbol\/gamecast\/gamecast.html?channel=deportes.futbol.copalpf.643526&amp;lang=es_LA&amp;page=gamecast&amp;hidePagesMenu=true\" width=\"100%\" height=\"1150\" scrolling=\"auto\" style=\"width: 1px; min-width: 100%; *width: 100%;\" class=\"\"><\/iframe><\/p>\n<\/div>\n<p><script async src=\"\/\/platform.twitter.com\/widgets.js\" charset=\"utf-8\"><\/script><script async defer crossorigin=\"anonymous\" src=\"https:\/\/connect.facebook.net\/es_LA\/sdk.js#xfbml=1&#038;version=v12.0\" nonce=\"SBlHQzIF\"><\/script><br \/><a href=\"https:\/\/www.telam.com.ar\/notas\/202310\/642604-defensa-y-justicia-lanus-copa-de-la-liga.html\">source<\/a><\/p>\n","protected":false},"excerpt":{"rendered":"<p>Foto: Alfredo Luna. Defensa y Justicia dio vuelta la p\u00e1gina r\u00e1pidamente, luego de quedar eliminado&#8230;<\/p>\n","protected":false},"author":3,"featured_media":10696,"comment_status":"closed","ping_status":"closed","sticky":false,"template":"","format":"standard","meta":{"footnotes":""},"categories":[21],"tags":[],"class_list":["post-10695","post","type-post","status-publish","format-standard","has-post-thumbnail","hentry","category-deportes"],"featured_image_urls":{"full":["https:\/\/fmamiga909.com.ar\/wp-content\/uploads\/2023\/10\/wp-header-logo-72.png",1200,675,false],"thumbnail":["https:\/\/fmamiga909.com.ar\/wp-content\/uploads\/2023\/10\/wp-header-logo-72-150x150.png",150,150,true],"medium":["https:\/\/fmamiga909.com.ar\/wp-content\/uploads\/2023\/10\/wp-header-logo-72-300x169.png",300,169,true],"medium_large":["https:\/\/fmamiga909.com.ar\/wp-content\/uploads\/2023\/10\/wp-header-logo-72.png",1200,675,false],"large":["https:\/\/fmamiga909.com.ar\/wp-content\/uploads\/2023\/10\/wp-header-logo-72-1024x576.png",640,360,true],"1536x1536":["https:\/\/fmamiga909.com.ar\/wp-content\/uploads\/2023\/10\/wp-header-logo-72.png",1200,675,false],"2048x2048":["https:\/\/fmamiga909.com.ar\/wp-content\/uploads\/2023\/10\/wp-header-logo-72.png",1200,675,false],"newsium-slider-full":["https:\/\/fmamiga909.com.ar\/wp-content\/uploads\/2023\/10\/wp-header-logo-72.png",1200,675,false],"newsium-featured":["https:\/\/fmamiga909.com.ar\/wp-content\/uploads\/2023\/10\/wp-header-logo-72-1024x576.png",1024,576,true],"newsium-medium":["https:\/\/fmamiga909.com.ar\/wp-content\/uploads\/2023\/10\/wp-header-logo-72-720x475.png",720,475,true]},"author_info":{"display_name":"Fredy Giuliano","author_link":"https:\/\/fmamiga909.com.ar\/?author=3"},"category_info":"<a href=\"https:\/\/fmamiga909.com.ar\/?cat=21\" rel=\"category\">Deportes<\/a>","tag_info":"Deportes","comment_count":"0","_links":{"self":[{"href":"https:\/\/fmamiga909.com.ar\/index.php?rest_route=\/wp\/v2\/posts\/10695","targetHints":{"allow":["GET"]}}],"collection":[{"href":"https:\/\/fmamiga909.com.ar\/index.php?rest_route=\/wp\/v2\/posts"}],"about":[{"href":"https:\/\/fmamiga909.com.ar\/index.php?rest_route=\/wp\/v2\/types\/post"}],"author":[{"embeddable":true,"href":"https:\/\/fmamiga909.com.ar\/index.php?rest_route=\/wp\/v2\/users\/3"}],"replies":[{"embeddable":true,"href":"https:\/\/fmamiga909.com.ar\/index.php?rest_route=%2Fwp%2Fv2%2Fcomments&post=10695"}],"version-history":[{"count":0,"href":"https:\/\/fmamiga909.com.ar\/index.php?rest_route=\/wp\/v2\/posts\/10695\/revisions"}],"wp:featuredmedia":[{"embeddable":true,"href":"https:\/\/fmamiga909.com.ar\/index.php?rest_route=\/wp\/v2\/media\/10696"}],"wp:attachment":[{"href":"https:\/\/fmamiga909.com.ar\/index.php?rest_route=%2Fwp%2Fv2%2Fmedia&parent=10695"}],"wp:term":[{"taxonomy":"category","embeddable":true,"href":"https:\/\/fmamiga909.com.ar\/index.php?rest_route=%2Fwp%2Fv2%2Fcategories&post=10695"},{"taxonomy":"post_tag","embeddable":true,"href":"https:\/\/fmamiga909.com.ar\/index.php?rest_route=%2Fwp%2Fv2%2Ftags&post=10695"}],"curies":[{"name":"wp","href":"https:\/\/api.w.org\/{rel}","templated":true}]}}