{"id":10708,"date":"2023-10-09T22:49:47","date_gmt":"2023-10-09T22:49:47","guid":{"rendered":"https:\/\/fmamiga909.com.ar\/?p=10708"},"modified":"2023-10-09T22:49:47","modified_gmt":"2023-10-09T22:49:47","slug":"de-paul-jugo-mas-de-una-hora-en-la-victoria-de-atletico-madrid-ante-real-sociedad","status":"publish","type":"post","link":"https:\/\/fmamiga909.com.ar\/?p=10708","title":{"rendered":"De Paul jug\u00f3 m\u00e1s de una hora en la victoria de Atl\u00e9tico Madrid ante Real Sociedad"},"content":{"rendered":"<div>\n<figure class=\"mb-3\"><img decoding=\"async\" src=\"https:\/\/www.telam.com.ar\/thumbs\/bluesteel\/advf\/imagenes\/2023\/09\/650d97c8776a3_1200.jpg\" class=\" lazy \" width=\"100%\" height=\"100%\" alt=\"Foto Archivo AFP \"\/><figcaption> Foto: Archivo AFP. <\/figcaption><\/figure>\n<p> El mediocampista argentino Rodrigo De Paul, uno de los convocados por el entrenador argentino Lionel Scaloni para la pr\u00f3xima fecha de Eliminatorias Sudamericana, sum\u00f3 minutos desde el inicio en la victoria de Atl\u00e9tico de Madrid ante Real Sociedad 2-1, por la novena fecha de LaLiga de Espa\u00f1a.<\/p>\n<p>El campe\u00f3n mundial en Qatar 2022<strong> jug\u00f3 71 minutos en el estadio Metropolitano de la capital espa\u00f1ola hasta que fue reemplazado por su compa\u00f1ero Sa\u00fal<\/strong>, justo antes que la visita llegara al empate parcial.<\/p>\n<p>Atl\u00e9tico ganaba desde los 22 minutos del primer tiempo con un tanto del brasile\u00f1o Samuel Lino y Real Sociedad igual\u00f3 a los 28 del segundo mediante su capit\u00e1n Mikel Oyarz\u00e1bal. Sobre el final, el equipo de Diego Simeone se qued\u00f3 con los tres puntos gracias a un trio penal convertido por el franc\u00e9s Antoine Griezmann.<\/p>\n<p>De Paul, de 29 a\u00f1os, se recuper\u00f3 recientemente de una lesi\u00f3n muscular que sufri\u00f3 en su \u00faltimo partido con el seleccionado argentino frente a Bolivia, en La Paz, el 12 de septiembre.<\/p>\n<blockquote class=\"twitter-tweet\">\n<p lang=\"es\" dir=\"ltr\">\ud83c\udfa5 Las palabras de De Paul tras el triunfo ante la Real Sociedad. <a href=\"https:\/\/t.co\/EUs8yN0NNJ\">pic.twitter.com\/EUs8yN0NNJ<\/a><\/p>\n<p>\u2014 Atl\u00e9tico de Madrid (@Atleti) <a href=\"https:\/\/twitter.com\/Atleti\/status\/1711089073098502419?ref_src=twsrc%5Etfw\">October 8, 2023<\/a><\/p><\/blockquote>\n<p> Al reintegrarse a su club, se perdi\u00f3 tres compromisos del torneo espa\u00f1ol, entre ellos el derbi con Real Madrid, y volvi\u00f3 el domingo pasado con 29 minutos en la victoria ante C\u00e1diz.<\/p>\n<p>Cuatro d\u00edas despu\u00e9s, por la Liga de Campeones de Europa, regres\u00f3 a la titularidad y jug\u00f3 un tiempo en la victoria ante el Feyenoord de Pa\u00edses Bajos.<\/p>\n<p>De Paul y el lateral derecho Nahuel Molina, tambi\u00e9n presente en la igualdad frente a los vascos, se incorporar\u00e1n al seleccionado para disputar los partidos ante Paraguay y Per\u00fa, previstos el jueves pr\u00f3ximo en Buenos Aires y el martes 17 en Lima, respectivamente.<\/p>\n<h2 class=\"\">Resumen de la 9na. fecha<\/h2>\n<p> Viernes: Athletic Bilbao 3-Almer\u00eda 0.<\/p>\n<p>S\u00e1bado: C\u00e1diz 0 &#8211; Girona 1; Real Madrid 4 &#8211; Osasuna 0; Mallorca 1 &#8211; Valencia 1 y Sevilla 2 &#8211; Rayo Vallecano 2.<\/p>\n<p>Domingo: Villarreal 1 &#8211; Las Palmas 2; Atl\u00e9tico de Madrid 2 &#8211; Real Sociedad 1; Alav\u00e9s 1 &#8211; Betis 1, Celta de Vigo 2 &#8211; Getafe 2 y Granada 2 &#8211; Barcelona 2.<\/p>\n<h2 class=\"\">Posiciones<\/h2>\n<p> Real Madrid 24 puntos; Girona 22; Barcelona 21; Atl\u00e9tico de Madrid 19; Athletic Bilbao 17; Real Sociedad 15; Betis y Rayo Vallecano 13; Valencia y Las Palmas 11; Getafe y Osasuna 10; C\u00e1diz 9; Sevilla, Mallorca, Villarreal y Alav\u00e9s 8; Celta de Vigo y Granada 6; y Almer\u00eda 3. <\/p><\/div>\n<p><script async src=\"\/\/platform.twitter.com\/widgets.js\" charset=\"utf-8\"><\/script><script async defer crossorigin=\"anonymous\" src=\"https:\/\/connect.facebook.net\/es_LA\/sdk.js#xfbml=1&#038;version=v12.0\" nonce=\"SBlHQzIF\"><\/script><br \/><a href=\"https:\/\/www.telam.com.ar\/notas\/202310\/642774-de-paul-suma-minutos-victoria-atletico-real-sociedad.html\">source<\/a><\/p>\n","protected":false},"excerpt":{"rendered":"<p>Foto: Archivo AFP. El mediocampista argentino Rodrigo De Paul, uno de los convocados por el&#8230;<\/p>\n","protected":false},"author":3,"featured_media":10709,"comment_status":"closed","ping_status":"closed","sticky":false,"template":"","format":"standard","meta":{"footnotes":""},"categories":[21],"tags":[],"class_list":["post-10708","post","type-post","status-publish","format-standard","has-post-thumbnail","hentry","category-deportes"],"featured_image_urls":{"full":["https:\/\/fmamiga909.com.ar\/wp-content\/uploads\/2023\/10\/wp-header-logo-77.png",1200,675,false],"thumbnail":["https:\/\/fmamiga909.com.ar\/wp-content\/uploads\/2023\/10\/wp-header-logo-77-150x150.png",150,150,true],"medium":["https:\/\/fmamiga909.com.ar\/wp-content\/uploads\/2023\/10\/wp-header-logo-77-300x169.png",300,169,true],"medium_large":["https:\/\/fmamiga909.com.ar\/wp-content\/uploads\/2023\/10\/wp-header-logo-77.png",1200,675,false],"large":["https:\/\/fmamiga909.com.ar\/wp-content\/uploads\/2023\/10\/wp-header-logo-77-1024x576.png",640,360,true],"1536x1536":["https:\/\/fmamiga909.com.ar\/wp-content\/uploads\/2023\/10\/wp-header-logo-77.png",1200,675,false],"2048x2048":["https:\/\/fmamiga909.com.ar\/wp-content\/uploads\/2023\/10\/wp-header-logo-77.png",1200,675,false],"newsium-slider-full":["https:\/\/fmamiga909.com.ar\/wp-content\/uploads\/2023\/10\/wp-header-logo-77.png",1200,675,false],"newsium-featured":["https:\/\/fmamiga909.com.ar\/wp-content\/uploads\/2023\/10\/wp-header-logo-77-1024x576.png",1024,576,true],"newsium-medium":["https:\/\/fmamiga909.com.ar\/wp-content\/uploads\/2023\/10\/wp-header-logo-77-720x475.png",720,475,true]},"author_info":{"display_name":"Fredy Giuliano","author_link":"https:\/\/fmamiga909.com.ar\/?author=3"},"category_info":"<a href=\"https:\/\/fmamiga909.com.ar\/?cat=21\" rel=\"category\">Deportes<\/a>","tag_info":"Deportes","comment_count":"0","_links":{"self":[{"href":"https:\/\/fmamiga909.com.ar\/index.php?rest_route=\/wp\/v2\/posts\/10708","targetHints":{"allow":["GET"]}}],"collection":[{"href":"https:\/\/fmamiga909.com.ar\/index.php?rest_route=\/wp\/v2\/posts"}],"about":[{"href":"https:\/\/fmamiga909.com.ar\/index.php?rest_route=\/wp\/v2\/types\/post"}],"author":[{"embeddable":true,"href":"https:\/\/fmamiga909.com.ar\/index.php?rest_route=\/wp\/v2\/users\/3"}],"replies":[{"embeddable":true,"href":"https:\/\/fmamiga909.com.ar\/index.php?rest_route=%2Fwp%2Fv2%2Fcomments&post=10708"}],"version-history":[{"count":0,"href":"https:\/\/fmamiga909.com.ar\/index.php?rest_route=\/wp\/v2\/posts\/10708\/revisions"}],"wp:featuredmedia":[{"embeddable":true,"href":"https:\/\/fmamiga909.com.ar\/index.php?rest_route=\/wp\/v2\/media\/10709"}],"wp:attachment":[{"href":"https:\/\/fmamiga909.com.ar\/index.php?rest_route=%2Fwp%2Fv2%2Fmedia&parent=10708"}],"wp:term":[{"taxonomy":"category","embeddable":true,"href":"https:\/\/fmamiga909.com.ar\/index.php?rest_route=%2Fwp%2Fv2%2Fcategories&post=10708"},{"taxonomy":"post_tag","embeddable":true,"href":"https:\/\/fmamiga909.com.ar\/index.php?rest_route=%2Fwp%2Fv2%2Ftags&post=10708"}],"curies":[{"name":"wp","href":"https:\/\/api.w.org\/{rel}","templated":true}]}}