{"id":10712,"date":"2023-10-10T07:09:41","date_gmt":"2023-10-10T07:09:41","guid":{"rendered":"https:\/\/fmamiga909.com.ar\/?p=10712"},"modified":"2023-10-10T07:09:41","modified_gmt":"2023-10-10T07:09:41","slug":"matera-sufrio-un-desgarro-que-lo-dejo-casi-descartado-para-el-resto-de-la-competencia","status":"publish","type":"post","link":"https:\/\/fmamiga909.com.ar\/?p=10712","title":{"rendered":"Matera sufri\u00f3 un desgarro que lo dej\u00f3 casi descartado para el resto de la competencia"},"content":{"rendered":"<div>\n<figure class=\"mb-3\"><img decoding=\"async\" src=\"https:\/\/www.telam.com.ar\/thumbs\/bluesteel\/advf\/imagenes\/2023\/10\/652416c5f1bfb_1200.jpg\" class=\" lazy \" width=\"100%\" height=\"100%\" alt=\"Matera es baja por desgarro en el mundial de rugby Foto X lospumas\"\/><figcaption> Matera es baja por desgarro en el mundial de rugby. \/ Foto: X @lospumas. <\/figcaption><\/figure>\n<p><strong>El tercera l\u00ednea del seleccionado argentino de rugby <\/strong>Pablo Matera <strong>sufri\u00f3 \u00abun desgarro grado 3 del isquiotibial derecho en su sector proximal\u00bb, lesi\u00f3n que lo deja pr\u00e1cticamente descartado para el resto del Mundial Francia 2023.<\/strong><\/p>\n<p>Aunque el cuerpo m\u00e9dico de Los Pumas no fijo plazo de recuperaci\u00f3n, el protocolo para dolencia de ese tipo estipula una recuperaci\u00f3n cercana a los 21 d\u00edas y la final de la competencia se jugar\u00e1 el s\u00e1bado 28 en el Stade de France de Saint-Denis.<\/p>\n<p>Matera, de 30 a\u00f1os y 98 partidos internacionales con Los Pumas, se retir\u00f3 lesionado a los 24 minutos del primer tiempo de partido que Argentina le gan\u00f3 a Jap\u00f3n (39-27) y dej\u00f3 el estadio de la ciudad de Nantes con la ayuda de muletas para trasladarse.<\/p>\n<blockquote class=\"twitter-tweet\">\n<p lang=\"es\" dir=\"ltr\">\ud83d\udea8Parte m\u00e9dico post partido con Jap\u00f3n. <\/p>\n<p>\ud83d\udc49 Pablo Matera sufri\u00f3 un desgarro grado 3 del isquiotibial derecho en su sector proximal.<\/p>\n<p>\u00a1Te deseamos una pronta recuperaci\u00f3n Pablo! \ud83d\udcaa<a href=\"https:\/\/twitter.com\/hashtag\/SomosLosPumas?src=hash&amp;ref_src=twsrc%5Etfw\">#SomosLosPumas<\/a> | <a href=\"https:\/\/twitter.com\/hashtag\/M%C3%A1sPumasQueNunca?src=hash&amp;ref_src=twsrc%5Etfw\">#M\u00e1sPumasQueNunca<\/a> <a href=\"https:\/\/t.co\/7pwKKpQNct\">pic.twitter.com\/7pwKKpQNct<\/a><\/p>\n<p>\u2014 Los Pumas (@lospumas) <a href=\"https:\/\/twitter.com\/lospumas\/status\/1711335554476822578?ref_src=twsrc%5Etfw\">October 9, 2023<\/a><\/p><\/blockquote>\n<p> El entrenador australiano Michael Cheika dispone a Rodrigo Bruni, Facundo Isa, Joaqu\u00edn Oviedo o Pedro Rubiolo como variantes naturales para ocupar el lugar de Matera en el compromiso de cuartos de final ante Gales, que se jugar\u00e1 el s\u00e1bado pr\u00f3ximo a las 12.00 de Argentina en la ciudad de Marsella.<\/p>\n<p>Hacia all\u00ed parti\u00f3 este lunes la delegaci\u00f3n nacional luego de abandonar la localidad de La Baule, situada sobre la costa noroeste del pa\u00eds, frente al golfo de Vizcaya, donde se instal\u00f3 desde su llegada a Francia, hace un mes.<\/p>\n<blockquote class=\"twitter-tweet\">\n<p lang=\"es\" dir=\"ltr\">\u00a1Que hermoso mes vivimos en La Baule! \ud83e\udd29<\/p>\n<p>Much\u00edsimas gracias al hotel Barri\u00e8re L\u2019Hermitage por la hospitalidad y la atenci\u00f3n de parte de todos. \u00a1Los vamos a extra\u00f1ar! \ud83e\udd79<\/p>\n<p>\u00a1Merci! \ud83e\udef6\ud83c\udffc<a href=\"https:\/\/twitter.com\/hashtag\/SomosLosPumas?src=hash&amp;ref_src=twsrc%5Etfw\">#SomosLosPumas<\/a> <a href=\"https:\/\/t.co\/AteVCVHpld\">pic.twitter.com\/AteVCVHpld<\/a><\/p>\n<p>\u2014 Los Pumas (@lospumas) <a href=\"https:\/\/twitter.com\/lospumas\/status\/1711347655488446556?ref_src=twsrc%5Etfw\">October 9, 2023<\/a><\/p><\/blockquote>\n<p> \u00abMuch\u00edsimas gracias al hotel Barriere L\u2019Hermitage por la hospitalidad y la atenci\u00f3n de parte de todos. \u00a1Los vamos a extra\u00f1ar!\u00bb, poste\u00f3 la cuenta oficial del equipo en la red social X (ex Twitter) junto a una foto de toda la delegaci\u00f3n argentina y el personal del lugar. <\/div>\n<p><script async src=\"\/\/platform.twitter.com\/widgets.js\" charset=\"utf-8\"><\/script><script async defer crossorigin=\"anonymous\" src=\"https:\/\/connect.facebook.net\/es_LA\/sdk.js#xfbml=1&#038;version=v12.0\" nonce=\"SBlHQzIF\"><\/script><br \/><a href=\"https:\/\/www.telam.com.ar\/notas\/202310\/642829-rugby-mundial-los-pumas-pablo-matera-desgarro-descartado-resto-competencia.html\">source<\/a><\/p>\n","protected":false},"excerpt":{"rendered":"<p>Matera es baja por desgarro en el mundial de rugby. \/ Foto: X @lospumas. El&#8230;<\/p>\n","protected":false},"author":3,"featured_media":10713,"comment_status":"closed","ping_status":"closed","sticky":false,"template":"","format":"standard","meta":{"footnotes":""},"categories":[21],"tags":[],"class_list":["post-10712","post","type-post","status-publish","format-standard","has-post-thumbnail","hentry","category-deportes"],"featured_image_urls":{"full":["https:\/\/fmamiga909.com.ar\/wp-content\/uploads\/2023\/10\/wp-header-logo-79.png",1200,675,false],"thumbnail":["https:\/\/fmamiga909.com.ar\/wp-content\/uploads\/2023\/10\/wp-header-logo-79-150x150.png",150,150,true],"medium":["https:\/\/fmamiga909.com.ar\/wp-content\/uploads\/2023\/10\/wp-header-logo-79-300x169.png",300,169,true],"medium_large":["https:\/\/fmamiga909.com.ar\/wp-content\/uploads\/2023\/10\/wp-header-logo-79.png",1200,675,false],"large":["https:\/\/fmamiga909.com.ar\/wp-content\/uploads\/2023\/10\/wp-header-logo-79-1024x576.png",640,360,true],"1536x1536":["https:\/\/fmamiga909.com.ar\/wp-content\/uploads\/2023\/10\/wp-header-logo-79.png",1200,675,false],"2048x2048":["https:\/\/fmamiga909.com.ar\/wp-content\/uploads\/2023\/10\/wp-header-logo-79.png",1200,675,false],"newsium-slider-full":["https:\/\/fmamiga909.com.ar\/wp-content\/uploads\/2023\/10\/wp-header-logo-79.png",1200,675,false],"newsium-featured":["https:\/\/fmamiga909.com.ar\/wp-content\/uploads\/2023\/10\/wp-header-logo-79-1024x576.png",1024,576,true],"newsium-medium":["https:\/\/fmamiga909.com.ar\/wp-content\/uploads\/2023\/10\/wp-header-logo-79-720x475.png",720,475,true]},"author_info":{"display_name":"Fredy Giuliano","author_link":"https:\/\/fmamiga909.com.ar\/?author=3"},"category_info":"<a href=\"https:\/\/fmamiga909.com.ar\/?cat=21\" rel=\"category\">Deportes<\/a>","tag_info":"Deportes","comment_count":"0","_links":{"self":[{"href":"https:\/\/fmamiga909.com.ar\/index.php?rest_route=\/wp\/v2\/posts\/10712","targetHints":{"allow":["GET"]}}],"collection":[{"href":"https:\/\/fmamiga909.com.ar\/index.php?rest_route=\/wp\/v2\/posts"}],"about":[{"href":"https:\/\/fmamiga909.com.ar\/index.php?rest_route=\/wp\/v2\/types\/post"}],"author":[{"embeddable":true,"href":"https:\/\/fmamiga909.com.ar\/index.php?rest_route=\/wp\/v2\/users\/3"}],"replies":[{"embeddable":true,"href":"https:\/\/fmamiga909.com.ar\/index.php?rest_route=%2Fwp%2Fv2%2Fcomments&post=10712"}],"version-history":[{"count":0,"href":"https:\/\/fmamiga909.com.ar\/index.php?rest_route=\/wp\/v2\/posts\/10712\/revisions"}],"wp:featuredmedia":[{"embeddable":true,"href":"https:\/\/fmamiga909.com.ar\/index.php?rest_route=\/wp\/v2\/media\/10713"}],"wp:attachment":[{"href":"https:\/\/fmamiga909.com.ar\/index.php?rest_route=%2Fwp%2Fv2%2Fmedia&parent=10712"}],"wp:term":[{"taxonomy":"category","embeddable":true,"href":"https:\/\/fmamiga909.com.ar\/index.php?rest_route=%2Fwp%2Fv2%2Fcategories&post=10712"},{"taxonomy":"post_tag","embeddable":true,"href":"https:\/\/fmamiga909.com.ar\/index.php?rest_route=%2Fwp%2Fv2%2Ftags&post=10712"}],"curies":[{"name":"wp","href":"https:\/\/api.w.org\/{rel}","templated":true}]}}