{"id":10714,"date":"2023-10-10T09:16:04","date_gmt":"2023-10-10T09:16:04","guid":{"rendered":"https:\/\/fmamiga909.com.ar\/?p=10714"},"modified":"2023-10-10T09:16:04","modified_gmt":"2023-10-10T09:16:04","slug":"con-de-la-cruz-bielsa-anuncio-la-lista-de-uruguay-para-enfrentar-a-colombia-y-brasil","status":"publish","type":"post","link":"https:\/\/fmamiga909.com.ar\/?p=10714","title":{"rendered":"Con De La Cruz, Bielsa anunci\u00f3 la lista de Uruguay para enfrentar a Colombia y Brasil"},"content":{"rendered":"<div>\n<figure class=\"mb-3\"><img decoding=\"async\" src=\"https:\/\/www.telam.com.ar\/thumbs\/bluesteel\/advf\/imagenes\/2023\/05\/6464fbfe1816d_1200.jpg\" class=\" lazy \" width=\"100%\" height=\"100%\" alt=\"Marcelo Bielsa Uruguay \"\/><figcaption> Marcelo Bielsa (@Uruguay). <\/figcaption><\/figure>\n<p> El entrenador del seleccionado uruguayo, el argentino Marcelo Bielsa, anunci\u00f3 este lunes la lista de convocados para los partidos contra Colombia, en Barranquilla, y Brasil, en Montevideo, con la presencia de Nicol\u00e1s De La Cruz.<\/p>\n<p>El mediocampista de River Plate es el \u00fanico futbolista de la Liga Profesional entre los 24 citados del \u00abLoco\u00bb Bielsa para la tercera y cuarta fecha de las Eliminatorias Sudamericanas para el Mundial 2026.<\/p>\n<p>Tal como se preve\u00eda volvieron a quedar afuera los goleadores hist\u00f3ricos de la \u00abceleste\u00bb Luis Su\u00e1rez, de Gremio, y Edinson Cavani, finalista de la Copa Libertadores con Boca Juniors.<\/p>\n<blockquote class=\"twitter-tweet\">\n<p lang=\"es\" dir=\"ltr\">\ud83d\udccb \ud835\uddd6\ud835\udde2\ud835\udde1\ud835\udde9\ud835\udde2\ud835\uddd6\ud835\uddd4\ud835\uddd7\ud835\udde2\ud835\udde6<\/p>\n<p>Lista de jugadores citados por Marcelo Bielsa para los partidos frente a Colombia y Brasil, correspondientes a las Eliminatorias rumbo a la Copa Mundial de la FIFA 26\u2122<a href=\"https:\/\/twitter.com\/hashtag\/ElEquipoQueNosUne?src=hash&amp;ref_src=twsrc%5Etfw\">#ElEquipoQueNosUne<\/a> <a href=\"https:\/\/t.co\/YFXddm1ME8\">pic.twitter.com\/YFXddm1ME8<\/a><\/p>\n<p>\u2014 Selecci\u00f3n Uruguaya (@Uruguay) <a href=\"https:\/\/twitter.com\/Uruguay\/status\/1711365834109485131?ref_src=twsrc%5Etfw\">October 9, 2023<\/a><\/p><\/blockquote>\n<p>La lista completa de Bielsa es la siguiente:<\/p>\n<p>Arqueros: Sergio Rochet (Inter de Porto Alegre), Franco Israel (Sporting de Portugal) y Santiago Mele (Junior).<\/p>\n<p>Defensores: Ronald Ara\u00fajo (Barcelona), Bruno M\u00e9ndez (Corinthians), Sebasti\u00e1n C\u00e1ceres (Am\u00e9rica), Santiago Bueno (Wolverhampton), Mat\u00edas Vi\u00f1a (Sassuolo), Nahitan N\u00e1ndez (Cagliari), Joaqu\u00edn Piquerez (Palmeiras), Lucas Olaza (Krasnodar) y Math\u00edas Olivera (Napoli).,<\/p>\n<p>Mediocampistas: Manuel Ugarte (PSG), Mat\u00edas Vecino (Lazio), Agust\u00edn Canobbio (Athletico Paranaense), Nicol\u00e1s De la Cruz (River Plate), Federico Valverde (Real Madrid), Giorgian de Arrascaeta (Flamengo), Maximiliano Araujo (Toluca), Facundo Torres (Orlando City), Facundo Pellistri (Manchester United) y Brian Rodr\u00edguez (Am\u00e9rica).<\/p>\n<p>Delanteros: Cristian Olivera (Los \u00c1ngeles FC) y Darwin N\u00fa\u00f1ez (Liverpool).<\/p>\n<p>Una parte importante del grupo ya se instal\u00f3 el domingo en Barranquilla y realiz\u00f3 un primer entrenamiento liviano en la ciudad donde el jueves Uruguay visitar\u00e1 a Colombia.<\/p>\n<p>El martes siguiente, el equipo del \u00abLoco\u00bb, que arranc\u00f3 con un triunfo ante Chile (3-1) y una derrota en Ecuador (2-1), recibir\u00e1 a Brasil en el estadio Centenario de Montevideo. <\/p>\n<\/div>\n<p><script async src=\"\/\/platform.twitter.com\/widgets.js\" charset=\"utf-8\"><\/script><script async defer crossorigin=\"anonymous\" src=\"https:\/\/connect.facebook.net\/es_LA\/sdk.js#xfbml=1&#038;version=v12.0\" nonce=\"SBlHQzIF\"><\/script><br \/><a href=\"https:\/\/www.telam.com.ar\/notas\/202310\/642826-futbol-eliminatorias-sudamericanas-uruguay-bielsa-convocatoria-de-la-cruz.html\">source<\/a><\/p>\n","protected":false},"excerpt":{"rendered":"<p>Marcelo Bielsa (@Uruguay). El entrenador del seleccionado uruguayo, el argentino Marcelo Bielsa, anunci\u00f3 este lunes&#8230;<\/p>\n","protected":false},"author":3,"featured_media":10715,"comment_status":"closed","ping_status":"closed","sticky":false,"template":"","format":"standard","meta":{"footnotes":""},"categories":[21],"tags":[],"class_list":["post-10714","post","type-post","status-publish","format-standard","has-post-thumbnail","hentry","category-deportes"],"featured_image_urls":{"full":["https:\/\/fmamiga909.com.ar\/wp-content\/uploads\/2023\/10\/wp-header-logo-80.png",1200,675,false],"thumbnail":["https:\/\/fmamiga909.com.ar\/wp-content\/uploads\/2023\/10\/wp-header-logo-80-150x150.png",150,150,true],"medium":["https:\/\/fmamiga909.com.ar\/wp-content\/uploads\/2023\/10\/wp-header-logo-80-300x169.png",300,169,true],"medium_large":["https:\/\/fmamiga909.com.ar\/wp-content\/uploads\/2023\/10\/wp-header-logo-80.png",1200,675,false],"large":["https:\/\/fmamiga909.com.ar\/wp-content\/uploads\/2023\/10\/wp-header-logo-80-1024x576.png",640,360,true],"1536x1536":["https:\/\/fmamiga909.com.ar\/wp-content\/uploads\/2023\/10\/wp-header-logo-80.png",1200,675,false],"2048x2048":["https:\/\/fmamiga909.com.ar\/wp-content\/uploads\/2023\/10\/wp-header-logo-80.png",1200,675,false],"newsium-slider-full":["https:\/\/fmamiga909.com.ar\/wp-content\/uploads\/2023\/10\/wp-header-logo-80.png",1200,675,false],"newsium-featured":["https:\/\/fmamiga909.com.ar\/wp-content\/uploads\/2023\/10\/wp-header-logo-80-1024x576.png",1024,576,true],"newsium-medium":["https:\/\/fmamiga909.com.ar\/wp-content\/uploads\/2023\/10\/wp-header-logo-80-720x475.png",720,475,true]},"author_info":{"display_name":"Fredy Giuliano","author_link":"https:\/\/fmamiga909.com.ar\/?author=3"},"category_info":"<a href=\"https:\/\/fmamiga909.com.ar\/?cat=21\" rel=\"category\">Deportes<\/a>","tag_info":"Deportes","comment_count":"0","_links":{"self":[{"href":"https:\/\/fmamiga909.com.ar\/index.php?rest_route=\/wp\/v2\/posts\/10714","targetHints":{"allow":["GET"]}}],"collection":[{"href":"https:\/\/fmamiga909.com.ar\/index.php?rest_route=\/wp\/v2\/posts"}],"about":[{"href":"https:\/\/fmamiga909.com.ar\/index.php?rest_route=\/wp\/v2\/types\/post"}],"author":[{"embeddable":true,"href":"https:\/\/fmamiga909.com.ar\/index.php?rest_route=\/wp\/v2\/users\/3"}],"replies":[{"embeddable":true,"href":"https:\/\/fmamiga909.com.ar\/index.php?rest_route=%2Fwp%2Fv2%2Fcomments&post=10714"}],"version-history":[{"count":0,"href":"https:\/\/fmamiga909.com.ar\/index.php?rest_route=\/wp\/v2\/posts\/10714\/revisions"}],"wp:featuredmedia":[{"embeddable":true,"href":"https:\/\/fmamiga909.com.ar\/index.php?rest_route=\/wp\/v2\/media\/10715"}],"wp:attachment":[{"href":"https:\/\/fmamiga909.com.ar\/index.php?rest_route=%2Fwp%2Fv2%2Fmedia&parent=10714"}],"wp:term":[{"taxonomy":"category","embeddable":true,"href":"https:\/\/fmamiga909.com.ar\/index.php?rest_route=%2Fwp%2Fv2%2Fcategories&post=10714"},{"taxonomy":"post_tag","embeddable":true,"href":"https:\/\/fmamiga909.com.ar\/index.php?rest_route=%2Fwp%2Fv2%2Ftags&post=10714"}],"curies":[{"name":"wp","href":"https:\/\/api.w.org\/{rel}","templated":true}]}}