{"id":10720,"date":"2023-10-10T11:19:32","date_gmt":"2023-10-10T11:19:32","guid":{"rendered":"https:\/\/fmamiga909.com.ar\/?p=10720"},"modified":"2023-10-10T11:19:32","modified_gmt":"2023-10-10T11:19:32","slug":"el-seleccionado-inicio-el-segundo-tramo-de-eliminatorias-con-messi-y-varias-ausencias","status":"publish","type":"post","link":"https:\/\/fmamiga909.com.ar\/?p=10720","title":{"rendered":"El seleccionado inici\u00f3 el segundo tramo de Eliminatorias con Messi y varias ausencias"},"content":{"rendered":"<div>\n<figure class=\"mb-3\"><img decoding=\"async\" src=\"https:\/\/www.telam.com.ar\/thumbs\/bluesteel\/advf\/imagenes\/2023\/10\/6523fd82ad688_1200.jpg\" class=\" lazy \" width=\"100%\" height=\"100%\" alt=\"Foto Twitter argentina\"\/><figcaption> Foto: Twitter @argentina. <\/figcaption><\/figure>\n<p> El seleccionado argentino campe\u00f3n del mundo inici\u00f3 este lunes por la tarde en el predio de AFA en Ezeiza el recorrido hacia la segunda ventana de Eliminatorias Sudamericanas que se consumar\u00e1n en el Mundial de Estados Unidos-M\u00e9xico-Canad\u00e1 2026 con la presencia de su capit\u00e1n, Lionel Messi, pero varias ausencias de importancia por distintas lesiones como por caso la de \u00c1ngel Di Mar\u00eda.<\/p>\n<p>Dentro de ese marco hubo 23 de los 33 convocados por Lionel Scaloni los que realizaron los primeros movimientos en la soleada tarde del buc\u00f3lico predio Lionel Messi, donde estuvo quien justamente le dio nombre al lugar anteriormente llamado Julio Humberto Grondona, acompa\u00f1ado por <strong>Emiliano Mart\u00ednez, Juan Musso, Franco Armani, Juli\u00e1n \u00c1lvarez, Gonzalo Montiel, Cristian Romero, Alexis Mac Allister, Rodrigo De Paul, Nahuel Molina, Exequiel Palacios, Thiago Almada, Facundo Far\u00edas, Giovani Lo Celso, Lautaro Mart\u00ednez, Lucas Ocampos, Marcos Acu\u00f1a, Enzo Fern\u00e1ndez, Alejandro Garnacho, Carlos Alcaraz , Lucas Esquivel, Bruno Zapelli y Nicol\u00e1s Otamendi.<\/strong><\/p>\n<p>A \u00faltima hora llegaban a Ezeiza desde sus respectivos destinos europeos <strong>Germ\u00e1n Pezzella, Guido Rodr\u00edguez, Nicol\u00e1s Gonz\u00e1lez, Lucas Mart\u00ednez Quarta, Lucas Beltr\u00e1n, Leandro Paredes, Walter Ben\u00edtez, Facundo Medina, Marco Pellegrino y Nicol\u00e1s Tagliafico.<\/strong><\/p>\n<p>En tanto que por distintas lesiones se quedaron afuera de esta convocatorias Paulo Dybala, Juan Foyth (ambos hab\u00edan sido citados inicialmente pero fueron desafectados el domingo), \u00c1ngel Di Mar\u00eda, \u00c1ngel Correa y Lisandro Mart\u00ednez, (estos tres \u00faltimos fueron dados de baja previamente).<\/p>\n<p><strong>Messi lleg\u00f3 desde los Estados Unidos junto a su compa\u00f1ero de equipo en Inter Miami, Far\u00edas, y Almada<\/strong> que tambi\u00e9n juega en la MLS, vestido con un traje negro y remera blanca, siendo recibido como siempre por el presidente de AFA, Claudio Tapia, en horas de la ma\u00f1ana, coincidiendo con Emiliano Mart\u00ednez, que arrib\u00f3 desde Inglaterra y habl\u00f3 brevemente con la prensa en el aeropuerto Ministro Pistarini, mientras recib\u00eda .el cari\u00f1o de los aficionados presentes en el hall del lugar.<\/p>\n<p>\u00abA los argentinos los amo y doy todo por ellos, ya que soy un hincha m\u00e1s que se entrega al m\u00e1ximo por ganar un partido en la selecci\u00f3n. Porque en estas Eliminatorias siempre venimos a ganar los dos partidos, como ahora contra Paraguay y Ecuador y antes con Ecuador y Bolivia\u00bb, expres\u00f3 el arquero de Aston Villa.<\/p>\n<blockquote class=\"twitter-tweet\">\n<p lang=\"es\" dir=\"ltr\"><a href=\"https:\/\/twitter.com\/hashtag\/Selecci%C3%B3nMayor?src=hash&amp;ref_src=twsrc%5Etfw\">#Selecci\u00f3nMayor<\/a> El jugador de <a href=\"https:\/\/twitter.com\/OfficialASRoma?ref_src=twsrc%5Etfw\">@OfficialASRoma<\/a>, <a href=\"https:\/\/twitter.com\/PauDybala_JR?ref_src=twsrc%5Etfw\">@PauDybala_JR<\/a>, queda desafectado de la convocatoria por lesi\u00f3n. <a href=\"https:\/\/t.co\/RT0vqQKvmP\">pic.twitter.com\/RT0vqQKvmP<\/a><\/p>\n<p>\u2014 \ud83c\udde6\ud83c\uddf7 Selecci\u00f3n Argentina \u2b50\u2b50\u2b50 (@Argentina) <a href=\"https:\/\/twitter.com\/Argentina\/status\/1711160342758183062?ref_src=twsrc%5Etfw\">October 8, 2023<\/a><\/p><\/blockquote>\n<p> \u00abY en los dos pr\u00f3ximos encuentros vamos a ir con todo con el equipo que tenemos, porque todos los partidos son dif\u00edciles en las Eliminatorias. Pero<strong> si vamos con esta determinaci\u00f3n, estaremos bien, ya que queremos conseguir m\u00e1s cosas, y por eso el a\u00f1o que viene buscaremos ganar nuevamente la Copa Am\u00e9rica\u00bb, advirti\u00f3 \u00abDibu\u00bb.<\/strong><\/p>\n<p>En ese aspecto fue consultado tambi\u00e9n por los \u00faltimos dos compromisos del a\u00f1o, que tendr\u00e1n lugar el mes pr\u00f3ximo frente a Uruguay como local y Brasil como visitante, por las quinta y sexta fechas de Eliminatorias.<\/p>\n<p><strong>\u00abTodos los rivales son complicados y hay que estar a pleno para poder vencerlos\u00bb, sintetiz\u00f3 el marplatense<\/strong> que el pasado 2 de septiembre cumpli\u00f3 31 a\u00f1os.<\/p>\n<p>Precisamente este lunes se confirmaron fechas, escenarios y horarios de esos dos partidos, que se llevar\u00e1n a cabo el jueves 16 de noviembre desde las 21 en el estadio M\u00e1s Monumental frente a Uruguay y el martes 21 del mes pr\u00f3ximo a partir de las 21,30 ante Brasil en el estadio Maracan\u00e1, de R\u00edo de Janeiro.<\/p>\n<p>Pero antes est\u00e1n Paraguay, el pr\u00f3ximo jueves 12 desde las 20 tambi\u00e9n en cancha de River Plate, y luego Per\u00fa, en el estadio Nacional, de Lima, el martes 17 del corriente, a las 23 de Argentina (21 local).<\/p>\n<blockquote class=\"twitter-tweet\">\n<p lang=\"es\" dir=\"ltr\"><a href=\"https:\/\/twitter.com\/hashtag\/Selecci%C3%B3nMayor?src=hash&amp;ref_src=twsrc%5Etfw\">#Selecci\u00f3nMayor<\/a> Facundo Medina de <a href=\"https:\/\/twitter.com\/RCLens?ref_src=twsrc%5Etfw\">@RCLens<\/a> se suma a la convocatoria para esta doble fecha de octubre. <\/p>\n<p>En tanto, Juan Foyth de <a href=\"https:\/\/twitter.com\/VillarrealCF?ref_src=twsrc%5Etfw\">@VillarrealCF<\/a>, queda desafectado por lesi\u00f3n. <a href=\"https:\/\/t.co\/VQuqnSBsPQ\">pic.twitter.com\/VQuqnSBsPQ<\/a><\/p>\n<p>\u2014 \ud83c\udde6\ud83c\uddf7 Selecci\u00f3n Argentina \u2b50\u2b50\u2b50 (@Argentina) <a href=\"https:\/\/twitter.com\/Argentina\/status\/1711073508225163422?ref_src=twsrc%5Etfw\">October 8, 2023<\/a><\/p><\/blockquote>\n<p> Y para afrontar el primer juego ante los paraguayos en los que har\u00e1 su estreno el t\u00e9cnico argentino Daniel Garnero, reemplazante de su compatriota Guillermo Barros Schelotto, la semana de trabajo que arranc\u00f3 este lunes, ir\u00e1 evolucionado de la siguiente manera:<strong> este martes a las 17 habr\u00e1 un nuevo entrenamiento <\/strong>que se abrir\u00e1 a la prensa en los \u00faltimos 15 minutos.<\/p>\n<p>El mi\u00e9rcoles, como este lunes y el martes, siempre en el mismo horario de las 17, se realizar\u00e1 la \u00faltima pr\u00e1ctica antes de jugar con Paraguay, que volver\u00e1 a ser cerrada como la de este lunes, pero previamente, al mediod\u00eda, Scaloni ofrecer\u00e1 la habitual conferencia de prensa prepartido a la que est\u00e1n obligados los entrenadores de todos los seleccionados.<\/p>\n<p>La pr\u00e1ctica de este lunes consisti\u00f3 en unos primeros movimientos en el gimnasio bajo las \u00f3rdenes del preparador f\u00edsico, Luis Mart\u00edn, que se extendieron por espacio de una hora y cuarto, donde se llevaron a cabo ejercicios con bicicleta en el final, para luego saltar al campo de juego.<\/p>\n<p><figure class=\"mb-3\"><img decoding=\"async\" src=\"https:\/\/www.telam.com.ar\/thumbs\/bluesteel\/advf\/imagenes\/editadas\/6523e2f71be82_1200.jpg\" class=\" lazy \" width=\"100%\" height=\"100%\" alt=\"Foto Victoria Gesualdi\"\/><figcaption> Foto: Victoria Gesualdi. <\/figcaption><\/figure>\n<p>All\u00ed los futbolistas empezaron realizando los habituales rondos y posteriores trabajos t\u00e9cnicos con bal\u00f3n, hasta que posteriormente Scaloni decidi\u00f3 tareas m\u00e1s espec\u00edficas como por ejemplo formatos de ataque por las bandas con definiciones, y alternativas en defensa y ataque con oposici\u00f3n a la que se sumaron algunos chicos del seleccionado sub-17 que se prepara para afrontar el Mundial de Indonesia.<\/p>\n<p>Simult\u00e1neamente, en otra de las canchas del predio afista trabajaron tambi\u00e9n por primera vez en la semana los sub-23 convocados por Javier Mascherano, que entrenan para el Preol\u00edmpico de Venezuela que se llevar\u00e1 a cabo en enero pr\u00f3ximo con solamente dos plazas disponibles entre los 10 participantes sudamericanos para los Juegos de Par\u00eds 2024.<\/p>\n<p><strong>Argentina sigue su marcha hacia el hoy cronol\u00f3gicamente lejano Mundial 2026 pero con el acicate motivacional de la Copa Am\u00e9rica del a\u00f1o que viene en los Estados Unidos<\/strong>. Y hacia all\u00ed este lunes volvieron a poner primera nada menos que ellos, los campeones del mundo. <\/p>\n<\/div>\n<p><script async src=\"\/\/platform.twitter.com\/widgets.js\" charset=\"utf-8\"><\/script><script async defer crossorigin=\"anonymous\" src=\"https:\/\/connect.facebook.net\/es_LA\/sdk.js#xfbml=1&#038;version=v12.0\" nonce=\"SBlHQzIF\"><\/script><br \/><a href=\"https:\/\/www.telam.com.ar\/notas\/202310\/642806-futbol-eliminatorias-sudamericanas-argentina-paraguay-peru-scaloni-entrenamientos.html\">source<\/a><\/p>\n","protected":false},"excerpt":{"rendered":"<p>Foto: Twitter @argentina. El seleccionado argentino campe\u00f3n del mundo inici\u00f3 este lunes por la tarde&#8230;<\/p>\n","protected":false},"author":3,"featured_media":10721,"comment_status":"closed","ping_status":"closed","sticky":false,"template":"","format":"standard","meta":{"footnotes":""},"categories":[21],"tags":[],"class_list":["post-10720","post","type-post","status-publish","format-standard","has-post-thumbnail","hentry","category-deportes"],"featured_image_urls":{"full":["https:\/\/fmamiga909.com.ar\/wp-content\/uploads\/2023\/10\/wp-header-logo-81.png",1200,675,false],"thumbnail":["https:\/\/fmamiga909.com.ar\/wp-content\/uploads\/2023\/10\/wp-header-logo-81-150x150.png",150,150,true],"medium":["https:\/\/fmamiga909.com.ar\/wp-content\/uploads\/2023\/10\/wp-header-logo-81-300x169.png",300,169,true],"medium_large":["https:\/\/fmamiga909.com.ar\/wp-content\/uploads\/2023\/10\/wp-header-logo-81.png",1200,675,false],"large":["https:\/\/fmamiga909.com.ar\/wp-content\/uploads\/2023\/10\/wp-header-logo-81-1024x576.png",640,360,true],"1536x1536":["https:\/\/fmamiga909.com.ar\/wp-content\/uploads\/2023\/10\/wp-header-logo-81.png",1200,675,false],"2048x2048":["https:\/\/fmamiga909.com.ar\/wp-content\/uploads\/2023\/10\/wp-header-logo-81.png",1200,675,false],"newsium-slider-full":["https:\/\/fmamiga909.com.ar\/wp-content\/uploads\/2023\/10\/wp-header-logo-81.png",1200,675,false],"newsium-featured":["https:\/\/fmamiga909.com.ar\/wp-content\/uploads\/2023\/10\/wp-header-logo-81-1024x576.png",1024,576,true],"newsium-medium":["https:\/\/fmamiga909.com.ar\/wp-content\/uploads\/2023\/10\/wp-header-logo-81-720x475.png",720,475,true]},"author_info":{"display_name":"Fredy Giuliano","author_link":"https:\/\/fmamiga909.com.ar\/?author=3"},"category_info":"<a href=\"https:\/\/fmamiga909.com.ar\/?cat=21\" rel=\"category\">Deportes<\/a>","tag_info":"Deportes","comment_count":"0","_links":{"self":[{"href":"https:\/\/fmamiga909.com.ar\/index.php?rest_route=\/wp\/v2\/posts\/10720","targetHints":{"allow":["GET"]}}],"collection":[{"href":"https:\/\/fmamiga909.com.ar\/index.php?rest_route=\/wp\/v2\/posts"}],"about":[{"href":"https:\/\/fmamiga909.com.ar\/index.php?rest_route=\/wp\/v2\/types\/post"}],"author":[{"embeddable":true,"href":"https:\/\/fmamiga909.com.ar\/index.php?rest_route=\/wp\/v2\/users\/3"}],"replies":[{"embeddable":true,"href":"https:\/\/fmamiga909.com.ar\/index.php?rest_route=%2Fwp%2Fv2%2Fcomments&post=10720"}],"version-history":[{"count":0,"href":"https:\/\/fmamiga909.com.ar\/index.php?rest_route=\/wp\/v2\/posts\/10720\/revisions"}],"wp:featuredmedia":[{"embeddable":true,"href":"https:\/\/fmamiga909.com.ar\/index.php?rest_route=\/wp\/v2\/media\/10721"}],"wp:attachment":[{"href":"https:\/\/fmamiga909.com.ar\/index.php?rest_route=%2Fwp%2Fv2%2Fmedia&parent=10720"}],"wp:term":[{"taxonomy":"category","embeddable":true,"href":"https:\/\/fmamiga909.com.ar\/index.php?rest_route=%2Fwp%2Fv2%2Fcategories&post=10720"},{"taxonomy":"post_tag","embeddable":true,"href":"https:\/\/fmamiga909.com.ar\/index.php?rest_route=%2Fwp%2Fv2%2Ftags&post=10720"}],"curies":[{"name":"wp","href":"https:\/\/api.w.org\/{rel}","templated":true}]}}