{"id":10726,"date":"2023-10-10T20:13:37","date_gmt":"2023-10-10T20:13:37","guid":{"rendered":"https:\/\/fmamiga909.com.ar\/?p=10726"},"modified":"2023-10-10T20:13:37","modified_gmt":"2023-10-10T20:13:37","slug":"estoy-cumpliendo-un-sueno-dijo-bareiro-tras-su-primera-practica-con-paraguay","status":"publish","type":"post","link":"https:\/\/fmamiga909.com.ar\/?p=10726","title":{"rendered":"&quot;Estoy cumpliendo un sue\u00f1o&quot;, dijo Bareiro tras su primera pr\u00e1ctica con Paraguay"},"content":{"rendered":"<div>\n<figure class=\"mb-3\"><img decoding=\"async\" src=\"https:\/\/www.telam.com.ar\/thumbs\/bluesteel\/advf\/imagenes\/2023\/09\/651896f8d1bd3_1200.jpg\" class=\" lazy \" width=\"100%\" height=\"100%\" alt=\"Foto Ral Ferrari \"\/><figcaption> Foto: Ra\u00fal Ferrari <\/figcaption><\/figure>\n<p><strong>El delantero <\/strong>Adam Bareiro, <strong>goleador de San Lorenzo,<\/strong> <strong>expres\u00f3 que con la convocatoria al seleccionado paraguayo est\u00e1 cumpliendo \u00abun sue\u00f1o\u00bb por el que debi\u00f3 \u00abpelear bastante\u00bb.<\/strong><\/p>\n<p>\u00abSiempre es lindo estar aqu\u00ed. En lo personal, estoy cumpliendo un sue\u00f1o por el que ven\u00eda peleando bastante y lo estoy disfrutando\u00bb, asegur\u00f3 Bareiro este lunes en declaraciones a la prensa paraguaya luego del primer entrenamiento bajo las \u00f3rdenes del DT argentino Daniel Garnero.<\/p>\n<p>Pese a su buen presente en el \u00abcicl\u00f3n\u00bb, Bareiro no hab\u00eda sido considerado por Guillermo Barros Schelotto, pero tras la asunci\u00f3n de Garnero <strong>volvi\u00f3 a ser tenido en cuenta para la \u00abalbirroja\u00bb despu\u00e9s de mucho tiempo<\/strong>.<\/p>\n<p>La \u00faltima vez que Bareiro integr\u00f3 el seleccionado paraguayo ocurri\u00f3 en octubre de 2020 cuando jugaba en Turqu\u00eda y fue citado por Eduardo Berizzo para las Eliminatorias para Qatar 2022, pero no lleg\u00f3 a debutar oficialmente.<\/p>\n<blockquote class=\"twitter-tweet\">\n<p lang=\"es\" dir=\"ltr\">Una nueva etapa albirroja est\u00e1 en marcha \ud83d\udcaa\ud83c\udffb\ud83e\udd29<\/p>\n<p>El DT Daniel Garnero cont\u00f3 con 25 jugadores en el primer entrenamiento del operativo.<\/p>\n<p>Todos los detalles \ud83d\udd17 <a href=\"https:\/\/t.co\/h3JQR0ueTA\">https:\/\/t.co\/h3JQR0ueTA<\/a><a href=\"https:\/\/twitter.com\/hashtag\/Albirroja?src=hash&amp;ref_src=twsrc%5Etfw\">#Albirroja<\/a> \u26aa\ufe0f\ud83d\udd34<\/p>\n<p>\u00a1Vamos Paraguay! \ud83c\uddf5\ud83c\uddfe <a href=\"https:\/\/t.co\/LByOZzSfJD\">pic.twitter.com\/LByOZzSfJD<\/a><\/p>\n<p>\u2014 Selecci\u00f3n Paraguaya (@Albirroja) <a href=\"https:\/\/twitter.com\/Albirroja\/status\/1711533546123206717?ref_src=twsrc%5Etfw\">October 10, 2023<\/a><\/p><\/blockquote>\n<p> \u00abNos estamos conociendo. Trabajamos mucho en la parte t\u00e1ctica para estar ordenados, porque sabemos que enfrentamos a la selecci\u00f3n campeona del mundo y no podemos cometer errores\u00bb, se\u00f1al\u00f3 el goleador de San Lorenzo en 2023, con 16 tantos en 42 partidos.<\/p>\n<p>\u00ab<strong>No tengo presi\u00f3n, vengo motivado<\/strong>. Es algo muy lindo que la gente vea el trabajo que estoy haciendo en San Lorenzo. En la Selecci\u00f3n nacional debemos aportar de otra forma; si en los clubes damos el 100%, en la Selecci\u00f3n debemos dar el 101%\u00bb, asegur\u00f3 el delantero de 27 a\u00f1os.<\/p>\n<p>Paraguay realizar\u00e1 su segundo entrenamiento, a puertas cerradas, con el plantel completo tras el arribo a \u00faltima hora del lunes de Alejandro Romero Gamarra, Fabi\u00e1n Balbuena y Omar Alderete.<\/p>\n<p>La \u00abalbirroja\u00bb, con el debut de Garnero, visitar\u00e1 al seleccionado argentino el jueves a las 20.00, en el estadio Monumental.<\/p>\n<\/div>\n<p><script async src=\"\/\/platform.twitter.com\/widgets.js\" charset=\"utf-8\"><\/script><script async defer crossorigin=\"anonymous\" src=\"https:\/\/connect.facebook.net\/es_LA\/sdk.js#xfbml=1&#038;version=v12.0\" nonce=\"SBlHQzIF\"><\/script><br \/><a href=\"https:\/\/www.telam.com.ar\/notas\/202310\/642910-futbol-seleccion-paraguay-eliminatorias-sudamericanas-adam-barreiro-goleador.html\">source<\/a><\/p>\n","protected":false},"excerpt":{"rendered":"<p>Foto: Ra\u00fal Ferrari El delantero Adam Bareiro, goleador de San Lorenzo, expres\u00f3 que con la&#8230;<\/p>\n","protected":false},"author":3,"featured_media":10727,"comment_status":"closed","ping_status":"closed","sticky":false,"template":"","format":"standard","meta":{"footnotes":""},"categories":[21],"tags":[],"class_list":["post-10726","post","type-post","status-publish","format-standard","has-post-thumbnail","hentry","category-deportes"],"featured_image_urls":{"full":["https:\/\/fmamiga909.com.ar\/wp-content\/uploads\/2023\/10\/wp-header-logo-84.png",1200,675,false],"thumbnail":["https:\/\/fmamiga909.com.ar\/wp-content\/uploads\/2023\/10\/wp-header-logo-84-150x150.png",150,150,true],"medium":["https:\/\/fmamiga909.com.ar\/wp-content\/uploads\/2023\/10\/wp-header-logo-84-300x169.png",300,169,true],"medium_large":["https:\/\/fmamiga909.com.ar\/wp-content\/uploads\/2023\/10\/wp-header-logo-84.png",1200,675,false],"large":["https:\/\/fmamiga909.com.ar\/wp-content\/uploads\/2023\/10\/wp-header-logo-84-1024x576.png",640,360,true],"1536x1536":["https:\/\/fmamiga909.com.ar\/wp-content\/uploads\/2023\/10\/wp-header-logo-84.png",1200,675,false],"2048x2048":["https:\/\/fmamiga909.com.ar\/wp-content\/uploads\/2023\/10\/wp-header-logo-84.png",1200,675,false],"newsium-slider-full":["https:\/\/fmamiga909.com.ar\/wp-content\/uploads\/2023\/10\/wp-header-logo-84.png",1200,675,false],"newsium-featured":["https:\/\/fmamiga909.com.ar\/wp-content\/uploads\/2023\/10\/wp-header-logo-84-1024x576.png",1024,576,true],"newsium-medium":["https:\/\/fmamiga909.com.ar\/wp-content\/uploads\/2023\/10\/wp-header-logo-84-720x475.png",720,475,true]},"author_info":{"display_name":"Fredy Giuliano","author_link":"https:\/\/fmamiga909.com.ar\/?author=3"},"category_info":"<a href=\"https:\/\/fmamiga909.com.ar\/?cat=21\" rel=\"category\">Deportes<\/a>","tag_info":"Deportes","comment_count":"0","_links":{"self":[{"href":"https:\/\/fmamiga909.com.ar\/index.php?rest_route=\/wp\/v2\/posts\/10726","targetHints":{"allow":["GET"]}}],"collection":[{"href":"https:\/\/fmamiga909.com.ar\/index.php?rest_route=\/wp\/v2\/posts"}],"about":[{"href":"https:\/\/fmamiga909.com.ar\/index.php?rest_route=\/wp\/v2\/types\/post"}],"author":[{"embeddable":true,"href":"https:\/\/fmamiga909.com.ar\/index.php?rest_route=\/wp\/v2\/users\/3"}],"replies":[{"embeddable":true,"href":"https:\/\/fmamiga909.com.ar\/index.php?rest_route=%2Fwp%2Fv2%2Fcomments&post=10726"}],"version-history":[{"count":0,"href":"https:\/\/fmamiga909.com.ar\/index.php?rest_route=\/wp\/v2\/posts\/10726\/revisions"}],"wp:featuredmedia":[{"embeddable":true,"href":"https:\/\/fmamiga909.com.ar\/index.php?rest_route=\/wp\/v2\/media\/10727"}],"wp:attachment":[{"href":"https:\/\/fmamiga909.com.ar\/index.php?rest_route=%2Fwp%2Fv2%2Fmedia&parent=10726"}],"wp:term":[{"taxonomy":"category","embeddable":true,"href":"https:\/\/fmamiga909.com.ar\/index.php?rest_route=%2Fwp%2Fv2%2Fcategories&post=10726"},{"taxonomy":"post_tag","embeddable":true,"href":"https:\/\/fmamiga909.com.ar\/index.php?rest_route=%2Fwp%2Fv2%2Ftags&post=10726"}],"curies":[{"name":"wp","href":"https:\/\/api.w.org\/{rel}","templated":true}]}}