{"id":10728,"date":"2023-10-10T22:26:18","date_gmt":"2023-10-10T22:26:18","guid":{"rendered":"https:\/\/fmamiga909.com.ar\/?p=10728"},"modified":"2023-10-10T22:26:18","modified_gmt":"2023-10-10T22:26:18","slug":"soy-un-hincha-mas-de-la-seleccion-dijo-el-dibu-martinez-al-llegar-a-ezeiza","status":"publish","type":"post","link":"https:\/\/fmamiga909.com.ar\/?p=10728","title":{"rendered":"&quot;Soy un hincha m\u00e1s de la Selecci\u00f3n&quot;, dijo el &quot;Dibu&quot; Mart\u00ednez al llegar a Ezeiza"},"content":{"rendered":"<div>\n<figure class=\"mb-3\"><img decoding=\"async\" src=\"https:\/\/www.telam.com.ar\/thumbs\/bluesteel\/advf\/imagenes\/2023\/10\/65240b9977778_1200.jpg\" class=\" lazy \" width=\"100%\" height=\"100%\" alt=\"Dibu Martnez Argentina \"\/><figcaption> Dibu Mart\u00ednez (@Argentina). <\/figcaption><\/figure>\n<p> El arquero del seleccionado argentino Emiliano \u00abDibu\u00bb Mart\u00ednez se confes\u00f3 como \u00abun hincha m\u00e1s de la Selecci\u00f3n\u00bb al arribar este lunes al aeropuerto internacional de Ezeiza para sumarse al plantel que jugar\u00e1 los pr\u00f3ximos partidos ante Paraguay y Per\u00fa en las Eliminatorias Sudamericanas del Mundial 2026.<\/p>\n<p>\u00abSoy un hincha m\u00e1s de la Selecci\u00f3n y estoy orgulloso de integrar este equipo\u00bb, dijo el \u00abDibu\u00bb Mart\u00ednez rodeado de fan\u00e1ticos y muchos ni\u00f1os y ni\u00f1as que pugnaban por una foto o un aut\u00f3grafo en la estaci\u00f3n a\u00e9rea.<\/p>\n<p>El arquero campe\u00f3n del mundo en Qatar 2022 dijo que en las Eliminatorias \u00abson todos partidos duros y dif\u00edciles\u00bb y no se olvid\u00f3 del deseo de \u00abir a ganar otra Copa Am\u00e9rica\u00bb al referirse al torneo que se disputar\u00e1 en Estados Unidos, el a\u00f1o pr\u00f3ximo.<\/p>\n<p><figure class=\"mb-3\"><img decoding=\"async\" src=\"https:\/\/www.telam.com.ar\/thumbs\/bluesteel\/advf\/imagenes\/2023\/10\/65240b9986146_1200.jpg\" class=\" lazy \" width=\"100%\" height=\"100%\" alt=\"Julin lvarez Argentina \"\/><figcaption> Juli\u00e1n \u00c1lvarez (@Argentina). <\/figcaption><\/figure>\n<p>En el mismo avi\u00f3n, procedente de Londres, arribaron junto a \u00abDibu\u00bb los futbolistas Juli\u00e1n \u00c1lvarez, Alexis Mac Allister, Gonzalo Montiel y Cristian \u00abCuti\u00bb Romero, tambi\u00e9n militantes en la Premier League.<\/p>\n<p>Antes, un grupo de futbolistas encabezado por <strong>Rodrigo De Paul, desde Espa\u00f1a, <\/strong>lleg\u00f3 este lunes al pa\u00eds para sumarse al seleccionado argentino y <strong>caus\u00f3 euforia en el aeropuerto de Ezeiza<\/strong>.<\/p>\n<p>Pasadas las 8.00, De Paul arrib\u00f3 desde Madrid junto a Nahuel Molina y provoc\u00f3 un revuelo en el sector internacional de aterrizajes en Ezeiza.<\/p>\n<p><figure class=\"mb-3\"><img decoding=\"async\" src=\"https:\/\/www.telam.com.ar\/thumbs\/bluesteel\/advf\/imagenes\/2023\/10\/65240b99662cc_1200.jpg\" class=\" lazy \" width=\"100%\" height=\"100%\" alt=\"Alexis Mac Allister Argentina \"\/><figcaption> Alexis Mac Allister (@Argentina). <\/figcaption><\/figure>\n<p>El mediocampista de Atl\u00e9tico de Madrid recorri\u00f3 los escasos metros que separan la puerta de salida con el estacionamiento rodeado de c\u00e1maras, periodistas y fan\u00e1ticos.<\/p>\n<p>Unos minutos despu\u00e9s, m\u00e1s cerca de las 9.00, lleg\u00f3 el avi\u00f3n procedente de Londres con los futbolistas de la \u00abScaloneta\u00bb que juegan en la Premier League.<\/p>\n<blockquote class=\"twitter-tweet\">\n<p lang=\"es\" dir=\"ltr\"><a href=\"https:\/\/twitter.com\/hashtag\/Selecci%C3%B3nMayor?src=hash&amp;ref_src=twsrc%5Etfw\">#Selecci\u00f3nMayor<\/a> \u00a1Hola Campeones! \ud83d\ude01\ud83d\udc4b<a href=\"https:\/\/twitter.com\/hashtag\/ScalonetaModoOn?src=hash&amp;ref_src=twsrc%5Etfw\">#ScalonetaModoOn<\/a> <a href=\"https:\/\/t.co\/ejQEW9Jqeu\">pic.twitter.com\/ejQEW9Jqeu<\/a><\/p>\n<p>\u2014 \ud83c\udde6\ud83c\uddf7 Selecci\u00f3n Argentina \u2b50\u2b50\u2b50 (@Argentina) <a href=\"https:\/\/twitter.com\/Argentina\/status\/1711381713740251138?ref_src=twsrc%5Etfw\">October 9, 2023<\/a><\/p><\/blockquote>\n<p> De este grupo el m\u00e1s requerido fue el arquero Emiliano \u00abDibu\u00bb Mart\u00ednez, quien en medio del caos pudo expresar algunos conceptos de cara a los partidos contra Paraguay y Per\u00fa.<\/p>\n<p>Mientras las c\u00e1maras se fueron con el \u00abDibu\u00bb, Juli\u00e1n \u00c1lvarez, Cristian \u00abCuti\u00bb Romero, Alexis Mac Allister y Gonzalo Montiel aprovecharon y pasaron r\u00e1pido a la camioneta de la AFA que los esperaba en la puerta.<\/p>\n<p>El primer entrenamiento del plantel dirigido por Lionel Scaloni ser\u00e1 a partir de las 17.00, a puertas cerradas, en el predio Lionel Andr\u00e9s Messi.<\/p>\n<p><figure class=\"mb-3\"><img decoding=\"async\" src=\"https:\/\/www.telam.com.ar\/thumbs\/bluesteel\/advf\/imagenes\/2023\/10\/652406ab8cad3_1200.jpg\" class=\" lazy \" width=\"100%\" height=\"100%\" alt=\"Foto Captura TV\"\/><figcaption> Foto: Captura TV. <\/figcaption><\/figure>\n<p>Con entradas agotadas, <strong>el seleccionado campe\u00f3n del Mundo recibir\u00e1 a Paraguay el jueves a las 20 en el estadio Monumental<\/strong> por la tercera fecha de las Eliminatorias sudamericanas para el Mundial 2026.<\/p>\n<p>Luego, el plantel viajar\u00e1 a Lima para enfrentar el martes pr\u00f3ximo a Per\u00fa por la cuarta jornada.<\/p>\n<p>Argentina arranc\u00f3 el proceso clasificatorio con puntaje ideal tras los triunfos ante Ecuador (1-0) y Bolivia (3-0) y comparte la punta con Brasil, al que visitar\u00e1 el pr\u00f3ximo 21 de noviembre en el estadio Maracan\u00e1 de R\u00edo de Janeiro, en la \u00faltima doble fecha del 2023.<\/p>\n<\/div>\n<p><script async src=\"\/\/platform.twitter.com\/widgets.js\" charset=\"utf-8\"><\/script><script async defer crossorigin=\"anonymous\" src=\"https:\/\/connect.facebook.net\/es_LA\/sdk.js#xfbml=1&#038;version=v12.0\" nonce=\"SBlHQzIF\"><\/script><br \/><a href=\"https:\/\/www.telam.com.ar\/notas\/202310\/642816-futbol-eliminatorias-sudamericanas-llegadas-dibu-martinez-de-paul-molina.html\">source<\/a><\/p>\n","protected":false},"excerpt":{"rendered":"<p>Dibu Mart\u00ednez (@Argentina). El arquero del seleccionado argentino Emiliano \u00abDibu\u00bb Mart\u00ednez se confes\u00f3 como \u00abun&#8230;<\/p>\n","protected":false},"author":3,"featured_media":10729,"comment_status":"closed","ping_status":"closed","sticky":false,"template":"","format":"standard","meta":{"footnotes":""},"categories":[21],"tags":[],"class_list":["post-10728","post","type-post","status-publish","format-standard","has-post-thumbnail","hentry","category-deportes"],"featured_image_urls":{"full":["https:\/\/fmamiga909.com.ar\/wp-content\/uploads\/2023\/10\/wp-header-logo-85.png",1200,675,false],"thumbnail":["https:\/\/fmamiga909.com.ar\/wp-content\/uploads\/2023\/10\/wp-header-logo-85-150x150.png",150,150,true],"medium":["https:\/\/fmamiga909.com.ar\/wp-content\/uploads\/2023\/10\/wp-header-logo-85-300x169.png",300,169,true],"medium_large":["https:\/\/fmamiga909.com.ar\/wp-content\/uploads\/2023\/10\/wp-header-logo-85.png",1200,675,false],"large":["https:\/\/fmamiga909.com.ar\/wp-content\/uploads\/2023\/10\/wp-header-logo-85-1024x576.png",640,360,true],"1536x1536":["https:\/\/fmamiga909.com.ar\/wp-content\/uploads\/2023\/10\/wp-header-logo-85.png",1200,675,false],"2048x2048":["https:\/\/fmamiga909.com.ar\/wp-content\/uploads\/2023\/10\/wp-header-logo-85.png",1200,675,false],"newsium-slider-full":["https:\/\/fmamiga909.com.ar\/wp-content\/uploads\/2023\/10\/wp-header-logo-85.png",1200,675,false],"newsium-featured":["https:\/\/fmamiga909.com.ar\/wp-content\/uploads\/2023\/10\/wp-header-logo-85-1024x576.png",1024,576,true],"newsium-medium":["https:\/\/fmamiga909.com.ar\/wp-content\/uploads\/2023\/10\/wp-header-logo-85-720x475.png",720,475,true]},"author_info":{"display_name":"Fredy Giuliano","author_link":"https:\/\/fmamiga909.com.ar\/?author=3"},"category_info":"<a href=\"https:\/\/fmamiga909.com.ar\/?cat=21\" rel=\"category\">Deportes<\/a>","tag_info":"Deportes","comment_count":"0","_links":{"self":[{"href":"https:\/\/fmamiga909.com.ar\/index.php?rest_route=\/wp\/v2\/posts\/10728","targetHints":{"allow":["GET"]}}],"collection":[{"href":"https:\/\/fmamiga909.com.ar\/index.php?rest_route=\/wp\/v2\/posts"}],"about":[{"href":"https:\/\/fmamiga909.com.ar\/index.php?rest_route=\/wp\/v2\/types\/post"}],"author":[{"embeddable":true,"href":"https:\/\/fmamiga909.com.ar\/index.php?rest_route=\/wp\/v2\/users\/3"}],"replies":[{"embeddable":true,"href":"https:\/\/fmamiga909.com.ar\/index.php?rest_route=%2Fwp%2Fv2%2Fcomments&post=10728"}],"version-history":[{"count":0,"href":"https:\/\/fmamiga909.com.ar\/index.php?rest_route=\/wp\/v2\/posts\/10728\/revisions"}],"wp:featuredmedia":[{"embeddable":true,"href":"https:\/\/fmamiga909.com.ar\/index.php?rest_route=\/wp\/v2\/media\/10729"}],"wp:attachment":[{"href":"https:\/\/fmamiga909.com.ar\/index.php?rest_route=%2Fwp%2Fv2%2Fmedia&parent=10728"}],"wp:term":[{"taxonomy":"category","embeddable":true,"href":"https:\/\/fmamiga909.com.ar\/index.php?rest_route=%2Fwp%2Fv2%2Fcategories&post=10728"},{"taxonomy":"post_tag","embeddable":true,"href":"https:\/\/fmamiga909.com.ar\/index.php?rest_route=%2Fwp%2Fv2%2Ftags&post=10728"}],"curies":[{"name":"wp","href":"https:\/\/api.w.org\/{rel}","templated":true}]}}