{"id":10740,"date":"2023-10-11T11:08:21","date_gmt":"2023-10-11T11:08:21","guid":{"rendered":"https:\/\/fmamiga909.com.ar\/?p=10740"},"modified":"2023-10-11T11:08:23","modified_gmt":"2023-10-11T11:08:23","slug":"asoma-el-gabinete-de-maximiliano-pullaro-uno-por-uno-todos-los-nombres-en-danza","status":"publish","type":"post","link":"https:\/\/fmamiga909.com.ar\/?p=10740","title":{"rendered":"Asoma el gabinete de Maximiliano Pullaro: uno por uno, todos los nombres en danza"},"content":{"rendered":"\n<p>Aunque\u00a0<a rel=\"noreferrer noopener\" href=\"https:\/\/www.airedesantafe.com.ar\/politica\/danza-nombres-maximiliano-pullaro-evito-dar-nombres-su-futuro-gabinete-y-aseguro-que-habra-que-esperar-n520113\" target=\"_blank\">el hermetismo en el equipo<\/a>\u00a0del gobernador electo\u00a0<strong>Maximiliano Pullaro<\/strong>\u00a0es absoluto, en las \u00faltimas horas\u00a0se termin\u00f3 de definir la integraci\u00f3n del gabinete con el que asumir\u00e1 el pr\u00f3ximo 11 de diciembre. Los nombres se dar\u00e1n a conocer en forma oficial una vez que la Legislatura sancione la reforma de la\u00a0<strong>Ley de Ministerios<\/strong>.<\/p>\n\n\n\n<p>No obstante,\u00a0fuentes cercanas a\u00a0<strong>Pullaro<\/strong>,\u00a0la intenci\u00f3n es mostrar cautela y no adelantar confirmaciones antes de tiempo. \u201cTodav\u00eda no est\u00e1 todo 100% confirmado.\u00a0Puede haber cambios, incluso en los pr\u00f3ximos d\u00edas\u201d, se\u00f1al\u00f3 un colaborador del pr\u00f3ximo gobernador.<\/p>\n\n\n\n<p>Poco despu\u00e9s de las elecciones que consagraron a Pullaro como nuevo gobernador de\u00a0<strong>Santa Fe<\/strong>, una de sus manos derechas \u2013el senador provincial\u00a0<strong>Felipe Michlig<\/strong>\u2013 adelant\u00f3 la idea de reducir de 13 a 10 el n\u00famero de ministerios.<\/p>\n\n\n\n<p>Pero las negociaciones entre el radicalismo y sus principales aliados pol\u00edticos dentro del frente&nbsp;<strong>Unidos para Cambiar Santa Fe<\/strong>&nbsp;\u2013el PRO y el socialismo\u2013 resultaron m\u00e1s complejas de lo esperado. Para tratar de contentar a todos los sectores involucrados, finalmente&nbsp;ser\u00e1n 11 los ministerios a partir de diciembre.<\/p>\n\n\n\n<p>El principal problema se dio puertas adentro del socialismo, donde los dos sectores principales, que lideran\u00a0<strong>M\u00f3nica Fein<\/strong>\u00a0y\u00a0<strong>Antonio Bonfatti<\/strong>, no se pusieron de acuerdo y presentaron ante el gobernador elector cada uno sus propios nombres, por separado. Pullaro laud\u00f3 en forma salom\u00f3nica y le entregar\u00e1 un ministerio a cada sector del PS.<\/p>\n\n\n\n<p>Los primeros nombres que quedaron firmes surgen del ri\u00f1\u00f3n de la\u00a0<strong>UCR-NEO<\/strong>, el espacio al que pertenece el nuevo gobernador. Dos senadores reelectos por amplio margen en sus departamentos \u2013<strong>\u00a0Felipe Michlig<\/strong>\u00a0en San Crist\u00f3bal y\u00a0<strong>Lisandro Enrico<\/strong>\u00a0en General L\u00f3pez\u2013 se sumar\u00e1n al gabinete.<\/p>\n\n\n\n<p>De hecho, Michlig y Enrico quedaron a cargo de las negociaciones de la transici\u00f3n con el gobierno de&nbsp;<strong>Omar Perotti<\/strong>. El actual secretario parlamentario de la C\u00e1mara de Diputados de la provincia,&nbsp;<strong>Gustavo Puccini<\/strong>, tambi\u00e9n forma parte de la mesa de transici\u00f3n y ser\u00e1 parte del gabinete.<\/p>\n\n\n\n<p>El radicalismo controlar\u00e1 adem\u00e1s los ministerios de Econom\u00eda, Educaci\u00f3n, Seguridad, Salud y Desarrollo Social. En total,&nbsp;la UCR estar\u00e1 al mando de ocho de los 11 ministerios.<\/p>\n\n\n\n<p>En tanto, para los aliados de la UCR, el gobernador electo reserv\u00f3 los Ministerios de Trabajo (PRO), Cultura y Ambiente (ambos para el PS). En el caso del socialismo, las dos tribus internas tendr\u00e1n representaci\u00f3n en el gabinete:\u00a0el sector de Fein se queda con Ambiente y el de Bonfatti con Cultura.<\/p>\n\n\n\n<p>Los nombres de los 11 futuros ministros est\u00e1n casi definidos y ser\u00e1n anunciados cuando se apruebe la nueva Ley de Ministerios, antes del final de la actual gesti\u00f3n.<\/p>\n\n\n\n<h2 class=\"wp-block-heading\">Nombre por nombre, as\u00ed qued\u00f3 confirmado el gabinete de Maximiliano Pullaro<\/h2>\n\n\n\n<p>El nuevo gobernador de Santa Fe asumir\u00e1 el 11 de diciembre en reemplazo de&nbsp;<strong>Omar Perotti<\/strong>. Ese mismo d\u00eda, tras los actos formales, les tomar\u00e1 juramento a sus 11 ministros y al nuevo fiscal de Estado de la provincia, cuyo nombre tambi\u00e9n est\u00e1 definido.<\/p>\n\n\n\n<p>As\u00ed quedar\u00e1 integrado el gabinete de Pullaro:<\/p>\n\n\n\n<ul class=\"wp-block-list\">\n<li>Gobierno:&nbsp;<strong>Felipe Michlig<\/strong>&nbsp;(UCR)<\/li>\n\n\n\n<li>Econom\u00eda:&nbsp;<strong>Pablo Olivares<\/strong>&nbsp;(UCR)<\/li>\n\n\n\n<li>Obras P\u00fablicas:&nbsp;<strong>Lisandro Enrico<\/strong>&nbsp;(UCR)<\/li>\n\n\n\n<li>Producci\u00f3n:&nbsp;<strong>Gustavo Puccini<\/strong>&nbsp;(UCR)<\/li>\n\n\n\n<li>Educaci\u00f3n:&nbsp;<strong>Jos\u00e9 Goity<\/strong>&nbsp;(UCR)<\/li>\n\n\n\n<li>Salud:&nbsp;<strong>Silvia Ciancio<\/strong>&nbsp;(UCR)<\/li>\n\n\n\n<li>Seguridad y Justicia:&nbsp;<strong>Pablo Cococcioni<\/strong>&nbsp;(UCR)<\/li>\n\n\n\n<li>Desarrollo Social:&nbsp;<strong>Victoria Tejeda<\/strong>&nbsp;(UCR)<\/li>\n\n\n\n<li>Trabajo:&nbsp;<strong>Road \u201cCoco\u201d B\u00e1scolo&nbsp;<\/strong>(PRO)<\/li>\n\n\n\n<li>Cultura:&nbsp;<strong>Susana Rueda<\/strong>&nbsp;(PS)<\/li>\n\n\n\n<li>Ambiente y Cambio Clim\u00e1tico:&nbsp;<strong>Enrique Est\u00e9vez<\/strong>&nbsp;(PS)<\/li>\n\n\n\n<li>Fiscal de Estado:\u00a0<strong>Domingo Rondina<\/strong><\/li>\n\n\n\n<li><\/li>\n\n\n\n<li>Fuente:airedesantafe.com.a<\/li>\n<\/ul>\n","protected":false},"excerpt":{"rendered":"<p>Aunque\u00a0el hermetismo en el equipo\u00a0del gobernador electo\u00a0Maximiliano Pullaro\u00a0es absoluto, en las \u00faltimas horas\u00a0se termin\u00f3 de&#8230;<\/p>\n","protected":false},"author":3,"featured_media":10741,"comment_status":"closed","ping_status":"closed","sticky":false,"template":"","format":"standard","meta":{"footnotes":""},"categories":[20,3],"tags":[],"class_list":["post-10740","post","type-post","status-publish","format-standard","has-post-thumbnail","hentry","category-entrevistas","category-noticias"],"featured_image_urls":{"full":["https:\/\/fmamiga909.com.ar\/wp-content\/uploads\/2023\/10\/OIP-2.jpg",474,230,false],"thumbnail":["https:\/\/fmamiga909.com.ar\/wp-content\/uploads\/2023\/10\/OIP-2-150x150.jpg",150,150,true],"medium":["https:\/\/fmamiga909.com.ar\/wp-content\/uploads\/2023\/10\/OIP-2-300x146.jpg",300,146,true],"medium_large":["https:\/\/fmamiga909.com.ar\/wp-content\/uploads\/2023\/10\/OIP-2.jpg",474,230,false],"large":["https:\/\/fmamiga909.com.ar\/wp-content\/uploads\/2023\/10\/OIP-2.jpg",474,230,false],"1536x1536":["https:\/\/fmamiga909.com.ar\/wp-content\/uploads\/2023\/10\/OIP-2.jpg",474,230,false],"2048x2048":["https:\/\/fmamiga909.com.ar\/wp-content\/uploads\/2023\/10\/OIP-2.jpg",474,230,false],"newsium-slider-full":["https:\/\/fmamiga909.com.ar\/wp-content\/uploads\/2023\/10\/OIP-2.jpg",474,230,false],"newsium-featured":["https:\/\/fmamiga909.com.ar\/wp-content\/uploads\/2023\/10\/OIP-2.jpg",474,230,false],"newsium-medium":["https:\/\/fmamiga909.com.ar\/wp-content\/uploads\/2023\/10\/OIP-2.jpg",474,230,false]},"author_info":{"display_name":"Fredy Giuliano","author_link":"https:\/\/fmamiga909.com.ar\/?author=3"},"category_info":"<a href=\"https:\/\/fmamiga909.com.ar\/?cat=20\" rel=\"category\">Entrevistas<\/a> <a href=\"https:\/\/fmamiga909.com.ar\/?cat=3\" rel=\"category\">Noticias<\/a>","tag_info":"Noticias","comment_count":"0","_links":{"self":[{"href":"https:\/\/fmamiga909.com.ar\/index.php?rest_route=\/wp\/v2\/posts\/10740","targetHints":{"allow":["GET"]}}],"collection":[{"href":"https:\/\/fmamiga909.com.ar\/index.php?rest_route=\/wp\/v2\/posts"}],"about":[{"href":"https:\/\/fmamiga909.com.ar\/index.php?rest_route=\/wp\/v2\/types\/post"}],"author":[{"embeddable":true,"href":"https:\/\/fmamiga909.com.ar\/index.php?rest_route=\/wp\/v2\/users\/3"}],"replies":[{"embeddable":true,"href":"https:\/\/fmamiga909.com.ar\/index.php?rest_route=%2Fwp%2Fv2%2Fcomments&post=10740"}],"version-history":[{"count":1,"href":"https:\/\/fmamiga909.com.ar\/index.php?rest_route=\/wp\/v2\/posts\/10740\/revisions"}],"predecessor-version":[{"id":10742,"href":"https:\/\/fmamiga909.com.ar\/index.php?rest_route=\/wp\/v2\/posts\/10740\/revisions\/10742"}],"wp:featuredmedia":[{"embeddable":true,"href":"https:\/\/fmamiga909.com.ar\/index.php?rest_route=\/wp\/v2\/media\/10741"}],"wp:attachment":[{"href":"https:\/\/fmamiga909.com.ar\/index.php?rest_route=%2Fwp%2Fv2%2Fmedia&parent=10740"}],"wp:term":[{"taxonomy":"category","embeddable":true,"href":"https:\/\/fmamiga909.com.ar\/index.php?rest_route=%2Fwp%2Fv2%2Fcategories&post=10740"},{"taxonomy":"post_tag","embeddable":true,"href":"https:\/\/fmamiga909.com.ar\/index.php?rest_route=%2Fwp%2Fv2%2Ftags&post=10740"}],"curies":[{"name":"wp","href":"https:\/\/api.w.org\/{rel}","templated":true}]}}