{"id":10753,"date":"2023-10-11T23:12:23","date_gmt":"2023-10-11T23:12:23","guid":{"rendered":"https:\/\/fmamiga909.com.ar\/?p=10753"},"modified":"2023-10-11T23:12:23","modified_gmt":"2023-10-11T23:12:23","slug":"scaloni-messi-esta-bien-hablare-con-el-para-definir-si-juega-desde-el-inicio-o-no","status":"publish","type":"post","link":"https:\/\/fmamiga909.com.ar\/?p=10753","title":{"rendered":"Scaloni: &quot;Messi est\u00e1 bien, hablar\u00e9 con \u00e9l para definir si juega desde el inicio o no&quot;"},"content":{"rendered":"<div>\n<div class=\"video_repositive\"> <a class=\"video_sticky\" href=\"javascript:void();\" onclick=\"removeStuckVideo(true);\"><i class=\"far fa-window-close\"\/><\/a> <\/p>\n<div id=\"7s3qI-bK_HI\" class=\"video_telam\" style=\"background-image:url('https:\/\/img.youtube.com\/vi\/7s3qI-bK_HI\/hqdefault.jpg');background-position: center center;\">\n<div class=\"feature_article_inner\">\n<p><h2 class=\"text-center\">Scaloni: \u00abMessi est\u00e1 bien, hablar\u00e9 con \u00e9l para definir si juega de inico o no\u00bb<\/h2>\n<\/p><\/div>\n<p>VER VIDEO <i class=\"fas fa-play\"\/><\/p>\n<\/p><\/div>\n<\/p><\/div>\n<p>El director t\u00e9cnico del seleccionado argentino, Lionel Scaloni, encontr\u00f3 \u00abbien\u00bb al capit\u00e1n Lionel Messi, afectado por una molestia muscular el \u00faltimo mes, y vincul\u00f3 a una conversaci\u00f3n con el jugador la definici\u00f3n de si jugar\u00e1 como titular o estar\u00e1 en el banco de suplentes en el partido de este jueves ante Paraguay, por las Eliminatorias Sudamericanas del Mundial de f\u00fatbol 2026.<\/p>\n<p>\u00ab<strong>Nos queda un entrenamiento m\u00e1s y es muy importante. Hablar\u00e9 con \u00e9l y definir\u00e9 si juega de inicio o no. <\/strong>En base a eso, el equipo puede cambiar\u00bb, confi\u00f3 el DT en conferencia de prensa desde el predio de la AFA en el partido bonaerense de Ezeiza.<\/p>\n<p><figure class=\"mb-3\"><img decoding=\"async\" src=\"https:\/\/www.telam.com.ar\/thumbs\/bluesteel\/advf\/imagenes\/2023\/10\/6526cf77d7473_1200.jpg\" class=\" lazy \" width=\"100%\" height=\"100%\" alt=\"Lionel Scaloni en conferencia Foto Nacho Snchez \"\/><figcaption> Lionel Scaloni en conferencia (Foto Nacho S\u00e1nchez). <\/figcaption><\/figure>\n<p>Scaloni lo consultar\u00e1 en la pr\u00e1ctica de esta tarde sobre \u00abc\u00f3mo se siente\u00bb y tomar\u00e1 su decisi\u00f3n considerando tambi\u00e9n el siguiente partido, que la Argentina afrontar\u00e1 ante Per\u00fa, en Lima, el pr\u00f3ximo martes 17.<\/p>\n<p>\u00ab<strong>Si est\u00e1 al ciento por ciento, ya saben c\u00f3mo pienso<\/strong>\u00ab, aclar\u00f3 sobre su intenci\u00f3n de disponerlo siempre la mayor cantidad de tiempo posible.<\/p>\n<p>Messi, de 36 a\u00f1os, jug\u00f3 90 minutos por \u00faltima vez en el partido de Inter Miami ante Los \u00c1ngeles FC, el pasado 4 de septiembre.<\/p>\n<p><figure class=\"mb-3\"><img decoding=\"async\" src=\"https:\/\/www.telam.com.ar\/thumbs\/bluesteel\/advf\/imagenes\/2023\/10\/6526cf77bc245_1200.jpg\" class=\" lazy \" width=\"100%\" height=\"100%\" alt=\"Lionel Scaloni en conferencia Foto Nacho Snchez \"\/><figcaption> Lionel Scaloni en conferencia (Foto Nacho S\u00e1nchez). <\/figcaption><\/figure>\n<p>Cuatro d\u00edas m\u00e1s tarde, lo hizo en casi la totalidad de la victoria ante Ecuador en el Monumental, donde se resinti\u00f3 en la cicatriz de una viejo desgarro.<\/p>\n<p>Tras ello, el astro argentino qued\u00f3 al margen del segundo partido de Eliminatorias Sudamericanas ante Bolivia y en su club no pudo jugar con continuidad.<\/p>\n<p>De hecho, en Estados Unidos se perdi\u00f3 la final de la US Open Cup y los \u00faltimos cuatro encuentros de la franquicia floridiana, que ya qued\u00f3 eliminada de la postemporada y finalizar\u00e1 su calendario oficial a fines de mes.<\/p>\n<blockquote class=\"twitter-tweet\">\n<p lang=\"es\" dir=\"ltr\"><a href=\"https:\/\/twitter.com\/hashtag\/Selecci%C3%B3nMayor?src=hash&amp;ref_src=twsrc%5Etfw\">#Selecci\u00f3nMayor<\/a> Inicia la conferencia de prensa del entrenador Lionel Scaloni \ud83c\udf99\ufe0f <a href=\"https:\/\/t.co\/7FPptl5egN\">pic.twitter.com\/7FPptl5egN<\/a><\/p>\n<p>\u2014 \ud83c\udde6\ud83c\uddf7 Selecci\u00f3n Argentina \u2b50\u2b50\u2b50 (@Argentina) <a href=\"https:\/\/twitter.com\/Argentina\/status\/1712121811800850472?ref_src=twsrc%5Etfw\">October 11, 2023<\/a><\/p><\/blockquote>\n<p>A prop\u00f3sito, <strong>Scaloni se despreocup\u00f3 por la falta de competencia que se avecina en la agenda de Messi: \u00abSiendo ego\u00edsta, podr\u00edamos decir que no nos afecta tanto porque con nosotros estar\u00e1 hasta la pr\u00f3xima fecha FIFA\u00bb.<\/strong><\/p>\n<p>Argentina cerrar\u00e1 el a\u00f1o con Uruguay en el estadio Monumental y visitar\u00e1 a Brasil en el Maracan\u00e1 de R\u00edo de Janeiro, el 16 y 21 de noviembre, respectivamente.<\/p>\n<p>Scaloni insisti\u00f3 en \u00abel tema de los minutos es importante\u00bb sobre la utilizaci\u00f3n del capit\u00e1n argentino y se mostr\u00f3 \u00abtranquilo\u00bb en caso de tener que reemplazarlo \u00abal que le toque entrar, lo har\u00e1 bien\u00bb.<\/p>\n<p>En cuanto a la formaci\u00f3n titular para recibir a Paraguay, <strong>Scaloni tambi\u00e9n mantuvo la incertidumbre en relaci\u00f3n a la presencia de Lautaro Mart\u00ednez o Juli\u00e1n \u00c1lvarez, los dos delanteros argentinos de mejor actualidad en el f\u00fatbol europeo.<\/strong><\/p>\n<p>\u00abHan jugado juntos con nosotros y de entrada. Estoy abierto a cualquier cosa, no es un problema para nosotros. Depender\u00e1 del partido, veremos qu\u00e9 es lo mejor para este. Juegan en la misma posici\u00f3n pero tienen caracter\u00edsticas diferentes\u00bb, explic\u00f3.<\/p>\n<p><figure class=\"mb-3\"><img decoding=\"async\" src=\"https:\/\/www.telam.com.ar\/thumbs\/bluesteel\/advf\/imagenes\/2023\/10\/6526cf77f0651_1200.jpg\" class=\" lazy \" width=\"100%\" height=\"100%\" alt=\"Lionel Scaloni en conferencia Foto Nacho Snchez \"\/><figcaption> Lionel Scaloni en conferencia (Foto Nacho S\u00e1nchez). <\/figcaption><\/figure>\n<p><strong>Scaloni ratific\u00f3 su idea de que jueguen \u00ablos que mejor est\u00e1n\u00bb y valor\u00f3 \u00abla competencia sana\u00bb que existe en el plantel argentino.<\/strong> En ese sentido, tampoco confirm\u00f3 la presencia de Alexis Mac Allister y Enzo Fern\u00e1ndez, quienes son fija desde la obtenci\u00f3n del Mundial Qatar 2022.<\/p>\n<p>\u00abNo s\u00e9 si van a jugar los dos, esa es una pregunta tramposa. Tambi\u00e9n tenemos a Leandro (Paredes) y Guido (Rodr\u00edguez), que est\u00e1n muy bien. Si juegan los dos, ambos se puede adaptar a la posici\u00f3n de volante central e interno\u00bb, dijo.<\/p>\n<p>Sobre el rival de este jueves, que tendr\u00e1 el estreno de Daniel Garnero en la direcci\u00f3n t\u00e9cnica, el entrenador argentino asegur\u00f3: \u00abTanto Garnero como Paraguay merecen m\u00e1ximo respeto\u00bb.<\/p>\n<blockquote class=\"twitter-tweet\">\n<p lang=\"es\" dir=\"ltr\"><a href=\"https:\/\/twitter.com\/hashtag\/Selecci%C3%B3nMayor?src=hash&amp;ref_src=twsrc%5Etfw\">#Selecci\u00f3nMayor<\/a> Hasta ah\u00ed la palabra del entrenador Lionel Scaloni en la previa del encuentro ante Paraguay. <a href=\"https:\/\/t.co\/Z8LpwQ5qXi\">pic.twitter.com\/Z8LpwQ5qXi<\/a><\/p>\n<p>\u2014 \ud83c\udde6\ud83c\uddf7 Selecci\u00f3n Argentina \u2b50\u2b50\u2b50 (@Argentina) <a href=\"https:\/\/twitter.com\/Argentina\/status\/1712129379906605548?ref_src=twsrc%5Etfw\">October 11, 2023<\/a><\/p><\/blockquote>\n<p>\u00ab<strong>Muchas veces nos ha tocado enfrentar a entrenadores que debutaban y eso hace que las informaciones disponibles sean relativas a sus clubes y no a la selecci\u00f3n<\/strong>\u00ab, comparti\u00f3 acerca de la dificultad de intuir la forma de juego del adversario.<\/p>\n<p>\u00abNosotros siempre analizamos c\u00f3mo juega el rival y tomamos nuestros recaudos pero <strong>la idea primera seguir\u00e1 siendo tratar de hacer nuestro propio juego<\/strong>\u00ab, aclar\u00f3.<\/p>\n<p>Argentina, punteros de las Eliminatorias junto a Brasil con puntaje ideal (6), recibir\u00e1 este jueves a Paraguay desde las 20:00 en el Monumental de River Plate y visitar\u00e1 a Per\u00fa en el Estadio Nacional de Lima, el martes pr\u00f3ximo a las 23:00.<\/p>\n<p><figure class=\"mb-3\"><img decoding=\"async\" src=\"https:\/\/www.telam.com.ar\/thumbs\/bluesteel\/advf\/imagenes\/2023\/10\/6526cf781bffd_1200.jpg\" class=\" lazy \" width=\"100%\" height=\"100%\" alt=\"Lionel Scaloni en conferencia Foto Nacho Snchez \"\/><figcaption> Lionel Scaloni en conferencia (Foto Nacho S\u00e1nchez). <\/figcaption><\/figure>\n<\/p>\n<\/div>\n<p><script async src=\"\/\/platform.twitter.com\/widgets.js\" charset=\"utf-8\"><\/script><script async defer crossorigin=\"anonymous\" src=\"https:\/\/connect.facebook.net\/es_LA\/sdk.js#xfbml=1&#038;version=v12.0\" nonce=\"SBlHQzIF\"><\/script><br \/><a href=\"https:\/\/www.telam.com.ar\/notas\/202310\/643072-futbol-seleccion-scaloni-messi-conferencia.html\">source<\/a><\/p>\n","protected":false},"excerpt":{"rendered":"<p>Scaloni: \u00abMessi est\u00e1 bien, hablar\u00e9 con \u00e9l para definir si juega de inico o no\u00bb&#8230;<\/p>\n","protected":false},"author":3,"featured_media":10754,"comment_status":"closed","ping_status":"closed","sticky":false,"template":"","format":"standard","meta":{"footnotes":""},"categories":[21],"tags":[],"class_list":["post-10753","post","type-post","status-publish","format-standard","has-post-thumbnail","hentry","category-deportes"],"featured_image_urls":{"full":["https:\/\/fmamiga909.com.ar\/wp-content\/uploads\/2023\/10\/wp-header-logo-96.png",1200,675,false],"thumbnail":["https:\/\/fmamiga909.com.ar\/wp-content\/uploads\/2023\/10\/wp-header-logo-96-150x150.png",150,150,true],"medium":["https:\/\/fmamiga909.com.ar\/wp-content\/uploads\/2023\/10\/wp-header-logo-96-300x169.png",300,169,true],"medium_large":["https:\/\/fmamiga909.com.ar\/wp-content\/uploads\/2023\/10\/wp-header-logo-96.png",1200,675,false],"large":["https:\/\/fmamiga909.com.ar\/wp-content\/uploads\/2023\/10\/wp-header-logo-96-1024x576.png",640,360,true],"1536x1536":["https:\/\/fmamiga909.com.ar\/wp-content\/uploads\/2023\/10\/wp-header-logo-96.png",1200,675,false],"2048x2048":["https:\/\/fmamiga909.com.ar\/wp-content\/uploads\/2023\/10\/wp-header-logo-96.png",1200,675,false],"newsium-slider-full":["https:\/\/fmamiga909.com.ar\/wp-content\/uploads\/2023\/10\/wp-header-logo-96.png",1200,675,false],"newsium-featured":["https:\/\/fmamiga909.com.ar\/wp-content\/uploads\/2023\/10\/wp-header-logo-96-1024x576.png",1024,576,true],"newsium-medium":["https:\/\/fmamiga909.com.ar\/wp-content\/uploads\/2023\/10\/wp-header-logo-96-720x475.png",720,475,true]},"author_info":{"display_name":"Fredy Giuliano","author_link":"https:\/\/fmamiga909.com.ar\/?author=3"},"category_info":"<a href=\"https:\/\/fmamiga909.com.ar\/?cat=21\" rel=\"category\">Deportes<\/a>","tag_info":"Deportes","comment_count":"0","_links":{"self":[{"href":"https:\/\/fmamiga909.com.ar\/index.php?rest_route=\/wp\/v2\/posts\/10753","targetHints":{"allow":["GET"]}}],"collection":[{"href":"https:\/\/fmamiga909.com.ar\/index.php?rest_route=\/wp\/v2\/posts"}],"about":[{"href":"https:\/\/fmamiga909.com.ar\/index.php?rest_route=\/wp\/v2\/types\/post"}],"author":[{"embeddable":true,"href":"https:\/\/fmamiga909.com.ar\/index.php?rest_route=\/wp\/v2\/users\/3"}],"replies":[{"embeddable":true,"href":"https:\/\/fmamiga909.com.ar\/index.php?rest_route=%2Fwp%2Fv2%2Fcomments&post=10753"}],"version-history":[{"count":0,"href":"https:\/\/fmamiga909.com.ar\/index.php?rest_route=\/wp\/v2\/posts\/10753\/revisions"}],"wp:featuredmedia":[{"embeddable":true,"href":"https:\/\/fmamiga909.com.ar\/index.php?rest_route=\/wp\/v2\/media\/10754"}],"wp:attachment":[{"href":"https:\/\/fmamiga909.com.ar\/index.php?rest_route=%2Fwp%2Fv2%2Fmedia&parent=10753"}],"wp:term":[{"taxonomy":"category","embeddable":true,"href":"https:\/\/fmamiga909.com.ar\/index.php?rest_route=%2Fwp%2Fv2%2Fcategories&post=10753"},{"taxonomy":"post_tag","embeddable":true,"href":"https:\/\/fmamiga909.com.ar\/index.php?rest_route=%2Fwp%2Fv2%2Ftags&post=10753"}],"curies":[{"name":"wp","href":"https:\/\/api.w.org\/{rel}","templated":true}]}}