{"id":10769,"date":"2023-10-12T20:04:58","date_gmt":"2023-10-12T20:04:58","guid":{"rendered":"https:\/\/fmamiga909.com.ar\/?p=10769"},"modified":"2023-10-12T20:04:58","modified_gmt":"2023-10-12T20:04:58","slug":"michael-cheika-planteo-cambios-en-los-pumas-para-el-partido-contra-gales","status":"publish","type":"post","link":"https:\/\/fmamiga909.com.ar\/?p=10769","title":{"rendered":"Michael Cheika plante\u00f3 cambios en Los Pumas para el partido contra Gales"},"content":{"rendered":"<div>\n<figure class=\"mb-3\"><img decoding=\"async\" src=\"https:\/\/www.telam.com.ar\/thumbs\/bluesteel\/advf\/imagenes\/2023\/10\/652808e3da8b0_1200.jpg\" class=\" lazy \" width=\"100%\" height=\"100%\" alt=\"Cheika dispuso dos cambios en Los Pumas ante Gales Foto Archivo Tlam\"\/><figcaption> Cheika dispuso dos cambios en Los Pumas ante Gales. \/ Foto: Archivo T\u00e9lam. <\/figcaption><\/figure>\n<p><strong>Tom\u00e1s Cubelli ser\u00e1 medio scrum<\/strong> por Gonzalo Bertranou<strong> y Facundo Isa ingresar\u00e1 en el pack <\/strong>por Pablo Matera, <strong>en los dos cambios que ofrecer\u00e1 la formaci\u00f3n de Los Pumas para enfrentar a Gales el s\u00e1bado pr\u00f3ximo, por los cuartos de final del Mundial<\/strong> de rugby que se desarrolla en Francia.<\/p>\n<p>El entrenador australiano Michael Cheika decidi\u00f3 que el equipo de Los Pumas jugar\u00e1 desde las 12 (hora de la Argentina) en la ciudad de Marsella ante Gales con la siguiente formaci\u00f3n:<\/p>\n<p>Juan Cruz Mall\u00eda; Emiliano Boffelli, Lucio Cinti, Santiago Chocobares y Mateo Carreras; Santiago Carreras y Tom\u00e1s Cubelli; Facundo Isa, Marcos Kremer y Juan Mart\u00edn Gonz\u00e1lez; Tom\u00e1s Lavanini y Guido Petti; Francisco G\u00f3mez Kodela, Juli\u00e1n Montoya y Thomas Gallo.<\/p>\n<blockquote class=\"twitter-tweet\">\n<p lang=\"es\" dir=\"ltr\">\ud835\ude47\ud835\ude64\ud835\ude68 \ud835\udfee\ud835\udfef \ud835\ude5a\ud835\ude63 \ud835\ude48\ud835\ude56\ud835\ude67\ud835\ude68\ud835\ude5a\ud835\ude61\ud835\ude61\ud835\ude56 \ud83c\udde6\ud83c\uddf7<\/p>\n<p>\ud83d\udcc6 S\u00e1bado 14\/10<br \/>\u23f0 12:00 h<br \/>\ud83c\udd9a Gales \ud83c\udff4\udb40\udc67\udb40\udc62\udb40\udc77\udb40\udc6c\udb40\udc73\udb40\udc7f<br \/>\ud83d\udccd Marsella<br \/>\ud83d\udcfa <a href=\"https:\/\/twitter.com\/ESPNArgentina?ref_src=twsrc%5Etfw\">@ESPNArgentina<\/a> \/ TV P\u00fablica<a href=\"https:\/\/twitter.com\/hashtag\/SomosLosPumas?src=hash&amp;ref_src=twsrc%5Etfw\">#SomosLosPumas<\/a> | <a href=\"https:\/\/twitter.com\/hashtag\/M%C3%A1sPumasQueNunca?src=hash&amp;ref_src=twsrc%5Etfw\">#M\u00e1sPumasQueNunca<\/a> <a href=\"https:\/\/t.co\/dVeikEeE6U\">pic.twitter.com\/dVeikEeE6U<\/a><\/p>\n<p>\u2014 Los Pumas (@lospumas) <a href=\"https:\/\/twitter.com\/lospumas\/status\/1712466969725927446?ref_src=twsrc%5Etfw\">October 12, 2023<\/a><\/p><\/blockquote>\n<p> El cambio de Cubelli por Bertranou es t\u00e1ctico, ya que el medio scrum de 34 a\u00f1os y jugador de Western Force, de Australia, aportar\u00e1 mayor experiencia en el campo, mientras que Isa, de 30 a\u00f1os y Toulon de Francia, reemplaza al desgarrado\u00a0<a href=\"https:\/\/www.telam.com.ar\/notas\/202310\/642829-rugby-mundial-los-pumas-pablo-matera-desgarro-descartado-resto-competencia.html\" target=\"_blank\" rel=\"noopener\">Matera<\/a>.<\/p>\n<p>La Argentina fue segundo en el Grupo D perdiendo ante Inglaterra y venciendo a Samoa, Chile y Jap\u00f3n, en tanto que Gales gan\u00f3 el Grupo C superando a Fiji, Portugal, Australia y Georgia.<\/p>\n<p>El ganador de este cuarto de final enfrentar\u00e1 en semifinales el pr\u00f3ximo viernes 20 en Par\u00eds a las 16:00, al triunfador de Nueva Zelanda e Irlanda, que jugar\u00e1n este s\u00e1bado a las 16:00. <\/p>\n<\/div>\n<p><script async src=\"\/\/platform.twitter.com\/widgets.js\" charset=\"utf-8\"><\/script><script async defer crossorigin=\"anonymous\" src=\"https:\/\/connect.facebook.net\/es_LA\/sdk.js#xfbml=1&#038;version=v12.0\" nonce=\"SBlHQzIF\"><\/script><br \/><a href=\"https:\/\/www.telam.com.ar\/notas\/202310\/643183-rugby-copa-del-mundo-los-pumas-gales-cambios-argentina.html\">source<\/a><\/p>\n","protected":false},"excerpt":{"rendered":"<p>Cheika dispuso dos cambios en Los Pumas ante Gales. \/ Foto: Archivo T\u00e9lam. Tom\u00e1s Cubelli&#8230;<\/p>\n","protected":false},"author":3,"featured_media":10770,"comment_status":"closed","ping_status":"closed","sticky":false,"template":"","format":"standard","meta":{"footnotes":""},"categories":[21],"tags":[],"class_list":["post-10769","post","type-post","status-publish","format-standard","has-post-thumbnail","hentry","category-deportes"],"featured_image_urls":{"full":["https:\/\/fmamiga909.com.ar\/wp-content\/uploads\/2023\/10\/wp-header-logo-102.png",1200,675,false],"thumbnail":["https:\/\/fmamiga909.com.ar\/wp-content\/uploads\/2023\/10\/wp-header-logo-102-150x150.png",150,150,true],"medium":["https:\/\/fmamiga909.com.ar\/wp-content\/uploads\/2023\/10\/wp-header-logo-102-300x169.png",300,169,true],"medium_large":["https:\/\/fmamiga909.com.ar\/wp-content\/uploads\/2023\/10\/wp-header-logo-102.png",1200,675,false],"large":["https:\/\/fmamiga909.com.ar\/wp-content\/uploads\/2023\/10\/wp-header-logo-102-1024x576.png",640,360,true],"1536x1536":["https:\/\/fmamiga909.com.ar\/wp-content\/uploads\/2023\/10\/wp-header-logo-102.png",1200,675,false],"2048x2048":["https:\/\/fmamiga909.com.ar\/wp-content\/uploads\/2023\/10\/wp-header-logo-102.png",1200,675,false],"newsium-slider-full":["https:\/\/fmamiga909.com.ar\/wp-content\/uploads\/2023\/10\/wp-header-logo-102.png",1200,675,false],"newsium-featured":["https:\/\/fmamiga909.com.ar\/wp-content\/uploads\/2023\/10\/wp-header-logo-102-1024x576.png",1024,576,true],"newsium-medium":["https:\/\/fmamiga909.com.ar\/wp-content\/uploads\/2023\/10\/wp-header-logo-102-720x475.png",720,475,true]},"author_info":{"display_name":"Fredy Giuliano","author_link":"https:\/\/fmamiga909.com.ar\/?author=3"},"category_info":"<a href=\"https:\/\/fmamiga909.com.ar\/?cat=21\" rel=\"category\">Deportes<\/a>","tag_info":"Deportes","comment_count":"0","_links":{"self":[{"href":"https:\/\/fmamiga909.com.ar\/index.php?rest_route=\/wp\/v2\/posts\/10769","targetHints":{"allow":["GET"]}}],"collection":[{"href":"https:\/\/fmamiga909.com.ar\/index.php?rest_route=\/wp\/v2\/posts"}],"about":[{"href":"https:\/\/fmamiga909.com.ar\/index.php?rest_route=\/wp\/v2\/types\/post"}],"author":[{"embeddable":true,"href":"https:\/\/fmamiga909.com.ar\/index.php?rest_route=\/wp\/v2\/users\/3"}],"replies":[{"embeddable":true,"href":"https:\/\/fmamiga909.com.ar\/index.php?rest_route=%2Fwp%2Fv2%2Fcomments&post=10769"}],"version-history":[{"count":0,"href":"https:\/\/fmamiga909.com.ar\/index.php?rest_route=\/wp\/v2\/posts\/10769\/revisions"}],"wp:featuredmedia":[{"embeddable":true,"href":"https:\/\/fmamiga909.com.ar\/index.php?rest_route=\/wp\/v2\/media\/10770"}],"wp:attachment":[{"href":"https:\/\/fmamiga909.com.ar\/index.php?rest_route=%2Fwp%2Fv2%2Fmedia&parent=10769"}],"wp:term":[{"taxonomy":"category","embeddable":true,"href":"https:\/\/fmamiga909.com.ar\/index.php?rest_route=%2Fwp%2Fv2%2Fcategories&post=10769"},{"taxonomy":"post_tag","embeddable":true,"href":"https:\/\/fmamiga909.com.ar\/index.php?rest_route=%2Fwp%2Fv2%2Ftags&post=10769"}],"curies":[{"name":"wp","href":"https:\/\/api.w.org\/{rel}","templated":true}]}}