{"id":10775,"date":"2023-10-13T02:47:00","date_gmt":"2023-10-13T02:47:00","guid":{"rendered":"https:\/\/fmamiga909.com.ar\/?p=10775"},"modified":"2023-10-13T02:47:00","modified_gmt":"2023-10-13T02:47:00","slug":"river-pone-el-palco-principal-a-disposicion-de-la-familia-de-messi","status":"publish","type":"post","link":"https:\/\/fmamiga909.com.ar\/?p=10775","title":{"rendered":"River pone el palco principal a disposici\u00f3n de la familia de Messi"},"content":{"rendered":"<div>\n<figure class=\"mb-3\"><img decoding=\"async\" src=\"https:\/\/www.telam.com.ar\/thumbs\/bluesteel\/advf\/imagenes\/2023\/04\/644903e309dbb_1200.jpg\" class=\" lazy \" width=\"100%\" height=\"100%\" alt=\"Foto Archivo\"\/><figcaption> Foto: Archivo. <\/figcaption><\/figure>\n<p> El <strong>Club Atl\u00e9tico River Plate<\/strong> le reservar\u00e1 desde la noche del jueves uno de los palcos principales del estadio a la familia de <strong>Lionel Messi<\/strong> cada vez que la Selecci\u00f3n Argentina dispute un partido en el estadio M\u00e1s Monumental.<\/p>\n<p>La iniciativa de la dirigencia de River, con su presidente Jorge Brito a la cabeza, comienza este jueves con el partido por las Eliminatorias ante la selecci\u00f3n de Paraguay a las 20. La familia del astro argentino ocupar\u00e1 los lugares en el palco 1 que se encuentra en la platea San Mart\u00edn.<\/p>\n<p>El palco del estadio M\u00e1s Monumental pertenece al Departamento de Relaciones P\u00fablicas de River y cuando el equipo de Demichelis juegue de local se seguir\u00e1 utilizando para personalidades o iniciativas del club.<\/p>\n<p>Sin embargo, cuando el evento est\u00e9 vinculado a la Selecci\u00f3n Argentina y a la AFA, ese lugar estar\u00e1 listo para Messi y sus familiares, por una decisi\u00f3n del club <strong>a modo de homenaje al capit\u00e1n del equipo campe\u00f3n de la Copa del Mundo en Qatar 2022<\/strong>.<\/p>\n<p>Los v\u00ednculos de River con Messi no son nuevos ya que cuando la &#8216;Pulga&#8217; era chico estuvo a punto de jugar en las inferiores del club e incluso le iban a pagar el tratamiento que estaba haciendo para crecer pero Newell&#8217;s no lo cedi\u00f3.<\/p>\n<p>Adem\u00e1s, River y los hinchas guardan un respeto y admiraci\u00f3n especial por Messi que no grit\u00f3 los goles de manera en\u00e9rgica en la final del Mundial de Clubes del 2015 y salud\u00f3 a la hinchada \u00abmillonaria\u00bb en Jap\u00f3n.<\/p>\n<\/div>\n<p><script async defer crossorigin=\"anonymous\" src=\"https:\/\/connect.facebook.net\/es_LA\/sdk.js#xfbml=1&#038;version=v12.0\" nonce=\"SBlHQzIF\"><\/script><br \/><a href=\"https:\/\/www.telam.com.ar\/notas\/202310\/643203-river-palco-principal-familia-messi.html\">source<\/a><\/p>\n","protected":false},"excerpt":{"rendered":"<p>Foto: Archivo. El Club Atl\u00e9tico River Plate le reservar\u00e1 desde la noche del jueves uno&#8230;<\/p>\n","protected":false},"author":3,"featured_media":10776,"comment_status":"closed","ping_status":"closed","sticky":false,"template":"","format":"standard","meta":{"footnotes":""},"categories":[21],"tags":[],"class_list":["post-10775","post","type-post","status-publish","format-standard","has-post-thumbnail","hentry","category-deportes"],"featured_image_urls":{"full":["https:\/\/fmamiga909.com.ar\/wp-content\/uploads\/2023\/10\/wp-header-logo-105.png",1200,675,false],"thumbnail":["https:\/\/fmamiga909.com.ar\/wp-content\/uploads\/2023\/10\/wp-header-logo-105-150x150.png",150,150,true],"medium":["https:\/\/fmamiga909.com.ar\/wp-content\/uploads\/2023\/10\/wp-header-logo-105-300x169.png",300,169,true],"medium_large":["https:\/\/fmamiga909.com.ar\/wp-content\/uploads\/2023\/10\/wp-header-logo-105.png",1200,675,false],"large":["https:\/\/fmamiga909.com.ar\/wp-content\/uploads\/2023\/10\/wp-header-logo-105-1024x576.png",640,360,true],"1536x1536":["https:\/\/fmamiga909.com.ar\/wp-content\/uploads\/2023\/10\/wp-header-logo-105.png",1200,675,false],"2048x2048":["https:\/\/fmamiga909.com.ar\/wp-content\/uploads\/2023\/10\/wp-header-logo-105.png",1200,675,false],"newsium-slider-full":["https:\/\/fmamiga909.com.ar\/wp-content\/uploads\/2023\/10\/wp-header-logo-105.png",1200,675,false],"newsium-featured":["https:\/\/fmamiga909.com.ar\/wp-content\/uploads\/2023\/10\/wp-header-logo-105-1024x576.png",1024,576,true],"newsium-medium":["https:\/\/fmamiga909.com.ar\/wp-content\/uploads\/2023\/10\/wp-header-logo-105-720x475.png",720,475,true]},"author_info":{"display_name":"Fredy Giuliano","author_link":"https:\/\/fmamiga909.com.ar\/?author=3"},"category_info":"<a href=\"https:\/\/fmamiga909.com.ar\/?cat=21\" rel=\"category\">Deportes<\/a>","tag_info":"Deportes","comment_count":"0","_links":{"self":[{"href":"https:\/\/fmamiga909.com.ar\/index.php?rest_route=\/wp\/v2\/posts\/10775","targetHints":{"allow":["GET"]}}],"collection":[{"href":"https:\/\/fmamiga909.com.ar\/index.php?rest_route=\/wp\/v2\/posts"}],"about":[{"href":"https:\/\/fmamiga909.com.ar\/index.php?rest_route=\/wp\/v2\/types\/post"}],"author":[{"embeddable":true,"href":"https:\/\/fmamiga909.com.ar\/index.php?rest_route=\/wp\/v2\/users\/3"}],"replies":[{"embeddable":true,"href":"https:\/\/fmamiga909.com.ar\/index.php?rest_route=%2Fwp%2Fv2%2Fcomments&post=10775"}],"version-history":[{"count":0,"href":"https:\/\/fmamiga909.com.ar\/index.php?rest_route=\/wp\/v2\/posts\/10775\/revisions"}],"wp:featuredmedia":[{"embeddable":true,"href":"https:\/\/fmamiga909.com.ar\/index.php?rest_route=\/wp\/v2\/media\/10776"}],"wp:attachment":[{"href":"https:\/\/fmamiga909.com.ar\/index.php?rest_route=%2Fwp%2Fv2%2Fmedia&parent=10775"}],"wp:term":[{"taxonomy":"category","embeddable":true,"href":"https:\/\/fmamiga909.com.ar\/index.php?rest_route=%2Fwp%2Fv2%2Fcategories&post=10775"},{"taxonomy":"post_tag","embeddable":true,"href":"https:\/\/fmamiga909.com.ar\/index.php?rest_route=%2Fwp%2Fv2%2Ftags&post=10775"}],"curies":[{"name":"wp","href":"https:\/\/api.w.org\/{rel}","templated":true}]}}