{"id":11387,"date":"2023-11-13T13:39:56","date_gmt":"2023-11-13T13:39:56","guid":{"rendered":"https:\/\/fmamiga909.com.ar\/?p=11387"},"modified":"2023-11-13T13:39:56","modified_gmt":"2023-11-13T13:39:56","slug":"exequiel-palacios-dijo-presente-en-la-goleada-del-lider-bayer-leverkusen","status":"publish","type":"post","link":"https:\/\/fmamiga909.com.ar\/?p=11387","title":{"rendered":"Exequiel Palacios dijo presente en la goleada del l\u00edder Bayer Leverkusen"},"content":{"rendered":"<div>\n<figure class=\"mb-3\"><img decoding=\"async\" src=\"https:\/\/www.telam.com.ar\/thumbs\/bluesteel\/advf\/imagenes\/2023\/11\/65515d972e638_1200.jpg\" class=\" lazy \" width=\"100%\" height=\"100%\" alt=\"Exequiel Palacios \"\/><figcaption> Exequiel Palacios. <\/figcaption><\/figure>\n<p> El mediocampista argentino Exequiel Palacios particip\u00f3 este domingo en la goleada del l\u00edder Bayer Leverkusen sobre Union Berl\u00edn 4 a 0 por la Bundesliga de Alemania de f\u00fatbol, previa a su incorporaci\u00f3n al seleccionado que afrontar\u00e1 los cl\u00e1sicos ante Uruguay y Brasil por las Eliminatorias Sudamericanas.<\/p>\n<p>El campe\u00f3n mundial en Qatar 2022 jug\u00f3 86 minutos del encuentro y sum\u00f3 su und\u00e9cima participaci\u00f3n en igual cantidad de fechas transcurridas por el torneo alem\u00e1n, en las que sum\u00f3 dos goles y dos asistencias.<\/p>\n<p>Palacios, de 25 a\u00f1os, se sumar\u00e1 este lunes al plantel de la Selecci\u00f3n que afrontar\u00e1 los partidos ante Uruguay, el jueves en La Bombonera, y frente a Brasil, el martes 21 en R\u00edo de Janeiro, por la quinta y sexta fecha de las Eliminatorias para el Mundial 2026.<\/p>\n<p>Bayer Leverkusen, puntero de la Bundesliga con dos unidades de ventaja sobre Bayern M\u00fcnich, se impuso con goles del espa\u00f1ol Alejandro Grimaldo, en el primer teimpo; el marfile\u00f1o Odilon Kossounou, Jonathan Tah y el brit\u00e1nico Nathan Tella, en el segundo.<\/p>\n<blockquote class=\"twitter-tweet\">\n<p lang=\"en\" dir=\"ltr\">\u00a1Cracks!\ud83c\udde8\ud83c\uddf4\ud83c\uddea\ud83c\udde8\ud83c\udde6\ud83c\uddf7\ud83c\uddea\ud83c\uddf8<a href=\"https:\/\/twitter.com\/hashtag\/B04FCU?src=hash&amp;ref_src=twsrc%5Etfw\">#B04FCU<\/a> | <a href=\"https:\/\/twitter.com\/hashtag\/SomosBayer04?src=hash&amp;ref_src=twsrc%5Etfw\">#SomosBayer04<\/a> <a href=\"https:\/\/t.co\/naEu27OU0H\">pic.twitter.com\/naEu27OU0H<\/a><\/p>\n<p>\u2014 Bayer 04 Leverkusen (@bayer04_es) <a href=\"https:\/\/twitter.com\/bayer04_es\/status\/1723840998248223002?ref_src=twsrc%5Etfw\">November 12, 2023<\/a><\/p><\/blockquote>\n<h2 class=\"\">Resumen de la und\u00e9cima fecha<\/h2>\n<p> . Viernes: Borussia M\u00f6engengladbach 4-Wolfsburgo 0.<\/p>\n<p>. S\u00e1bado: Augsburgo 1-Hoffenheim 1; Bayern M\u00fanich 4-Heidenheim 2; Darmstadt 0-Mainz 0; Stuttgart 2-Borussia Dortmund 1 y Bochum 1-Colonia 1.<\/p>\n<p>. Domingo: Bayer Leverkusen 4-Union Berlin 0; Werder Bremen 2 &#8211; Frankfurt 2 y RB Leipzig 3 &#8211; Friburgo 1.<\/p>\n<p><strong>Posiciones:<\/strong> Bayer Leverkusen 31 puntos; Bayern M\u00fcnich 29; Stuttgart 24; RB Leipzig 23; Borussia Dortmund 21; Hoffenheim 19; Frankfurt 18; Friburgo 14; Borussia M\u00f6enchengladbach, Wolfsburgo y Augsburgo 13; Werder Bremen 11; Heidenheim 10; Bochum 9; Darmstadt 8; Mainz 7; Colonia; y Uni\u00f3n Berlin 6.<\/p>\n<h2 class=\"\">Con Tagliafico de titular, Lyon gan\u00f3 su primer partido tras 12 fechas en liga de Francia<\/h2>\n<p> Olympique de Lyon, con el lateral argentino Nicol\u00e1s Tagliafico de titular, venci\u00f3 este domingo como visitante a Rennes por 1 a 0, en la continuidad de la 12va. jornada de la Ligue 1 de Francia, y consum\u00f3 su primer triunfo en el certamen que lidera Par\u00eds Saint Germain con 27 unidades.<\/p>\n<p>El \u00fanico gol del partido lo convirti\u00f3 el defensor irland\u00e9s Jake O&#8217;Brien a los 22 minutos del segundo tiempo, mientras que el argentino campe\u00f3n del mundo en Qatar 2022 jug\u00f3 todo el encuentro y fue amonestado.<\/p>\n<p>De esta manera, el conjunto que dirige el italiano Fabio Grosso, cosech\u00f3 la primera victoria en 11 partidos disputados, ya que tiene pendiente el cruce con Marsella correspondiente a la d\u00e9cima jornada, aunque permanece en la \u00faltima posici\u00f3n de la tabla con 7 unidades.<\/p>\n<p>En otro partido disputado por la misma fecha, Lens, con el defensor argentino Facundo Medina como titular, venci\u00f3 como local a Marsella por 1 a 0, con tanto ag\u00f3nico del zaguero Jonathan Gradit, a los 45 minutos del segundo tiempo.<\/p>\n<blockquote class=\"twitter-tweet\">\n<p lang=\"fr\" dir=\"ltr\">\u23f8 C&#8217;est la pause au Roazhon Park sur ce score nul et vierge.<\/p>\n<p>Nos Gones, en sup\u00e9riorit\u00e9 num\u00e9rique, devront faire la diff\u00e9rence en seconde p\u00e9riode \ud83d\udc4a\ud83d\udd34\ud83d\udd35<\/p>\n<p>0-0 <a href=\"https:\/\/twitter.com\/hashtag\/SRFCOL?src=hash&amp;ref_src=twsrc%5Etfw\">#SRFCOL<\/a> <a href=\"https:\/\/t.co\/WGAUEp6qBS\">pic.twitter.com\/WGAUEp6qBS<\/a><\/p>\n<p>\u2014 Olympique Lyonnais (@OL) <a href=\"https:\/\/twitter.com\/OL\/status\/1723745625676583055?ref_src=twsrc%5Etfw\">November 12, 2023<\/a><\/p><\/blockquote>\n<p> Por su parte, en la visita fueron titulares el delantero nacional ex Estudiantes de la Plata e Inter de Mil\u00e1n, Joaqu\u00edn Correa, y el defensor ex Boca Juniors y Borussia Dortmund de Alemania, Leonardo Balerdi.<\/p>\n<p>Los otros encuentros jugados hoy tuvieron los siguientes resultados:<br \/>Clermont 1 (S. Nicholson 24m. ST)-Lorient 0; Lille 1 (L. Yoro, 30m. PT)-Toulouse 1 (T. Dallinga, 20m. ST) y Metz 3 (K. Kerkhof, 3m. PT, S. Elisor, 28m. PT y J. Asoro, 40m. ST)-Nantes 1 (M. Simon, 12m. PT).<\/p>\n<p>Las posiciones son estas:<br \/>Par\u00eds Saint Germain 27 puntos; Niza 26; M\u00f3naco 24; Lille y Reims 20; Lens 16; Brest 15 y Le Havre 15; Nantes 14; Olympique de Marsella, Montpellier y Metz 13; Rennes, Toulouse y Racing de estrasburgo 12; Lorient 11; Clermont 9; y Olympique Lyon 7.<\/p>\n<h2 class=\"\">PSV, con el arquero argentino Walter Ben\u00edtez, gole\u00f3 a PEC Zwolle y sigue en la punta en Pa\u00edses Bajos<\/h2>\n<p>PSV Eindhoven, con la presencia del arquero argentino Walter Ben\u00edtez, gole\u00f3 como local a PEC Zwolle por 4 a 0 y contin\u00faa al frente de la Liga de los Pa\u00edses Bajos de f\u00fatbol, tras completarse hoy la duod\u00e9cima fecha.<\/p>\n<p>El encuentro se llev\u00f3 a cabo en el Philips Stadion, en la ciudad de Eindhoven, y los tantos de PSV los marcaron el mexicano Hirving Lozano (5m. PT), los neerlandeses Guus Til (28m. PT) y Luuk de Jong (12m. ST), y el alem\u00e1n Malik Tillman (33m. ST).<\/p>\n<p>PSV Eindhoven -con la participaci\u00f3n de Ben\u00edtez, convocado por Lionel Scaloni para los encuentros por eliminatorias mundialistas ante Uruguay y Brasil- lleg\u00f3 a las 36 unidades, es l\u00edder de la Liga Eredivisie y mantiene a 7 del escolta Feyenoord, mientras que PEC Zwolle se qued\u00f3 con 14 puntos y est\u00e1 noveno.<\/p>\n<blockquote class=\"twitter-tweet\">\n<p lang=\"und\" dir=\"ltr\">12 de 12. \ud83e\udd75<a href=\"https:\/\/twitter.com\/hashtag\/PSVPEC?src=hash&amp;ref_src=twsrc%5Etfw\">#PSVPEC<\/a> <a href=\"https:\/\/t.co\/on2RmcDcfF\">pic.twitter.com\/on2RmcDcfF<\/a><\/p>\n<p>\u2014 PSV Espa\u00f1ol (@PSVespanol) <a href=\"https:\/\/twitter.com\/PSVespanol\/status\/1723753806196773257?ref_src=twsrc%5Etfw\">November 12, 2023<\/a><\/p><\/blockquote>\n<p> A su vez, Feyenoord, con la presencia como titular del argentino nacionalizado mexicano Santiago Gim\u00e9nez, venci\u00f3 en su estadio a AZ Alkmaar por 1 a 0 y sigue como segundo.<\/p>\n<p>Al tiempo que Almere City y Ajax, donde el argentino Gast\u00f3n \u00c1vila estuvo entre los suplentes, igualaron 2 a 2; y Sparta R. gole\u00f3 como visitante a Volendam por 4 a 1.<\/p>\n<p>M\u00e1s tarde, Utrecht y Excelsior igualaron 2 a 2.<\/p>\n<p>Posiciones: PSV Eindhoven 36 unidades; Feyenoord 29; Twente 27; AZ Alkmaar 26; Go Ahead 21; Sparta R. 18; NEC, Excelsior 15; PEC Zwolle 14; F. Sittard, Heerenveen y Almere City 13; Ajax y Heracles 12; Ultrecht y RKC Waalwijk 9; y Volendam y Vitesse 8.<\/p>\n<\/div>\n<p><script async src=\"\/\/platform.twitter.com\/widgets.js\" charset=\"utf-8\"><\/script><script async defer crossorigin=\"anonymous\" src=\"https:\/\/connect.facebook.net\/es_LA\/sdk.js#xfbml=1&#038;version=v12.0\" nonce=\"SBlHQzIF\"><\/script><br \/><a href=\"https:\/\/www.telam.com.ar\/notas\/202311\/646290-futbol-exequiel-palacios-bayer-leverkusen-seleccion.html\">source<\/a><\/p>\n","protected":false},"excerpt":{"rendered":"<p>Exequiel Palacios. El mediocampista argentino Exequiel Palacios particip\u00f3 este domingo en la goleada del l\u00edder&#8230;<\/p>\n","protected":false},"author":3,"featured_media":11388,"comment_status":"closed","ping_status":"closed","sticky":false,"template":"","format":"standard","meta":{"footnotes":""},"categories":[21],"tags":[],"class_list":["post-11387","post","type-post","status-publish","format-standard","has-post-thumbnail","hentry","category-deportes"],"featured_image_urls":{"full":["https:\/\/fmamiga909.com.ar\/wp-content\/uploads\/2023\/11\/wp-header-logo-107.png",1200,675,false],"thumbnail":["https:\/\/fmamiga909.com.ar\/wp-content\/uploads\/2023\/11\/wp-header-logo-107-150x150.png",150,150,true],"medium":["https:\/\/fmamiga909.com.ar\/wp-content\/uploads\/2023\/11\/wp-header-logo-107-300x169.png",300,169,true],"medium_large":["https:\/\/fmamiga909.com.ar\/wp-content\/uploads\/2023\/11\/wp-header-logo-107.png",1200,675,false],"large":["https:\/\/fmamiga909.com.ar\/wp-content\/uploads\/2023\/11\/wp-header-logo-107-1024x576.png",640,360,true],"1536x1536":["https:\/\/fmamiga909.com.ar\/wp-content\/uploads\/2023\/11\/wp-header-logo-107.png",1200,675,false],"2048x2048":["https:\/\/fmamiga909.com.ar\/wp-content\/uploads\/2023\/11\/wp-header-logo-107.png",1200,675,false],"newsium-slider-full":["https:\/\/fmamiga909.com.ar\/wp-content\/uploads\/2023\/11\/wp-header-logo-107.png",1200,675,false],"newsium-featured":["https:\/\/fmamiga909.com.ar\/wp-content\/uploads\/2023\/11\/wp-header-logo-107-1024x576.png",1024,576,true],"newsium-medium":["https:\/\/fmamiga909.com.ar\/wp-content\/uploads\/2023\/11\/wp-header-logo-107-720x475.png",720,475,true]},"author_info":{"display_name":"Fredy Giuliano","author_link":"https:\/\/fmamiga909.com.ar\/?author=3"},"category_info":"<a href=\"https:\/\/fmamiga909.com.ar\/?cat=21\" rel=\"category\">Deportes<\/a>","tag_info":"Deportes","comment_count":"0","_links":{"self":[{"href":"https:\/\/fmamiga909.com.ar\/index.php?rest_route=\/wp\/v2\/posts\/11387","targetHints":{"allow":["GET"]}}],"collection":[{"href":"https:\/\/fmamiga909.com.ar\/index.php?rest_route=\/wp\/v2\/posts"}],"about":[{"href":"https:\/\/fmamiga909.com.ar\/index.php?rest_route=\/wp\/v2\/types\/post"}],"author":[{"embeddable":true,"href":"https:\/\/fmamiga909.com.ar\/index.php?rest_route=\/wp\/v2\/users\/3"}],"replies":[{"embeddable":true,"href":"https:\/\/fmamiga909.com.ar\/index.php?rest_route=%2Fwp%2Fv2%2Fcomments&post=11387"}],"version-history":[{"count":0,"href":"https:\/\/fmamiga909.com.ar\/index.php?rest_route=\/wp\/v2\/posts\/11387\/revisions"}],"wp:featuredmedia":[{"embeddable":true,"href":"https:\/\/fmamiga909.com.ar\/index.php?rest_route=\/wp\/v2\/media\/11388"}],"wp:attachment":[{"href":"https:\/\/fmamiga909.com.ar\/index.php?rest_route=%2Fwp%2Fv2%2Fmedia&parent=11387"}],"wp:term":[{"taxonomy":"category","embeddable":true,"href":"https:\/\/fmamiga909.com.ar\/index.php?rest_route=%2Fwp%2Fv2%2Fcategories&post=11387"},{"taxonomy":"post_tag","embeddable":true,"href":"https:\/\/fmamiga909.com.ar\/index.php?rest_route=%2Fwp%2Fv2%2Ftags&post=11387"}],"curies":[{"name":"wp","href":"https:\/\/api.w.org\/{rel}","templated":true}]}}