{"id":11389,"date":"2023-11-13T19:49:46","date_gmt":"2023-11-13T19:49:46","guid":{"rendered":"https:\/\/fmamiga909.com.ar\/?p=11389"},"modified":"2023-11-13T19:49:46","modified_gmt":"2023-11-13T19:49:46","slug":"despues-del-debate-milei-mira-con-interes-a-boca-y-le-ofrece-ayuda-a-macri","status":"publish","type":"post","link":"https:\/\/fmamiga909.com.ar\/?p=11389","title":{"rendered":"Despu\u00e9s del debate, Milei mira con inter\u00e9s a Boca y le ofrece ayuda a Macri"},"content":{"rendered":"<div>\n<figure class=\"mb-3\"><img decoding=\"async\" src=\"https:\/\/www.telam.com.ar\/thumbs\/bluesteel\/advf\/imagenes\/2023\/06\/6481ef921d6c4_1200.jpg\" class=\" lazy \" width=\"100%\" height=\"100%\" alt=\"Macri fue presidente de Boca entre 19952007 lapso en el que el club gan 17 ttulos entre ellos cuatro Copas Libertadores 2000 2001 2003 y 2007 y dos Copas Intercontinentales 2000 y 2003\"\/><figcaption> Macri fue presidente de Boca entre 1995-2007, lapso en el que el club gan\u00f3 17 t\u00edtulos, entre ellos, cuatro Copas Libertadores (2000, 2001, 2003 y 2007) y dos Copas Intercontinentales (2000 y 2003). <\/figcaption><\/figure>\n<p><strong>El candidato presidencial de La Libertad Avanza<\/strong> (LLA), Javier Milei, <strong>ofreci\u00f3<\/strong> este lunes <strong>su colaboraci\u00f3n al expresidente Mauricio Macri para que Boca Juniors recupere \u00abgrandeza y brillo\u00bb como en su pasada gesti\u00f3n<\/strong>, asociada al ciclo deportivo ganador que lider\u00f3 Carlos Bianchi.<\/p>\n<p>\u201cSi el ingeniero Macri considera que puedo ser de utilidad para recobrar la grandeza y el brillo que tuvo Boca durante su gesti\u00f3n, no tengo problema en ayudarlo\u201d, declar\u00f3 Milei en una entrevista concedida a radio Continental, el d\u00eda posterior al debate presidencial.<\/p>\n<p>\u00abNo s\u00e9 en qu\u00e9 rol -aclar\u00f3-. Esperemos que en ninguno porque voy a ser presidente de la Naci\u00f3n, pero pondr\u00eda el hombro para ayudar a que Boca vuelva a brillar\u00bb.<\/p>\n<p><strong>El economista, de 53 a\u00f1os, es confeso hincha de Boca, aunque admiti\u00f3 que perdi\u00f3 su pasi\u00f3n cuando \u00abel populismo se instal\u00f3 en el club\u00bb<\/strong>, una idea que relacion\u00f3 con los retornos de ex jugadores como Juan Rom\u00e1n Riquelme -hoy vicepresidente segundo- y Fernando Gago.<\/p>\n<blockquote class=\"twitter-tweet\">\n<p lang=\"es\" dir=\"ltr\">\ud83d\udde3 \u00abSi el ingeniero Macri considera que yo puedo ser de utilidad para recobrar la grandeza y el brillo que tuvo Boca durante su gesti\u00f3n, no tengo problema en ayudarlo\u00bb.<\/p>\n<p>\ud83c\udf99 Javier Milei, candidato a Presidente de Argentina en <a href=\"https:\/\/twitter.com\/Continental590?ref_src=twsrc%5Etfw\">@Continental590<\/a> <a href=\"https:\/\/t.co\/21HtA6wLcM\">pic.twitter.com\/21HtA6wLcM<\/a><\/p>\n<p>\u2014 Rinc\u00f3n Bostero (@RinconDeBoca) <a href=\"https:\/\/twitter.com\/RinconDeBoca\/status\/1724060990902239543?ref_src=twsrc%5Etfw\">November 13, 2023<\/a><\/p><\/blockquote>\n<p> \u00abEra de Boca hasta que el se\u00f1or Angelici lo trajo a Riquelme a robar. No era un poquito de Boca, era intensamente de Boca, tengo estrella en el museo y palco. Bastante tengo con vivir en un pa\u00eds populista para adem\u00e1s ser hincha de un equipo populista. Y cuando lo repatriaron a Gago me hice anti. C\u00f3mo pueden traer a un cinco que no marque, Gago tiene menos marca que La Salada\u00bb, dijo semanas atr\u00e1s en radio Mitre.<\/p>\n<p>Macri fue presidente de Boca entre 1995-2007, lapso en el que el club gan\u00f3 17 t\u00edtulos, entre ellos, cuatro Copas Libertadores (2000, 2001, 2003 y 2007) y dos Copas Intercontinentales (2000 y 2003).<\/p>\n<p><strong>Despu\u00e9s de su paso por la jefatura de Gobierno de la Ciudad y la Presidencia, regresar\u00e1 a la pol\u00edtica de Boca como candidato a vicepresidente primero de Andr\u00e9s Ibarra<\/strong>, exministro de Modernizaci\u00f3n en su gesti\u00f3n nacional.<\/p>\n<p>Esta lunes por la tarde la f\u00f3rmula opositora lanzar\u00e1 su candidatura en Puerto Madero para competir en las elecciones de diciembre pr\u00f3ximo con el oficialismo de Boca, que a\u00fan no defini\u00f3 su lista pero tendr\u00e1 a Riquelme como aspirante a presidente o vice primero. <\/p>\n<\/div>\n<p><script async src=\"\/\/platform.twitter.com\/widgets.js\" charset=\"utf-8\"><\/script><script async defer crossorigin=\"anonymous\" src=\"https:\/\/connect.facebook.net\/es_LA\/sdk.js#xfbml=1&#038;version=v12.0\" nonce=\"SBlHQzIF\"><\/script><br \/><a href=\"https:\/\/www.telam.com.ar\/notas\/202311\/646334-futbol-boca-elecciones-milei-macri-recuracion-club.html\">source<\/a><\/p>\n","protected":false},"excerpt":{"rendered":"<p>Macri fue presidente de Boca entre 1995-2007, lapso en el que el club gan\u00f3 17&#8230;<\/p>\n","protected":false},"author":3,"featured_media":11390,"comment_status":"closed","ping_status":"closed","sticky":false,"template":"","format":"standard","meta":{"footnotes":""},"categories":[21],"tags":[],"class_list":["post-11389","post","type-post","status-publish","format-standard","has-post-thumbnail","hentry","category-deportes"],"featured_image_urls":{"full":["https:\/\/fmamiga909.com.ar\/wp-content\/uploads\/2023\/11\/wp-header-logo-108.png",1200,675,false],"thumbnail":["https:\/\/fmamiga909.com.ar\/wp-content\/uploads\/2023\/11\/wp-header-logo-108-150x150.png",150,150,true],"medium":["https:\/\/fmamiga909.com.ar\/wp-content\/uploads\/2023\/11\/wp-header-logo-108-300x169.png",300,169,true],"medium_large":["https:\/\/fmamiga909.com.ar\/wp-content\/uploads\/2023\/11\/wp-header-logo-108.png",1200,675,false],"large":["https:\/\/fmamiga909.com.ar\/wp-content\/uploads\/2023\/11\/wp-header-logo-108-1024x576.png",640,360,true],"1536x1536":["https:\/\/fmamiga909.com.ar\/wp-content\/uploads\/2023\/11\/wp-header-logo-108.png",1200,675,false],"2048x2048":["https:\/\/fmamiga909.com.ar\/wp-content\/uploads\/2023\/11\/wp-header-logo-108.png",1200,675,false],"newsium-slider-full":["https:\/\/fmamiga909.com.ar\/wp-content\/uploads\/2023\/11\/wp-header-logo-108.png",1200,675,false],"newsium-featured":["https:\/\/fmamiga909.com.ar\/wp-content\/uploads\/2023\/11\/wp-header-logo-108-1024x576.png",1024,576,true],"newsium-medium":["https:\/\/fmamiga909.com.ar\/wp-content\/uploads\/2023\/11\/wp-header-logo-108-720x475.png",720,475,true]},"author_info":{"display_name":"Fredy Giuliano","author_link":"https:\/\/fmamiga909.com.ar\/?author=3"},"category_info":"<a href=\"https:\/\/fmamiga909.com.ar\/?cat=21\" rel=\"category\">Deportes<\/a>","tag_info":"Deportes","comment_count":"0","_links":{"self":[{"href":"https:\/\/fmamiga909.com.ar\/index.php?rest_route=\/wp\/v2\/posts\/11389","targetHints":{"allow":["GET"]}}],"collection":[{"href":"https:\/\/fmamiga909.com.ar\/index.php?rest_route=\/wp\/v2\/posts"}],"about":[{"href":"https:\/\/fmamiga909.com.ar\/index.php?rest_route=\/wp\/v2\/types\/post"}],"author":[{"embeddable":true,"href":"https:\/\/fmamiga909.com.ar\/index.php?rest_route=\/wp\/v2\/users\/3"}],"replies":[{"embeddable":true,"href":"https:\/\/fmamiga909.com.ar\/index.php?rest_route=%2Fwp%2Fv2%2Fcomments&post=11389"}],"version-history":[{"count":0,"href":"https:\/\/fmamiga909.com.ar\/index.php?rest_route=\/wp\/v2\/posts\/11389\/revisions"}],"wp:featuredmedia":[{"embeddable":true,"href":"https:\/\/fmamiga909.com.ar\/index.php?rest_route=\/wp\/v2\/media\/11390"}],"wp:attachment":[{"href":"https:\/\/fmamiga909.com.ar\/index.php?rest_route=%2Fwp%2Fv2%2Fmedia&parent=11389"}],"wp:term":[{"taxonomy":"category","embeddable":true,"href":"https:\/\/fmamiga909.com.ar\/index.php?rest_route=%2Fwp%2Fv2%2Fcategories&post=11389"},{"taxonomy":"post_tag","embeddable":true,"href":"https:\/\/fmamiga909.com.ar\/index.php?rest_route=%2Fwp%2Fv2%2Ftags&post=11389"}],"curies":[{"name":"wp","href":"https:\/\/api.w.org\/{rel}","templated":true}]}}