{"id":11397,"date":"2023-11-14T04:06:34","date_gmt":"2023-11-14T04:06:34","guid":{"rendered":"https:\/\/fmamiga909.com.ar\/?p=11397"},"modified":"2023-11-14T04:06:34","modified_gmt":"2023-11-14T04:06:34","slug":"pablo-maffeo-llego-a-la-argentina-para-su-bautismo-con-la-seleccion","status":"publish","type":"post","link":"https:\/\/fmamiga909.com.ar\/?p=11397","title":{"rendered":"Pablo Maffeo lleg\u00f3 a la Argentina para su bautismo con la selecci\u00f3n"},"content":{"rendered":"<div>\n<figure class=\"mb-3\"><img decoding=\"async\" src=\"https:\/\/www.telam.com.ar\/thumbs\/bluesteel\/advf\/imagenes\/2023\/11\/654bf0c9b03e1_1200.jpg\" class=\" lazy \" width=\"100%\" height=\"100%\" alt=\"Pablo Maffeo \"\/><figcaption> Pablo Maffeo. <\/figcaption><\/figure>\n<p> La novedad del seleccionado argentino, el lateral espa\u00f1ol Pablo Maffeo, lleg\u00f3 este lunes al pa\u00eds para sumarse por primera vez al plantel campe\u00f3n del mundo de cara a los partidos contra Uruguay y Brasil por las Eliminatorias Sudamericanas del Mundial 2026.<\/p>\n<p>Pese a no haber tenido actividad con Mallorca el fin de semana, el lateral, de 26 a\u00f1os, arrib\u00f3 esta ma\u00f1ana en el aeropuerto internacional de Ezeiza y desde las 17 estar\u00e1 a disposici\u00f3n de Lionel Scaloni para la primera pr\u00e1ctica.<\/p>\n<p><strong>Maffeo aterriz\u00f3 pasadas las 8, pero reci\u00e9n sali\u00f3 del aeropuerto dos horas despu\u00e9s<\/strong> ya que estuvo en la oficina de Renaper para tramitar su primer DNI.<\/p>\n<p>El jugador nacido en el municipio catal\u00e1n de Sant Joan Desp\u00ed tiene la nacionalidad argentina por parte de su madre e italiana por el lado de su padre.<\/p>\n<p>Del plantel del seleccionado argentino, <strong>Maffeo jug\u00f3 con Nicol\u00e1s Otamendi en Manchester City (2016\/17) y con Nicol\u00e1s Gonz\u00e1lez en Stuttgart (2018\/19).<\/strong><\/p>\n<p><strong>El lateral derecho fue incluido en la convocatoria como variante de Nahuel Molina<\/strong> ya que Gonzalo Montiel llega sin minutos por lesi\u00f3n y Juan Foyth qued\u00f3 afuera por el mismo motivo.<\/p>\n<p>De hecho, en el \u00faltimo partido contra Per\u00fa en Lima, Montiel debi\u00f3 ser reemplazado y termin\u00f3 como lateral improvisado Lucas Mart\u00ednez Quarta.<\/p>\n<p><strong>Maffeo disput\u00f3 su \u00faltimo partido con Mallorca el pasado 4 de noviembre cuando ingres\u00f3 para la \u00faltima media hora de la derrota 2-0 ante Betis, como visitante<\/strong>, y no tuvo partido este fin de semana ya que su equipo pidi\u00f3 la postergaci\u00f3n del duelo con C\u00e1diz por la citaci\u00f3n del kosovar Vedat Muriqi a su seleccionado.<\/p>\n<p>Maffeo, que disput\u00f3 9 partidos para los seleccionados juveniles de Espa\u00f1a, desarroll\u00f3 su carrera en Espanyol B (1 partido), Manchester City (3), Stuttgart (9), Girona (96), Huesca (25) y Mallorca (96). <\/p>\n<\/div>\n<p><script async defer crossorigin=\"anonymous\" src=\"https:\/\/connect.facebook.net\/es_LA\/sdk.js#xfbml=1&#038;version=v12.0\" nonce=\"SBlHQzIF\"><\/script><br \/><a href=\"https:\/\/www.telam.com.ar\/notas\/202311\/646329-futbol-seleccionado-maffeo-llegada-convocatoria.html\">source<\/a><\/p>\n","protected":false},"excerpt":{"rendered":"<p>Pablo Maffeo. La novedad del seleccionado argentino, el lateral espa\u00f1ol Pablo Maffeo, lleg\u00f3 este lunes&#8230;<\/p>\n","protected":false},"author":3,"featured_media":11398,"comment_status":"closed","ping_status":"closed","sticky":false,"template":"","format":"standard","meta":{"footnotes":""},"categories":[21],"tags":[],"class_list":["post-11397","post","type-post","status-publish","format-standard","has-post-thumbnail","hentry","category-deportes"],"featured_image_urls":{"full":["https:\/\/fmamiga909.com.ar\/wp-content\/uploads\/2023\/11\/wp-header-logo-112.png",1200,674,false],"thumbnail":["https:\/\/fmamiga909.com.ar\/wp-content\/uploads\/2023\/11\/wp-header-logo-112-150x150.png",150,150,true],"medium":["https:\/\/fmamiga909.com.ar\/wp-content\/uploads\/2023\/11\/wp-header-logo-112-300x169.png",300,169,true],"medium_large":["https:\/\/fmamiga909.com.ar\/wp-content\/uploads\/2023\/11\/wp-header-logo-112.png",1200,674,false],"large":["https:\/\/fmamiga909.com.ar\/wp-content\/uploads\/2023\/11\/wp-header-logo-112-1024x575.png",640,359,true],"1536x1536":["https:\/\/fmamiga909.com.ar\/wp-content\/uploads\/2023\/11\/wp-header-logo-112.png",1200,674,false],"2048x2048":["https:\/\/fmamiga909.com.ar\/wp-content\/uploads\/2023\/11\/wp-header-logo-112.png",1200,674,false],"newsium-slider-full":["https:\/\/fmamiga909.com.ar\/wp-content\/uploads\/2023\/11\/wp-header-logo-112.png",1200,674,false],"newsium-featured":["https:\/\/fmamiga909.com.ar\/wp-content\/uploads\/2023\/11\/wp-header-logo-112-1024x575.png",1024,575,true],"newsium-medium":["https:\/\/fmamiga909.com.ar\/wp-content\/uploads\/2023\/11\/wp-header-logo-112-720x475.png",720,475,true]},"author_info":{"display_name":"Fredy Giuliano","author_link":"https:\/\/fmamiga909.com.ar\/?author=3"},"category_info":"<a href=\"https:\/\/fmamiga909.com.ar\/?cat=21\" rel=\"category\">Deportes<\/a>","tag_info":"Deportes","comment_count":"0","_links":{"self":[{"href":"https:\/\/fmamiga909.com.ar\/index.php?rest_route=\/wp\/v2\/posts\/11397","targetHints":{"allow":["GET"]}}],"collection":[{"href":"https:\/\/fmamiga909.com.ar\/index.php?rest_route=\/wp\/v2\/posts"}],"about":[{"href":"https:\/\/fmamiga909.com.ar\/index.php?rest_route=\/wp\/v2\/types\/post"}],"author":[{"embeddable":true,"href":"https:\/\/fmamiga909.com.ar\/index.php?rest_route=\/wp\/v2\/users\/3"}],"replies":[{"embeddable":true,"href":"https:\/\/fmamiga909.com.ar\/index.php?rest_route=%2Fwp%2Fv2%2Fcomments&post=11397"}],"version-history":[{"count":0,"href":"https:\/\/fmamiga909.com.ar\/index.php?rest_route=\/wp\/v2\/posts\/11397\/revisions"}],"wp:featuredmedia":[{"embeddable":true,"href":"https:\/\/fmamiga909.com.ar\/index.php?rest_route=\/wp\/v2\/media\/11398"}],"wp:attachment":[{"href":"https:\/\/fmamiga909.com.ar\/index.php?rest_route=%2Fwp%2Fv2%2Fmedia&parent=11397"}],"wp:term":[{"taxonomy":"category","embeddable":true,"href":"https:\/\/fmamiga909.com.ar\/index.php?rest_route=%2Fwp%2Fv2%2Fcategories&post=11397"},{"taxonomy":"post_tag","embeddable":true,"href":"https:\/\/fmamiga909.com.ar\/index.php?rest_route=%2Fwp%2Fv2%2Ftags&post=11397"}],"curies":[{"name":"wp","href":"https:\/\/api.w.org\/{rel}","templated":true}]}}