{"id":11403,"date":"2023-11-14T10:13:04","date_gmt":"2023-11-14T10:13:04","guid":{"rendered":"https:\/\/fmamiga909.com.ar\/?p=11403"},"modified":"2023-11-14T10:13:04","modified_gmt":"2023-11-14T10:13:04","slug":"en-river-demichelis-tiene-dos-semanas-para-reencontrar-el-equipo","status":"publish","type":"post","link":"https:\/\/fmamiga909.com.ar\/?p=11403","title":{"rendered":"En River, Demichelis tiene dos semanas para reencontrar el equipo"},"content":{"rendered":"<div>\n<figure class=\"mb-3\"><img decoding=\"async\" src=\"https:\/\/www.telam.com.ar\/thumbs\/bluesteel\/advf\/imagenes\/2023\/07\/64b56bee38904_1200.jpg\" class=\" lazy \" width=\"100%\" height=\"100%\" alt=\"Foto Nacho Snchez \"\/><figcaption> Foto: Nacho S\u00e1nchez. <\/figcaption><\/figure>\n<p> El entrenador de River Plate, Mart\u00edn Demichelis, tiene un par de semanas por delante, con dos amistosos y entrenamientos para reencontrar al equipo de cara a la recta final del a\u00f1o, en donde a\u00fan no asegur\u00f3 la clasificaci\u00f3n a la ronda final de la Copa de la Liga.<\/p>\n<p>A falta de la \u00faltima fecha -ante Instituto de C\u00f3rdoba- a jugarse en la cancha de Independiente el 25 o 26 de noviembre, <strong>River necesita volver a tener el funcionamiento que perdi\u00f3 en los \u00faltimos dos partidos, en las derrotas ante Hurac\u00e1n y Rosario Central, <\/strong>y que le impidieron asegurarse la clasificaci\u00f3n en la Copa de la Liga.<\/p>\n<p>Si bien mantiene la punta y puede clasificar a\u00fan perdiendo, el objetivo de llegar a diciembre como el mejor equipo del torneo apuntando a la final del Trofeo de Campeones, le viene resultando esquivo por los malos resultados.<\/p>\n<p>Por esa raz\u00f3n, el DT intentar\u00e1 en estas dos semanas trabajar desde lo futbol\u00edstico para que el equipo llegue a los posibles \u201cmano a mano\u201d del mes de diciembre con un juego s\u00f3lido. Para eso enfrentar\u00e1 a Colo Colo el mi\u00e9rcoles en Chile y a Independiente Rivadavia el viernes en Mendoza.<\/p>\n<p>Si bien de la gira no van a participar los afectados a las eliminatorias sudamericanas como Franco Armani, Paulo D\u00edaz, Salom\u00f3n Rond\u00f3n y Nicol\u00e1s De la Cruz; y del seleccionado Sub 21, Pablo Solari y Santiago Sim\u00f3n, ser\u00e1 una buena oportunidad para probar alternativas en todas las l\u00edneas.<\/p>\n<p>Esos jugadores, habituales titulares y base del equipo, volver\u00e1n entre el mi\u00e9rcoles y el jueves de la semana que viene al trabajo con el equipo y ser\u00e1n evaluados por el DT seg\u00fan el desgaste f\u00edsico y los viajes, para decidir si juegan a ante Instituto.<\/p>\n<blockquote class=\"twitter-tweet\">\n<p lang=\"es\" dir=\"ltr\">\ud83d\udd1b Empezando la semana en River Camp. \ud83d\udcaa\ud83c\udffc<a href=\"https:\/\/twitter.com\/hashtag\/VamosRiver?src=hash&amp;ref_src=twsrc%5Etfw\">#VamosRiver<\/a> \u26aa\ufe0f\u2764\ufe0f\u26aa\ufe0f <a href=\"https:\/\/t.co\/DxOnhzeblR\">pic.twitter.com\/DxOnhzeblR<\/a><\/p>\n<p>\u2014 River Plate (@RiverPlate) <a href=\"https:\/\/twitter.com\/RiverPlate\/status\/1724102039729230139?ref_src=twsrc%5Etfw\">November 13, 2023<\/a><\/p><\/blockquote>\n<p>Con este panorama, <strong>el equipo se entren\u00f3 este lunes a la ma\u00f1ana en el River Camp de Ezeiza luego del descanso del domingo, tras la derrota del s\u00e1bado pasado contra Rosario Central (3-1) en Rosario<\/strong>, y el martes viajar\u00e1n a la ciudad chilena de Concepci\u00f3n para jugar el mi\u00e9rcoles desde las 20 el amistoso internacional contra el \u00abcacique\u00bb.<\/p>\n<p>Luego volar\u00e1n desde Santiago de Chile a la capital mendocina, el jueves por la tarde, para disputar el viernes por la noche en el estadio Malvinas Argentinas contra Independiente Rivadavia, que festejar\u00e1 su ascenso a Primera Divisi\u00f3n con un partido amistoso ante el equipo de Demichelis.<\/p>\n<p>En ambos partidos, <strong>el equipo \u00abmillonario\u00bb rotar\u00e1 a sus jugadores pero se espera que sumen minutos nombres como Gonzalo \u00abPity\u00bb Mart\u00ednez, Mat\u00edas Kranevitter, Sebasti\u00e1n Boselli, Ramiro Funes Mori y Mat\u00edas Su\u00e1rez, quienes no tienen continuidad.<\/strong><\/p>\n<p>Adem\u00e1s de los dos partidos mencionados, el entrenador realizar\u00e1 pr\u00e1cticas de f\u00fatbol a puertas cerradas antes del partido contra Instituto, que tendr\u00e1 la baja por expulsi\u00f3n de Enzo P\u00e9rez y las dudas vinculadas a c\u00f3mo regresen los seleccionados.<\/p>\n<p>La apuesta de Demichelis es jugar los tres partidos de los mano a mano de los play off de la Copa de la Liga para llegar con mucho ritmo de competencia a la final del Trofeo de Campeones, a jugarse posiblemente el 22 de diciembre.<\/p>\n<p>El plan de cara al 2024 de la dirigencia de River y del propio Demichelis es fortalecer el proyecto con la posibilidad de un tricampeonato local que le permita planificar el recambio del plantel sin costos ante la gente, y con la ilusi\u00f3n de la Copa Libertadores 2024. <\/p>\n<\/div>\n<p><script async src=\"\/\/platform.twitter.com\/widgets.js\" charset=\"utf-8\"><\/script><script async defer crossorigin=\"anonymous\" src=\"https:\/\/connect.facebook.net\/es_LA\/sdk.js#xfbml=1&#038;version=v12.0\" nonce=\"SBlHQzIF\"><\/script><br \/><a href=\"https:\/\/www.telam.com.ar\/notas\/202311\/646362-futbol-river-demichelis-copa-liga-profesional.html\">source<\/a><\/p>\n","protected":false},"excerpt":{"rendered":"<p>Foto: Nacho S\u00e1nchez. El entrenador de River Plate, Mart\u00edn Demichelis, tiene un par de semanas&#8230;<\/p>\n","protected":false},"author":3,"featured_media":11404,"comment_status":"closed","ping_status":"closed","sticky":false,"template":"","format":"standard","meta":{"footnotes":""},"categories":[21],"tags":[],"class_list":["post-11403","post","type-post","status-publish","format-standard","has-post-thumbnail","hentry","category-deportes"],"featured_image_urls":{"full":["https:\/\/fmamiga909.com.ar\/wp-content\/uploads\/2023\/11\/wp-header-logo-115.png",1200,675,false],"thumbnail":["https:\/\/fmamiga909.com.ar\/wp-content\/uploads\/2023\/11\/wp-header-logo-115-150x150.png",150,150,true],"medium":["https:\/\/fmamiga909.com.ar\/wp-content\/uploads\/2023\/11\/wp-header-logo-115-300x169.png",300,169,true],"medium_large":["https:\/\/fmamiga909.com.ar\/wp-content\/uploads\/2023\/11\/wp-header-logo-115.png",1200,675,false],"large":["https:\/\/fmamiga909.com.ar\/wp-content\/uploads\/2023\/11\/wp-header-logo-115-1024x576.png",640,360,true],"1536x1536":["https:\/\/fmamiga909.com.ar\/wp-content\/uploads\/2023\/11\/wp-header-logo-115.png",1200,675,false],"2048x2048":["https:\/\/fmamiga909.com.ar\/wp-content\/uploads\/2023\/11\/wp-header-logo-115.png",1200,675,false],"newsium-slider-full":["https:\/\/fmamiga909.com.ar\/wp-content\/uploads\/2023\/11\/wp-header-logo-115.png",1200,675,false],"newsium-featured":["https:\/\/fmamiga909.com.ar\/wp-content\/uploads\/2023\/11\/wp-header-logo-115-1024x576.png",1024,576,true],"newsium-medium":["https:\/\/fmamiga909.com.ar\/wp-content\/uploads\/2023\/11\/wp-header-logo-115-720x475.png",720,475,true]},"author_info":{"display_name":"Fredy Giuliano","author_link":"https:\/\/fmamiga909.com.ar\/?author=3"},"category_info":"<a href=\"https:\/\/fmamiga909.com.ar\/?cat=21\" rel=\"category\">Deportes<\/a>","tag_info":"Deportes","comment_count":"0","_links":{"self":[{"href":"https:\/\/fmamiga909.com.ar\/index.php?rest_route=\/wp\/v2\/posts\/11403","targetHints":{"allow":["GET"]}}],"collection":[{"href":"https:\/\/fmamiga909.com.ar\/index.php?rest_route=\/wp\/v2\/posts"}],"about":[{"href":"https:\/\/fmamiga909.com.ar\/index.php?rest_route=\/wp\/v2\/types\/post"}],"author":[{"embeddable":true,"href":"https:\/\/fmamiga909.com.ar\/index.php?rest_route=\/wp\/v2\/users\/3"}],"replies":[{"embeddable":true,"href":"https:\/\/fmamiga909.com.ar\/index.php?rest_route=%2Fwp%2Fv2%2Fcomments&post=11403"}],"version-history":[{"count":0,"href":"https:\/\/fmamiga909.com.ar\/index.php?rest_route=\/wp\/v2\/posts\/11403\/revisions"}],"wp:featuredmedia":[{"embeddable":true,"href":"https:\/\/fmamiga909.com.ar\/index.php?rest_route=\/wp\/v2\/media\/11404"}],"wp:attachment":[{"href":"https:\/\/fmamiga909.com.ar\/index.php?rest_route=%2Fwp%2Fv2%2Fmedia&parent=11403"}],"wp:term":[{"taxonomy":"category","embeddable":true,"href":"https:\/\/fmamiga909.com.ar\/index.php?rest_route=%2Fwp%2Fv2%2Fcategories&post=11403"},{"taxonomy":"post_tag","embeddable":true,"href":"https:\/\/fmamiga909.com.ar\/index.php?rest_route=%2Fwp%2Fv2%2Ftags&post=11403"}],"curies":[{"name":"wp","href":"https:\/\/api.w.org\/{rel}","templated":true}]}}