{"id":11456,"date":"2023-11-16T15:48:18","date_gmt":"2023-11-16T15:48:18","guid":{"rendered":"https:\/\/fmamiga909.com.ar\/?p=11456"},"modified":"2023-11-16T15:48:18","modified_gmt":"2023-11-16T15:48:18","slug":"rosario-central-va-por-una-obra-record-en-el-gigante-de-arroyito","status":"publish","type":"post","link":"https:\/\/fmamiga909.com.ar\/?p=11456","title":{"rendered":"Rosario Central va por una obra r\u00e9cord en el Gigante de Arroyito"},"content":{"rendered":"<div>\n<figure class=\"mb-3\"><img decoding=\"async\" src=\"https:\/\/www.telam.com.ar\/thumbs\/bluesteel\/advf\/imagenes\/2021\/09\/61534fddc053f_1200.jpg\" class=\" lazy \" width=\"100%\" height=\"100%\" alt=\"El estadio Gigante de Arroyito ser remodelado Foto Archivo\"\/><figcaption> El estadio Gigante de Arroyito ser\u00e1 remodelado | Foto: Archivo <\/figcaption><\/figure>\n<p> El presidente de Rosario Central, Gonzalo Belloso, present\u00f3 este mi\u00e9rcoles la obra de remodelaci\u00f3n del estadio Gigante de Arroyito y declar\u00f3 que har\u00e1n \u00aben 100 d\u00edas una obra que llevar\u00eda dos a\u00f1os\u00bb, con la que buscan ampliar \u00aben seis mil lugares\u00bb la capacidad de la cancha, dot\u00e1ndola una serie de mejoras.<\/p>\n<blockquote class=\"twitter-tweet\">\n<p lang=\"es\" dir=\"ltr\">Lleg\u00f3 el d\u00eda Canallas&#8230; <a href=\"https:\/\/t.co\/EVUTFm9drL\">pic.twitter.com\/EVUTFm9drL<\/a><\/p>\n<p>\u2014 Rosario Central (@RosarioCentral) <a href=\"https:\/\/twitter.com\/RosarioCentral\/status\/1723711468829294955?ref_src=twsrc%5Etfw\">November 12, 2023<\/a><\/p><\/blockquote>\n<p> El exdelantero \u00abcanalla\u00bb, quien encabez\u00f3 la presentaci\u00f3n en el Sal\u00f3n Centenario del estadio mundialista acompa\u00f1ado por la vicepresidenta primera Carolina Cristinziano y el vice tercero Adri\u00e1n Maglia, abund\u00f3 que \u00abhoy es un d\u00eda hist\u00f3rico porque Central tiene 85 mil socios, de los cuales s\u00f3lo 20 mil disfrutan del club todos los d\u00edas, el resto va s\u00f3lo a la cancha, as\u00ed que est\u00e1bamos en deuda con esos porque hace 45 a\u00f1os que la cancha de Central no tiene una obra como esta\u00bb.<\/p>\n<p>En este sentido, inform\u00f3 que \u00abla obra se divide en tres etapas. La primera es la ampliaci\u00f3n de la capacidad del estadio en seis mil lugares, que lo llevaran de los 42 mil actuales a los 48 mil espectadores. La segunda ser\u00e1 la remodelaci\u00f3n de los ingresos y egresos para darle mayor seguridad y comodidad a los socios. Y la tercera incluye un estacionamiento de dos o tres pisos y dos restaurantes\u00bb.<\/p>\n<blockquote class=\"twitter-tweet\">\n<p lang=\"es\" dir=\"ltr\">Gigante en obras \ud83d\udc77\u200d\u2642\ufe0f\ud83c\udfdf <a href=\"https:\/\/t.co\/nvkug62uzJ\">pic.twitter.com\/nvkug62uzJ<\/a><\/p>\n<p>\u2014 Rosario Central (@RosarioCentral) <a href=\"https:\/\/twitter.com\/RosarioCentral\/status\/1723760780921766291?ref_src=twsrc%5Etfw\">November 12, 2023<\/a><\/p><\/blockquote>\n<p> Por su parte, el arquitecto Diego Dacondo, director del proyecto, explic\u00f3 que \u00abluego de los proyectos de crecimiento hacia arriba, que no prosperaron por distintos motivos, por primera vez tenemos un proyecto viable de crecimiento hacia abajo, en las cuatro tribunas, con una cota de entre 70 y 80 cent\u00edmetros, que incluye la bajada de altura del campo de juego, la construcci\u00f3n de nueve filas de butacas en las plateas y de ocho gradas en las populares, el cambio de lugar de los bancos de suplentes y la construcci\u00f3n de un nuevo t\u00fanel de ingreso \u00fanico por el eje central, entre otras mejoras\u00bb.<\/p>\n<p>A su vez, el ingeniero agr\u00f3nomo Leopoldo De Tomassi revel\u00f3 que \u00ablos campos de juego de Europa se construyen con las normas de la Asociaci\u00f3n de Golf y este va a tener esas caracter\u00edsticas: con un desag\u00fce a cuatro aguas, con una base que tiene una mezcla de piedra y arena y otra de turba, pero sin tierra, que es una base que funciona como una tabla de agua suspendida, que llega un momento en que por cada gota de agua que entra hay una gota de agua que sale\u00bb.<\/p>\n<p><figure class=\"mb-3\"><img decoding=\"async\" src=\"https:\/\/www.telam.com.ar\/thumbs\/bluesteel\/advf\/imagenes\/2020\/08\/5f2c5cfb840ca_1200.jpg\" class=\" lazy \" width=\"100%\" height=\"100%\" alt=\"Gonzalo Belloso presidente del Canalla Foto Archivo\"\/><figcaption> Gonzalo Belloso, presidente del Canalla | Foto: Archivo <\/figcaption><\/figure>\n<p>Consultado cu\u00e1ndo volver\u00e1 Central a jugar en el Gigante de Arroyito, Belloso anticip\u00f3 que \u00abla idea es que el 25 o 26 de diciembre est\u00e9 terminado el movimiento de suelo y la cancha pueda ser sembrada, as\u00ed que a lo sumo deberemos jugar algunos partidos con algunas tribunas en obra tapadas\u00bb. <\/p>\n<\/div>\n<p><script async src=\"\/\/platform.twitter.com\/widgets.js\" charset=\"utf-8\"><\/script><script async defer crossorigin=\"anonymous\" src=\"https:\/\/connect.facebook.net\/es_LA\/sdk.js#xfbml=1&#038;version=v12.0\" nonce=\"SBlHQzIF\"><\/script><br \/><a href=\"https:\/\/www.telam.com.ar\/notas\/202311\/646626-gonzalo-belloso-futbol-rosario-central-estadio-gigante-de-arroyito-rosario-obra-cien-dias-proyecto.html\">source<\/a><\/p>\n","protected":false},"excerpt":{"rendered":"<p>El estadio Gigante de Arroyito ser\u00e1 remodelado | Foto: Archivo El presidente de Rosario Central,&#8230;<\/p>\n","protected":false},"author":3,"featured_media":11457,"comment_status":"closed","ping_status":"closed","sticky":false,"template":"","format":"standard","meta":{"footnotes":""},"categories":[21],"tags":[],"class_list":["post-11456","post","type-post","status-publish","format-standard","has-post-thumbnail","hentry","category-deportes"],"featured_image_urls":{"full":["https:\/\/fmamiga909.com.ar\/wp-content\/uploads\/2023\/11\/wp-header-logo-132.png",1004,565,false],"thumbnail":["https:\/\/fmamiga909.com.ar\/wp-content\/uploads\/2023\/11\/wp-header-logo-132-150x150.png",150,150,true],"medium":["https:\/\/fmamiga909.com.ar\/wp-content\/uploads\/2023\/11\/wp-header-logo-132-300x169.png",300,169,true],"medium_large":["https:\/\/fmamiga909.com.ar\/wp-content\/uploads\/2023\/11\/wp-header-logo-132.png",1004,565,false],"large":["https:\/\/fmamiga909.com.ar\/wp-content\/uploads\/2023\/11\/wp-header-logo-132.png",640,360,false],"1536x1536":["https:\/\/fmamiga909.com.ar\/wp-content\/uploads\/2023\/11\/wp-header-logo-132.png",1004,565,false],"2048x2048":["https:\/\/fmamiga909.com.ar\/wp-content\/uploads\/2023\/11\/wp-header-logo-132.png",1004,565,false],"newsium-slider-full":["https:\/\/fmamiga909.com.ar\/wp-content\/uploads\/2023\/11\/wp-header-logo-132.png",1004,565,false],"newsium-featured":["https:\/\/fmamiga909.com.ar\/wp-content\/uploads\/2023\/11\/wp-header-logo-132.png",1004,565,false],"newsium-medium":["https:\/\/fmamiga909.com.ar\/wp-content\/uploads\/2023\/11\/wp-header-logo-132-720x475.png",720,475,true]},"author_info":{"display_name":"Fredy Giuliano","author_link":"https:\/\/fmamiga909.com.ar\/?author=3"},"category_info":"<a href=\"https:\/\/fmamiga909.com.ar\/?cat=21\" rel=\"category\">Deportes<\/a>","tag_info":"Deportes","comment_count":"0","_links":{"self":[{"href":"https:\/\/fmamiga909.com.ar\/index.php?rest_route=\/wp\/v2\/posts\/11456","targetHints":{"allow":["GET"]}}],"collection":[{"href":"https:\/\/fmamiga909.com.ar\/index.php?rest_route=\/wp\/v2\/posts"}],"about":[{"href":"https:\/\/fmamiga909.com.ar\/index.php?rest_route=\/wp\/v2\/types\/post"}],"author":[{"embeddable":true,"href":"https:\/\/fmamiga909.com.ar\/index.php?rest_route=\/wp\/v2\/users\/3"}],"replies":[{"embeddable":true,"href":"https:\/\/fmamiga909.com.ar\/index.php?rest_route=%2Fwp%2Fv2%2Fcomments&post=11456"}],"version-history":[{"count":0,"href":"https:\/\/fmamiga909.com.ar\/index.php?rest_route=\/wp\/v2\/posts\/11456\/revisions"}],"wp:featuredmedia":[{"embeddable":true,"href":"https:\/\/fmamiga909.com.ar\/index.php?rest_route=\/wp\/v2\/media\/11457"}],"wp:attachment":[{"href":"https:\/\/fmamiga909.com.ar\/index.php?rest_route=%2Fwp%2Fv2%2Fmedia&parent=11456"}],"wp:term":[{"taxonomy":"category","embeddable":true,"href":"https:\/\/fmamiga909.com.ar\/index.php?rest_route=%2Fwp%2Fv2%2Fcategories&post=11456"},{"taxonomy":"post_tag","embeddable":true,"href":"https:\/\/fmamiga909.com.ar\/index.php?rest_route=%2Fwp%2Fv2%2Ftags&post=11456"}],"curies":[{"name":"wp","href":"https:\/\/api.w.org\/{rel}","templated":true}]}}