{"id":11458,"date":"2023-11-16T17:48:56","date_gmt":"2023-11-16T17:48:56","guid":{"rendered":"https:\/\/fmamiga909.com.ar\/?p=11458"},"modified":"2023-11-16T17:48:56","modified_gmt":"2023-11-16T17:48:56","slug":"la-venezuela-del-dt-argentino-fernando-batista-se-enfrenta-a-ecuador","status":"publish","type":"post","link":"https:\/\/fmamiga909.com.ar\/?p=11458","title":{"rendered":"La Venezuela del DT argentino Fernando Batista se enfrenta a Ecuador"},"content":{"rendered":"<div>\n<figure class=\"mb-3\"><img decoding=\"async\" src=\"https:\/\/www.telam.com.ar\/thumbs\/bluesteel\/advf\/imagenes\/2023\/11\/6554eb34185a3_1200.jpg\" class=\" lazy \" width=\"100%\" height=\"100%\" alt=\"Foto archivo\"\/><figcaption> Foto: archivo. <\/figcaption><\/figure>\n<p> El seleccionado de <strong>Venezuela<\/strong>, con el entrenador argentino <strong>Fernando Batista<\/strong>, recibir\u00e1 este jueves a su par de <strong>Ecuador<\/strong>, en un encuentro v\u00e1lido por la quinta jornada de las Eliminatorias Sudamericanas rumbo al Mundial de 2026.<\/p>\n<p>El partido se jugar\u00e1 desde las 19 (hora de Argentina) en el estadio Monumental de Matur\u00edn, contar\u00e1 con el arbitraje del paraguayo Juan Gabriel Ben\u00edtez y Carlos Ben\u00edtez en el VAR y la transmisi\u00f3n de la se\u00f1al de cable DSports+.<\/p>\n<p>El seleccionado \u00abVinotinto\u00bb viene de golear por 3 a 0 a Chile, del t\u00e9cnico argentino Eduardo \u00abToto\u00bb Berizzo, y se ubica en la cuarta posici\u00f3n con siete unidades, al igual que Uruguay y Brasil.<\/p>\n<blockquote class=\"twitter-tweet\">\n<p lang=\"es\" dir=\"ltr\">El reloj no se detiene, \u00a1solo 1\u20e3 d\u00eda para que la Vinotinto \u2764\ufe0f\u26bd\ufe0f y Ecuador se encuentren en el campo! <\/p>\n<p>\ud83c\uddfb\ud83c\uddea\ud83c\udd9a\ud83c\uddea\ud83c\udde8<br \/>\ud83d\uddd3\ufe0f16-11-2023<br \/>\ud83c\udfdf\ufe0fEstadio Monumental de Matur\u00edn<br \/>\ud83d\udd556:00 p.m.<a href=\"https:\/\/twitter.com\/hashtag\/SiempreVinotinto?src=hash&amp;ref_src=twsrc%5Etfw\">#SiempreVinotinto<\/a> \ud83c\uddfb\ud83c\uddea <a href=\"https:\/\/t.co\/PdYbqE94D3\">pic.twitter.com\/PdYbqE94D3<\/a><\/p>\n<p>\u2014 FVF (@FVF_Oficial) <a href=\"https:\/\/twitter.com\/FVF_Oficial\/status\/1724803549710966997?ref_src=twsrc%5Etfw\">November 15, 2023<\/a><\/p><\/blockquote>\n<p> El DT \u00abBocha\u00bb Batista realizar\u00e1 una sola modificaci\u00f3n respecto del once inicial que vapule\u00f3 a los trasandinos: en el mediocampo <strong>J\u00fanior Moreno<\/strong> entrar\u00e1 por <em>Jos\u00e9 Mart\u00ednez<\/em>.<\/p>\n<p>El representativo de Ecuador, por su parte, empat\u00f3 sin goles la jornada pasada ante Colombia y se encuentra en el sexto lugar con cuatro puntos, al igual que Paraguay y Chile.<\/p>\n<p>El t\u00e9cnico espa\u00f1ol <strong>F\u00e9lix S\u00e1nchez<\/strong> tendr\u00e1 varias bajas para intentar armar el once inicial para su visita a Venezuela: una de ellas ser\u00e1 la ausencia obligada por lesi\u00f3n del delantero estrella Enner Valencia el \u00faltimo s\u00e1bado durante el enfrentamiento por la Liga brasile\u00f1a entre su equipo, Internacional de Porto Alegre, y el Palmeiras. En su lugar entrar\u00e1 Jordy Caicedo.<\/p>\n<p>Adem\u00e1s, S\u00e1nchez no podr\u00e1 contar con el arquero titular Mois\u00e9s Ram\u00edrez por una sobrecarga en su pierna izquierda y en su reemplazo ingresar\u00e1 Wellington Ram\u00edrez.<\/p>\n<p>La otra baja ser\u00e1 la del mediocampista Jhoanner Chavez, tambi\u00e9n con una lesi\u00f3n muscular, quien ser\u00e1 sustituido por Jhojan Julio.<\/p>\n<p>En la sexta jornada de las Eliminatorias sudamericanas Venezuela visitar\u00e1 a Per\u00fa, mientras que Ecuador recibir\u00e1 a Chile.<\/p>\n<p><iframe loading=\"lazy\" src=\"https:\/\/estdeportes.telam.com.ar\/html\/v3\/minapp\/modules\/futbol\/gamecast\/gamecast.html?channel=deportes.futbol.eliminatorias.691458&amp;lang=es_LA&amp;page=gamecast&amp;hidePagesMenu=true\" width=\"100%\" height=\"1150\" scrolling=\"auto\" style=\"width: 1px; min-width: 100%; *width: 100%;\" class=\"\"><\/iframe> <\/p>\n<\/div>\n<p><script async src=\"\/\/platform.twitter.com\/widgets.js\" charset=\"utf-8\"><\/script><script async defer crossorigin=\"anonymous\" src=\"https:\/\/connect.facebook.net\/es_LA\/sdk.js#xfbml=1&#038;version=v12.0\" nonce=\"SBlHQzIF\"><\/script><br \/><a href=\"https:\/\/www.telam.com.ar\/notas\/202311\/646584-eliminatorias-sudamericanas-venezuela-ecuador.html\">source<\/a><\/p>\n","protected":false},"excerpt":{"rendered":"<p>Foto: archivo. El seleccionado de Venezuela, con el entrenador argentino Fernando Batista, recibir\u00e1 este jueves&#8230;<\/p>\n","protected":false},"author":3,"featured_media":11459,"comment_status":"closed","ping_status":"closed","sticky":false,"template":"","format":"standard","meta":{"footnotes":""},"categories":[21],"tags":[],"class_list":["post-11458","post","type-post","status-publish","format-standard","has-post-thumbnail","hentry","category-deportes"],"featured_image_urls":{"full":["https:\/\/fmamiga909.com.ar\/wp-content\/uploads\/2023\/11\/wp-header-logo-133.png",1200,675,false],"thumbnail":["https:\/\/fmamiga909.com.ar\/wp-content\/uploads\/2023\/11\/wp-header-logo-133-150x150.png",150,150,true],"medium":["https:\/\/fmamiga909.com.ar\/wp-content\/uploads\/2023\/11\/wp-header-logo-133-300x169.png",300,169,true],"medium_large":["https:\/\/fmamiga909.com.ar\/wp-content\/uploads\/2023\/11\/wp-header-logo-133.png",1200,675,false],"large":["https:\/\/fmamiga909.com.ar\/wp-content\/uploads\/2023\/11\/wp-header-logo-133-1024x576.png",640,360,true],"1536x1536":["https:\/\/fmamiga909.com.ar\/wp-content\/uploads\/2023\/11\/wp-header-logo-133.png",1200,675,false],"2048x2048":["https:\/\/fmamiga909.com.ar\/wp-content\/uploads\/2023\/11\/wp-header-logo-133.png",1200,675,false],"newsium-slider-full":["https:\/\/fmamiga909.com.ar\/wp-content\/uploads\/2023\/11\/wp-header-logo-133.png",1200,675,false],"newsium-featured":["https:\/\/fmamiga909.com.ar\/wp-content\/uploads\/2023\/11\/wp-header-logo-133-1024x576.png",1024,576,true],"newsium-medium":["https:\/\/fmamiga909.com.ar\/wp-content\/uploads\/2023\/11\/wp-header-logo-133-720x475.png",720,475,true]},"author_info":{"display_name":"Fredy Giuliano","author_link":"https:\/\/fmamiga909.com.ar\/?author=3"},"category_info":"<a href=\"https:\/\/fmamiga909.com.ar\/?cat=21\" rel=\"category\">Deportes<\/a>","tag_info":"Deportes","comment_count":"0","_links":{"self":[{"href":"https:\/\/fmamiga909.com.ar\/index.php?rest_route=\/wp\/v2\/posts\/11458","targetHints":{"allow":["GET"]}}],"collection":[{"href":"https:\/\/fmamiga909.com.ar\/index.php?rest_route=\/wp\/v2\/posts"}],"about":[{"href":"https:\/\/fmamiga909.com.ar\/index.php?rest_route=\/wp\/v2\/types\/post"}],"author":[{"embeddable":true,"href":"https:\/\/fmamiga909.com.ar\/index.php?rest_route=\/wp\/v2\/users\/3"}],"replies":[{"embeddable":true,"href":"https:\/\/fmamiga909.com.ar\/index.php?rest_route=%2Fwp%2Fv2%2Fcomments&post=11458"}],"version-history":[{"count":0,"href":"https:\/\/fmamiga909.com.ar\/index.php?rest_route=\/wp\/v2\/posts\/11458\/revisions"}],"wp:featuredmedia":[{"embeddable":true,"href":"https:\/\/fmamiga909.com.ar\/index.php?rest_route=\/wp\/v2\/media\/11459"}],"wp:attachment":[{"href":"https:\/\/fmamiga909.com.ar\/index.php?rest_route=%2Fwp%2Fv2%2Fmedia&parent=11458"}],"wp:term":[{"taxonomy":"category","embeddable":true,"href":"https:\/\/fmamiga909.com.ar\/index.php?rest_route=%2Fwp%2Fv2%2Fcategories&post=11458"},{"taxonomy":"post_tag","embeddable":true,"href":"https:\/\/fmamiga909.com.ar\/index.php?rest_route=%2Fwp%2Fv2%2Ftags&post=11458"}],"curies":[{"name":"wp","href":"https:\/\/api.w.org\/{rel}","templated":true}]}}