{"id":11722,"date":"2023-11-25T23:34:40","date_gmt":"2023-11-25T23:34:40","guid":{"rendered":"https:\/\/fmamiga909.com.ar\/?p=11722"},"modified":"2023-11-25T23:34:40","modified_gmt":"2023-11-25T23:34:40","slug":"endiablado-e-historico-echeverri-la-rompio-con-un-triplete-a-brasil","status":"publish","type":"post","link":"https:\/\/fmamiga909.com.ar\/?p=11722","title":{"rendered":"Endiablado e hist\u00f3rico: Echeverri &quot;la rompi\u00f3&quot; con un triplete a Brasil"},"content":{"rendered":"<div>\n<figure class=\"mb-3\"><img decoding=\"async\" src=\"https:\/\/www.telam.com.ar\/thumbs\/bluesteel\/advf\/imagenes\/2023\/11\/6560a3ee80a68_1200.jpg\" class=\" lazy \" width=\"100%\" height=\"100%\" alt=\"Foto X\"\/><figcaption> Foto: X. <\/figcaption><\/figure>\n<p> El mediapunta <strong>Claudio Echeverri<\/strong> se convirti\u00f3 este viernes en el <strong>primer futbolista argentino en 98 a\u00f1os, capaz de marcarle tres goles a Brasil en un partido oficial<\/strong>, al anotarse con un \u00abhat trick\u00bb en la goleada (3-0) por los cuartos de final del Mundial Sub 17 en Indonesia.<\/p>\n<p><strong>Echeverri equipar\u00f3 la gesta de Manuel Seoane<\/strong>, ex futbolista de Independiente y Boca Juniors, quien festej\u00f3 un triplete en un supercl\u00e1sico sudamericano disputado en el estadio de Sportivo Barracas por el <strong>Campeonato Sudamericano de 1925<\/strong>.<\/p>\n<p>\u00ab\u00a1Sexo!\u00bb, contest\u00f3 el \u00abDiablito\u00bb al canal TyC Sports, al ser consultado sobre la sensaci\u00f3n de ganarle a Brasil, a prop\u00f3sito de la comparaci\u00f3n realizada por Alexis Mac Allister (\u00abporno\u00bb) luego del triunfo del martes pasado en el Maracan\u00e1 por las Eliminatorias Sudamericanas.<\/p>\n<blockquote class=\"twitter-tweet\">\n<p lang=\"es\" dir=\"ltr\">ECHEVERRI: \u00abNO ES COSA DE TODOS LOS D\u00cdAS GANARLE 3-0 A BRASIL\u00bb \ud83d\udde3\ufe0f\ud83c\udde6\ud83c\uddf7<\/p>\n<p>El Diablito expres\u00f3 su felicidad luego del hat-trick y el pase a las semis del Mundial Sub-17. <a href=\"https:\/\/t.co\/Cy3bGgvpus\">pic.twitter.com\/Cy3bGgvpus<\/a><\/p>\n<p>\u2014 TyC Sports (@TyCSports) <a href=\"https:\/\/twitter.com\/TyCSports\/status\/1728068269746081816?ref_src=twsrc%5Etfw\">November 24, 2023<\/a><\/p><\/blockquote>\n<p> El 10 del seleccionado sub 17 descoll\u00f3 con tres tantos de alta clase, que anot\u00f3 a los 28, 57 y 61 minutos para sellar una brillante clasificaci\u00f3n a las semifinales del Mundial.<\/p>\n<p>\u00abFeliz por la victoria y por c\u00f3mo jug\u00f3 el equipo. Estamos muy contentos, ahora hay que disfrutar este momento muy lindo y luego pensar en Alemania (siguiente rival). Estamos confiados por el equipo que tenemos. Nos dieron el primer golpe (la derrota con Senegal en el debut) pero nos levantamos y hoy logramos un gran triunfo\u00bb, declar\u00f3 la figura argentina.<\/p>\n<p>Su tercer tanto a Brasil en Indonesia fue un homenaje a Lionel Messi por el parecido con uno que conquist\u00f3 en el \u00abhat trick\u00bb de un partido amistoso (4-3) disputado en Nueva Jersey el 9 de junio de 2012 en la era de Alejandro Sabella.<\/p>\n<h2 class=\"\">Desde Chaco hasta la gloria en Indonesia<\/h2>\n<p>\u00a0<\/p>\n<blockquote class=\"twitter-tweet\">\n<p lang=\"es\" dir=\"ltr\">\ud83c\udfc6 <a href=\"https:\/\/twitter.com\/hashtag\/Sub17?src=hash&amp;ref_src=twsrc%5Etfw\">#Sub17<\/a> &#8211; <a href=\"https:\/\/twitter.com\/hashtag\/U17WC?src=hash&amp;ref_src=twsrc%5Etfw\">#U17WC<\/a> <\/p>\n<p>\ud83d\ude08 Modo Diablo \ud83d\ude08<a href=\"https:\/\/twitter.com\/hashtag\/VamosLosPibes?src=hash&amp;ref_src=twsrc%5Etfw\">#VamosLosPibes<\/a> \ud83d\udcaa <a href=\"https:\/\/t.co\/bI1RnOjRQz\">pic.twitter.com\/bI1RnOjRQz<\/a><\/p>\n<p>\u2014 \ud83c\udde6\ud83c\uddf7 Selecci\u00f3n Argentina \u2b50\u2b50\u2b50 (@Argentina) <a href=\"https:\/\/twitter.com\/Argentina\/status\/1728062790554821051?ref_src=twsrc%5Etfw\">November 24, 2023<\/a><\/p><\/blockquote>\n<p> Echeverri, <strong>nacido en Resistencia, Chaco, el 2 de enero de 2006<\/strong>, se vincul\u00f3 con el f\u00fatbol en el club Deportivo Luj\u00e1n, donde fue descubierto por captadores de <strong>River Plate<\/strong>. En 1017 se instal\u00f3 junto a su familia en Buenos Aires y comenz\u00f3 su carrera en las infantiles del \u00abMillonario\u00bb, donde tambi\u00e9n continu\u00f3 con sus estudios.<\/p>\n<p>Su primera aparici\u00f3n p\u00fablica se produjo ese mismo a\u00f1o por los cuatro goles que le anot\u00f3 a Juventus en un torneo de f\u00fatbol infantil en Venecia, Italia. En esa competencia marc\u00f3 nueve tantos en seis partidos.<\/p>\n<p>En marzo de 2022, bajo direcci\u00f3n t\u00e9cnica de Pablo Aimar, <strong>debut\u00f3 en el seleccionado Sub 17 con una asistencia en un amistoso con Uruguay<\/strong>. En el primer semestre de este a\u00f1o destac\u00f3 en el Sudamericano de la categor\u00eda (cinco goles en ocho partidos) y eso le facilit\u00f3 el ascenso al plantel profesional de River por orden de Mart\u00edn Demichelis.<\/p>\n<p>Antes de esa competencia, el club le hab\u00eda firmado su primer contrato con una cl\u00e1usula de rescisi\u00f3n de 25 millones de euros.<\/p>\n<p>Con paciencia se hizo un lugar entre todas las figuras del plantel de River y <strong>Demichelis le hizo debutar en primera en la victoria con Instituto de C\u00f3rdoba<\/strong>, el 23 de junio pasado, por la Liga Profesional que gan\u00f3 su equipo.<\/p>\n<p>En esa campa\u00f1a sum\u00f3 cuatro presencias (72 minutos), siempre desde el banco, algo que muy probablemente cambie el a\u00f1o pr\u00f3ximo por la madurez y la jerarqu\u00eda demostrada en la Copa Mundial Sub 17, en la que ya suma cinco tantos en igual cantidad de encuentros.<\/p>\n<p>El \u00abDiablito\u00bb, junto a su compa\u00f1ero Agust\u00edn Ruberto, es uno de los m\u00e1ximos anotadores de la competencia FIFA en Indonesia.<\/p>\n<\/div>\n<p><script async src=\"\/\/platform.twitter.com\/widgets.js\" charset=\"utf-8\"><\/script><script async defer crossorigin=\"anonymous\" src=\"https:\/\/connect.facebook.net\/es_LA\/sdk.js#xfbml=1&#038;version=v12.0\" nonce=\"SBlHQzIF\"><\/script><br \/><a href=\"https:\/\/www.telam.com.ar\/notas\/202311\/647628-claudio-etcheverry-triplete-argentina-brasil-mundial-sub-17.html\">source<\/a><\/p>\n","protected":false},"excerpt":{"rendered":"<p>Foto: X. El mediapunta Claudio Echeverri se convirti\u00f3 este viernes en el primer futbolista argentino&#8230;<\/p>\n","protected":false},"author":3,"featured_media":11723,"comment_status":"closed","ping_status":"closed","sticky":false,"template":"","format":"standard","meta":{"footnotes":""},"categories":[21],"tags":[],"class_list":["post-11722","post","type-post","status-publish","format-standard","has-post-thumbnail","hentry","category-deportes"],"featured_image_urls":{"full":["https:\/\/fmamiga909.com.ar\/wp-content\/uploads\/2023\/11\/wp-header-logo-207.png",1200,675,false],"thumbnail":["https:\/\/fmamiga909.com.ar\/wp-content\/uploads\/2023\/11\/wp-header-logo-207-150x150.png",150,150,true],"medium":["https:\/\/fmamiga909.com.ar\/wp-content\/uploads\/2023\/11\/wp-header-logo-207-300x169.png",300,169,true],"medium_large":["https:\/\/fmamiga909.com.ar\/wp-content\/uploads\/2023\/11\/wp-header-logo-207.png",1200,675,false],"large":["https:\/\/fmamiga909.com.ar\/wp-content\/uploads\/2023\/11\/wp-header-logo-207-1024x576.png",640,360,true],"1536x1536":["https:\/\/fmamiga909.com.ar\/wp-content\/uploads\/2023\/11\/wp-header-logo-207.png",1200,675,false],"2048x2048":["https:\/\/fmamiga909.com.ar\/wp-content\/uploads\/2023\/11\/wp-header-logo-207.png",1200,675,false],"newsium-slider-full":["https:\/\/fmamiga909.com.ar\/wp-content\/uploads\/2023\/11\/wp-header-logo-207.png",1200,675,false],"newsium-featured":["https:\/\/fmamiga909.com.ar\/wp-content\/uploads\/2023\/11\/wp-header-logo-207-1024x576.png",1024,576,true],"newsium-medium":["https:\/\/fmamiga909.com.ar\/wp-content\/uploads\/2023\/11\/wp-header-logo-207-720x475.png",720,475,true]},"author_info":{"display_name":"Fredy Giuliano","author_link":"https:\/\/fmamiga909.com.ar\/?author=3"},"category_info":"<a href=\"https:\/\/fmamiga909.com.ar\/?cat=21\" rel=\"category\">Deportes<\/a>","tag_info":"Deportes","comment_count":"0","_links":{"self":[{"href":"https:\/\/fmamiga909.com.ar\/index.php?rest_route=\/wp\/v2\/posts\/11722","targetHints":{"allow":["GET"]}}],"collection":[{"href":"https:\/\/fmamiga909.com.ar\/index.php?rest_route=\/wp\/v2\/posts"}],"about":[{"href":"https:\/\/fmamiga909.com.ar\/index.php?rest_route=\/wp\/v2\/types\/post"}],"author":[{"embeddable":true,"href":"https:\/\/fmamiga909.com.ar\/index.php?rest_route=\/wp\/v2\/users\/3"}],"replies":[{"embeddable":true,"href":"https:\/\/fmamiga909.com.ar\/index.php?rest_route=%2Fwp%2Fv2%2Fcomments&post=11722"}],"version-history":[{"count":0,"href":"https:\/\/fmamiga909.com.ar\/index.php?rest_route=\/wp\/v2\/posts\/11722\/revisions"}],"wp:featuredmedia":[{"embeddable":true,"href":"https:\/\/fmamiga909.com.ar\/index.php?rest_route=\/wp\/v2\/media\/11723"}],"wp:attachment":[{"href":"https:\/\/fmamiga909.com.ar\/index.php?rest_route=%2Fwp%2Fv2%2Fmedia&parent=11722"}],"wp:term":[{"taxonomy":"category","embeddable":true,"href":"https:\/\/fmamiga909.com.ar\/index.php?rest_route=%2Fwp%2Fv2%2Fcategories&post=11722"},{"taxonomy":"post_tag","embeddable":true,"href":"https:\/\/fmamiga909.com.ar\/index.php?rest_route=%2Fwp%2Fv2%2Ftags&post=11722"}],"curies":[{"name":"wp","href":"https:\/\/api.w.org\/{rel}","templated":true}]}}