{"id":11724,"date":"2023-11-26T01:35:52","date_gmt":"2023-11-26T01:35:52","guid":{"rendered":"https:\/\/fmamiga909.com.ar\/?p=11724"},"modified":"2023-11-26T01:35:52","modified_gmt":"2023-11-26T01:35:52","slug":"un-nuevo-contrato-para-un-futbol-sin-discriminacion-por-genero-y-xenofobia","status":"publish","type":"post","link":"https:\/\/fmamiga909.com.ar\/?p=11724","title":{"rendered":"Un nuevo contrato para un f\u00fatbol sin discriminaci\u00f3n por g\u00e9nero y xenofobia"},"content":{"rendered":"<div>\n<figure class=\"mb-3\"><img decoding=\"async\" src=\"https:\/\/www.telam.com.ar\/thumbs\/bluesteel\/advf\/imagenes\/2023\/11\/6560e2b2356f4_1200.jpg\" class=\" lazy \" width=\"100%\" height=\"100%\" alt=\"Foto Prensa\"\/><figcaption> Foto: Prensa. <\/figcaption><\/figure>\n<p> En el marco del D\u00eda Internacional de la Eliminaci\u00f3n de la Violencia contra la Mujer, la fundaci\u00f3n Encontrarse en la Diversidad present\u00f3 el proyecto Escuela de Hinchas, en el que trabajaron durante meses con m\u00e1s de 900 j\u00f3venes de diversas escuelas y clubes del pa\u00eds con el fin de<strong> \u00abfirmar un nuevo contrato\u00bb por un f\u00fatbol sin violencia<\/strong>.<\/p>\n<p>El trabajo, que cont\u00f3 <strong>con el apoyo de la embajada del Reino de los Pa\u00edses Bajos<\/strong>, se plante\u00f3 como objetivo quitar el velo que esconde la discriminaci\u00f3n en las pr\u00e1cticas cotidianas, utilizando al f\u00fatbol como veh\u00edculo y, a su vez, como espacio con potencial para transformar la sociedad hacia valores de inclusi\u00f3n e igualdad.<\/p>\n<p>En di\u00e1logo con T\u00e9lam, <strong>Ariel Dorfman<\/strong>, presidente de la fundaci\u00f3n, sostuvo: \u00abLas adolescencias necesitan, piden y les ayuda hablar de estos temas porque los atraviesan y lo viven en lo cotidiano. Cuando hablamos de discriminaci\u00f3n, hablamos de temas de g\u00e9nero, de racismo y de talles. Es una necesidad de los chicos expresarse sobre esto, y ellos valoran cuando viene una propuesta de calidad\u201d, continu\u00f3.<\/p>\n<blockquote class=\"instagram-media\" data-instgrm-permalink=\"https:\/\/www.instagram.com\/p\/C0CJqMBu1VL\/?utm_source=ig_embed&amp;utm_campaign=loading\" data-instgrm-version=\"14\" style=\" background:#FFF; border:0; border-radius:3px; box-shadow:0 0 1px 0 rgba(0,0,0,0.5),0 1px 10px 0 rgba(0,0,0,0.15); margin: 1px; max-width:540px; min-width:326px; padding:0; width:99.375%; width:-webkit-calc(100% - 2px); width:calc(100% - 2px);\"\/><p> Como primera tarea de visibilizaci\u00f3n, Encontrarse en la Diversidad realiz\u00f3 una encuesta a hinchas, jugadores, jugadoras, periodistas y otras personas vinculadas al deporte, en la que <strong>el 94,6 % de los participantes afirmaron que hay discriminaci\u00f3n en el f\u00fatbol<\/strong>, siendo la orientaci\u00f3n sexual, el g\u00e9nero, la nacionalidad y el aspecto f\u00edsico los motivos m\u00e1s se\u00f1alados.<\/p>\n<p>Sin embargo, solo<strong> el 36,7% revel\u00f3 haber discriminado alguna vez<\/strong>, dato que, seg\u00fan la ONG, remarca la idea general de que \u201clo que pasa en la cancha, queda en la cancha\u201d, adem\u00e1s de habilitar cualquier tipo de discriminaci\u00f3n bajo el velo del \u201cfolklore del f\u00fatbol\u201d.<\/p>\n<blockquote class=\"\"><p>\u00abLas adolescencias necesitan, piden y les ayuda hablar de estos temas porque los atraviesan y lo viven en lo cotidiano. Cuando hablamos de discriminaci\u00f3n, hablamos de temas de g\u00e9nero, de racismo y de talles\u00bb<cite class=\"author\">Ariel Dorfman<\/cite><\/p><\/blockquote>\n<p> Con la premisa de deconstruir tales concepciones, profesionales y voluntarios de la fundaci\u00f3n llevaron el proyecto Escuela de Hinchas a escuelas de C\u00f3rdoba, Mendoza, Chubut, Santa Fe y Buenos Aires, as\u00ed como a diferentes clubes como Rosario Central, Newell\u2019s Old Boys, Laferrere y Atlanta.<\/p>\n<p>Las propuestas incluyeron<strong> talleres informativos, espacios de reflexi\u00f3n, an\u00e1lisis de casos de discriminaci\u00f3n, participaci\u00f3n l\u00fadica y elaboraci\u00f3n de producciones escritas y gr\u00e1ficas <\/strong>que abarcaron desde memes hasta relatos y pancartas.<\/p>\n<p><figure class=\"mb-3\"><img decoding=\"async\" src=\"https:\/\/www.telam.com.ar\/thumbs\/bluesteel\/advf\/imagenes\/2023\/11\/6560e2b21f50c_1200.jpg\" class=\" lazy \" width=\"100%\" height=\"100%\" alt=\"Foto Prensa\"\/><figcaption> Foto: Prensa. <\/figcaption><\/figure>\n<p>Los j\u00f3venes y adolescentes trabajaron con casos de racismo en el f\u00fatbol, como el padecido por el delantero hispano-ghan\u00e9s de Athletic Bilbao, I\u00f1aki Williams, en el estadio de Espanyol durante 2020, o el m\u00e1s reciente del brasile\u00f1o de Real Madrid, Vinicius J\u00fanior, en el campo de Valencia, ambos de la liga espa\u00f1ola.<\/p>\n<p>Sin embargo, no hay que irse tan lejos para encontrarse con el racismo y la discriminaci\u00f3n en el f\u00fatbol. <strong>En mayo de 2023, Conmebol mult\u00f3 por 100 mil d\u00f3lares a Racing Club debido a insultos racistas de los hinchas<\/strong> durante el encuentro con Flamengo de Brasil por Copa Libertadores.<\/p>\n<p><strong>La discriminaci\u00f3n no siempre parte desde las tribunas: <\/strong>en junio del corriente a\u00f1o, el defensor colombiano ex Lan\u00fas, <strong>Felipe Aguilar<\/strong>, denunci\u00f3 insultos racistas por parte del exjugador de Talleres de C\u00f3rdoba,<strong> Federico Girotti<\/strong>, durante un partido; en tanto que el mediocampista Arnaldo Gonz\u00e1lez realiz\u00f3 gestos antisemitas a la platea de Atlanta en 2020 cuando jugaba en Nueva Chicago, hecho por el que fue suspendido 10 fechas.<\/p>\n<p> Tambi\u00e9n se ocuparon de la <strong>discriminaci\u00f3n y la violencia contra las mujeres<\/strong> en el f\u00fatbol, analizando el rol de sus participantes y los obst\u00e1culos que deben atravesar para ganarse un lugar en el deporte.<\/p>\n<p>En este sentido, la directora ejecutiva de la ONG, <strong>Florencia Fisch<\/strong>, destac\u00f3: \u00abEn los \u00faltimos a\u00f1os hubo cambios, como la creaci\u00f3n de \u00e1reas de g\u00e9nero, diversidad y discapacidad, la profesionalizaci\u00f3n del f\u00fatbol femenino y la contrataci\u00f3n de la primera jugadora trans en un plantel profesional\u201d.<\/p>\n<p>\u201cPor lo tanto, es cada vez un \u00e1mbito m\u00e1s f\u00e9rtil para continuar estos cambios y construir nuevas reglas de juego\u201d, analiz\u00f3, y es ah\u00ed donde apunt\u00f3 el proyecto, cuya intervenci\u00f3n directa en clubes e instituciones escolares abri\u00f3 un espacio de visibilizaci\u00f3n para j\u00f3venes y adolescentes que viven la discriminaci\u00f3n a diario, quienes tambi\u00e9n pudieron expresarse durante la conferencia de presentaci\u00f3n, celebrada en la Sociedad Hebraica Argentina.<\/p>\n<blockquote class=\"\"><p>\u00abEn los \u00faltimos a\u00f1os hubo cambios, como la creaci\u00f3n de \u00e1reas de g\u00e9nero, diversidad y discapacidad, la profesionalizaci\u00f3n del f\u00fatbol femenino y la contrataci\u00f3n de la primera jugadora trans en un plantel profesional\u201d<cite class=\"author\">Florencia Fisch<\/cite><\/p><\/blockquote>\n<p> En ese marco, la ONG mostr\u00f3 un spot animado que expone los diferentes trabajos realizados durante los talleres.<\/p>\n<p>En los talleres tambi\u00e9n particip\u00f3 la escuela de f\u00fatbol para ni\u00f1os, j\u00f3venes y adultos con discapacidad intelectual, Tirando Paredes, que estuvo representada en la conferencia por Taiel, poeta, estudiante de Periodismo y jugador del equipo, quien coment\u00f3 que \u201cel taller fue muy divertido y fortaleci\u00f3 los v\u00ednculos, y que todos tenemos la capacidad de hacer un f\u00fatbol m\u00e1s inclusivo\u201d.<\/p>\n<p>Por su parte, la representante de la secci\u00f3n Pol\u00edtica, Prensa y Cultura de la embajada del Reino de los Pa\u00edses Bajos,<strong> Emma Cesari<\/strong>, agreg\u00f3 que \u201cla comunicaci\u00f3n es clave para difundir y multiplicar nuestros objetivos de libertad de expresi\u00f3n, buena convivencia e igualdad de oportunidades\u201d y que \u201ctodos somos agentes multiplicadores de este mensaje positivo\u201d.<\/p>\n<blockquote class=\"\"><p>\u00abPara poder matar a alguien, lo tengo que deshumanizar primero. Ese es el mecanismo, por eso se pueden matar a 6 millones de jud\u00edos, a 30 mil personas en Argentina entendi\u00e9ndolas como terroristas, a personas afro, a comunidades ind\u00edgenas o a mujeres\u00bb<cite class=\"author\">Ariel Dorfman<\/cite><\/p><\/blockquote>\n<p> \u00abComo presidente de la fundaci\u00f3n -cont\u00f3 Dorfman- creo que <strong>est\u00e1n profundiz\u00e1ndose mucho los discursos de odio a nivel global y particularmente en los \u00faltimos tiempos en Argentina<\/strong>. Me parece que tenemos que estar muy atentos a que ninguna persona con responsabilidad deshumanice de ninguna manera a nadie\u00bb.<\/p>\n<p>\u00abPara poder matar a alguien, lo tengo que deshumanizar primero. Ese es el mecanismo, por eso se pueden matar a 6 millones de jud\u00edos, a 30 mil personas en Argentina entendi\u00e9ndolas como terroristas, a personas afro, a comunidades ind\u00edgenas o a mujeres. La gran resistencia que tenemos todos como sociedad es no habilitar ni un discurso deshumanizante\u00bb, concluy\u00f3.<\/p>\n<\/p><\/div>\n<p><script async defer crossorigin=\"anonymous\" src=\"https:\/\/connect.facebook.net\/es_LA\/sdk.js#xfbml=1&#038;version=v12.0\" nonce=\"SBlHQzIF\"><\/script><br \/><a href=\"https:\/\/www.telam.com.ar\/notas\/202311\/647671-futbol-sin-violencia-genero-escuela-hinchas.html\">source<\/a><\/p>\n","protected":false},"excerpt":{"rendered":"<p>Foto: Prensa. En el marco del D\u00eda Internacional de la Eliminaci\u00f3n de la Violencia contra&#8230;<\/p>\n","protected":false},"author":3,"featured_media":11725,"comment_status":"closed","ping_status":"closed","sticky":false,"template":"","format":"standard","meta":{"footnotes":""},"categories":[21],"tags":[],"class_list":["post-11724","post","type-post","status-publish","format-standard","has-post-thumbnail","hentry","category-deportes"],"featured_image_urls":{"full":["https:\/\/fmamiga909.com.ar\/wp-content\/uploads\/2023\/11\/wp-header-logo-208.png",1200,675,false],"thumbnail":["https:\/\/fmamiga909.com.ar\/wp-content\/uploads\/2023\/11\/wp-header-logo-208-150x150.png",150,150,true],"medium":["https:\/\/fmamiga909.com.ar\/wp-content\/uploads\/2023\/11\/wp-header-logo-208-300x169.png",300,169,true],"medium_large":["https:\/\/fmamiga909.com.ar\/wp-content\/uploads\/2023\/11\/wp-header-logo-208.png",1200,675,false],"large":["https:\/\/fmamiga909.com.ar\/wp-content\/uploads\/2023\/11\/wp-header-logo-208-1024x576.png",640,360,true],"1536x1536":["https:\/\/fmamiga909.com.ar\/wp-content\/uploads\/2023\/11\/wp-header-logo-208.png",1200,675,false],"2048x2048":["https:\/\/fmamiga909.com.ar\/wp-content\/uploads\/2023\/11\/wp-header-logo-208.png",1200,675,false],"newsium-slider-full":["https:\/\/fmamiga909.com.ar\/wp-content\/uploads\/2023\/11\/wp-header-logo-208.png",1200,675,false],"newsium-featured":["https:\/\/fmamiga909.com.ar\/wp-content\/uploads\/2023\/11\/wp-header-logo-208-1024x576.png",1024,576,true],"newsium-medium":["https:\/\/fmamiga909.com.ar\/wp-content\/uploads\/2023\/11\/wp-header-logo-208-720x475.png",720,475,true]},"author_info":{"display_name":"Fredy Giuliano","author_link":"https:\/\/fmamiga909.com.ar\/?author=3"},"category_info":"<a href=\"https:\/\/fmamiga909.com.ar\/?cat=21\" rel=\"category\">Deportes<\/a>","tag_info":"Deportes","comment_count":"0","_links":{"self":[{"href":"https:\/\/fmamiga909.com.ar\/index.php?rest_route=\/wp\/v2\/posts\/11724","targetHints":{"allow":["GET"]}}],"collection":[{"href":"https:\/\/fmamiga909.com.ar\/index.php?rest_route=\/wp\/v2\/posts"}],"about":[{"href":"https:\/\/fmamiga909.com.ar\/index.php?rest_route=\/wp\/v2\/types\/post"}],"author":[{"embeddable":true,"href":"https:\/\/fmamiga909.com.ar\/index.php?rest_route=\/wp\/v2\/users\/3"}],"replies":[{"embeddable":true,"href":"https:\/\/fmamiga909.com.ar\/index.php?rest_route=%2Fwp%2Fv2%2Fcomments&post=11724"}],"version-history":[{"count":0,"href":"https:\/\/fmamiga909.com.ar\/index.php?rest_route=\/wp\/v2\/posts\/11724\/revisions"}],"wp:featuredmedia":[{"embeddable":true,"href":"https:\/\/fmamiga909.com.ar\/index.php?rest_route=\/wp\/v2\/media\/11725"}],"wp:attachment":[{"href":"https:\/\/fmamiga909.com.ar\/index.php?rest_route=%2Fwp%2Fv2%2Fmedia&parent=11724"}],"wp:term":[{"taxonomy":"category","embeddable":true,"href":"https:\/\/fmamiga909.com.ar\/index.php?rest_route=%2Fwp%2Fv2%2Fcategories&post=11724"},{"taxonomy":"post_tag","embeddable":true,"href":"https:\/\/fmamiga909.com.ar\/index.php?rest_route=%2Fwp%2Fv2%2Ftags&post=11724"}],"curies":[{"name":"wp","href":"https:\/\/api.w.org\/{rel}","templated":true}]}}