{"id":11740,"date":"2023-11-26T22:44:17","date_gmt":"2023-11-26T22:44:17","guid":{"rendered":"https:\/\/fmamiga909.com.ar\/?p=11740"},"modified":"2023-11-26T22:44:17","modified_gmt":"2023-11-26T22:44:17","slug":"boca-juega-ante-godoy-cruz-una-copa-de-la-liga-para-olvidar-rapido","status":"publish","type":"post","link":"https:\/\/fmamiga909.com.ar\/?p=11740","title":{"rendered":"Boca juega ante Godoy Cruz una Copa de la Liga para olvidar r\u00e1pido"},"content":{"rendered":"<div>\n<figure class=\"mb-3\"><img decoding=\"async\" src=\"https:\/\/www.telam.com.ar\/thumbs\/bluesteel\/advf\/imagenes\/2022\/04\/625fda62d3d5f_1200.jpg\" class=\" lazy \" width=\"100%\" height=\"100%\" alt=\"Foto Archivo\"\/><figcaption> Foto: Archivo. <\/figcaption><\/figure>\n<p><strong>Boca Juniors<\/strong>, que no fue protagonista jam\u00e1s en la Copa de la Liga, visitar\u00e1 este domingo a<strong> Godoy Cruz de Mendoza<\/strong>, l\u00edder de la Zona B y clasificado para los cuartos de final, en un partido de la fecha 14, la \u00faltima, que los \u00abXeneizes\u00bb asumir\u00e1n con la misi\u00f3n de ganar y mantener m\u00ednimas chances de estar en la Libertadores de 2024, aunque eso depender\u00e1 adem\u00e1s de otros resultados.<\/p>\n<p>El encuentro se jugar\u00e1 este domingo a partir de las 21.30 en el estadio Malvinas Argentinas de la capital cuyana, ser\u00e1 arbitrado por Nicol\u00e1s Ram\u00edrez, televisado por ESPN Premium; y habr\u00e1 hinchas \u00abneutrales\u00bb, con unos 18.000 espectadores que alentar\u00e1n a Boca, seg\u00fan la venta anticipada.<\/p>\n<blockquote class=\"twitter-tweet\">\n<p lang=\"es\" dir=\"ltr\">\u00a1Mendoza azul y oro! \ud83e\udd29<a href=\"https:\/\/twitter.com\/hashtag\/DaleBoca?src=hash&amp;ref_src=twsrc%5Etfw\">#DaleBoca<\/a> \ud83d\udd35\ud83d\udfe1\ud83d\udd35 <a href=\"https:\/\/t.co\/B5DIJ6EcRM\">pic.twitter.com\/B5DIJ6EcRM<\/a><\/p>\n<p>\u2014 Boca Juniors (@BocaJrsOficial) <a href=\"https:\/\/twitter.com\/BocaJrsOficial\/status\/1728535244561887415?ref_src=twsrc%5Etfw\">November 25, 2023<\/a><\/p><\/blockquote>\n<p> Boca tiene apenas 15 puntos en la Zona B, sin chances de avanzar a la etapa de los que pelear\u00e1n por el t\u00edtulo y en la tabla acumulada de toda la temporada sum\u00f3 59 unidades que le permiten ser uno de los clasificados para la Sudamericana del a\u00f1o pr\u00f3ximo, pero no para su real objetivo de cada a\u00f1o que es la Libertadores.<\/p>\n<p>El equipo dirigido ahora por <strong>Mariano Herr\u00f3n<\/strong> asumir\u00e1 el desaf\u00edo en Mendoza luego de sufrir otra decepci\u00f3n durante la semana, ya que el mi\u00e9rcoles \u00faltimo qued\u00f3 eliminado de la Copa Argentina luego de consumar una ca\u00edda ante Estudiantes de La Plata (3-2), en la semifinal jugada en C\u00f3rdoba.<\/p>\n<p>Sin margen de error, ya que la Copa Argentina otorgar\u00e1 al campe\u00f3n un cupo en la pr\u00f3xima Libertadores y eso podr\u00eda favorecerlo, Boca buscar\u00e1 en Mendoza una victoria que lo deje aunque sea con chances remotas.<\/p>\n<p>En cuanto al equipo, la intenci\u00f3n de Herr\u00f3n es repetir la formaci\u00f3n que perdi\u00f3 con Estudiantes, en un partido que le qued\u00f3 incomodo por la prematura expulsi\u00f3n del lateral uruguayo Marcelo Saracchi cuando apenas se hab\u00edan jugado 14 minutos de la primera etapa.<\/p>\n<blockquote class=\"twitter-tweet\">\n<p lang=\"es\" dir=\"ltr\">\u00bfNosotros? Regios, esperando el domingo \ud83d\ude0e <a href=\"https:\/\/t.co\/qGSl9Jx0Sn\">pic.twitter.com\/qGSl9Jx0Sn<\/a><\/p>\n<p>\u2014 Club Godoy Cruz (@ClubGodoyCruz) <a href=\"https:\/\/twitter.com\/ClubGodoyCruz\/status\/1728098524296847454?ref_src=twsrc%5Etfw\">November 24, 2023<\/a><\/p><\/blockquote>\n<p> No obstante, Herr\u00f3n podr\u00eda incluir a Cristian Medina por Ezequiel Bullaude y a Luca Langoni por Lucas Janson, en el que ser\u00e1 el \u00faltimo partido del a\u00f1o para los \u00abXeneizes\u00bb, sin competencia oficial hasta 2024.<\/p>\n<p>Para Boca, quedar afuera de la Libertadores causar\u00e1 un perjuicio muy grande en lo econ\u00f3mico y tambi\u00e9n en el aspecto deportivo, en un hecho que no pasar\u00e1 desapercibido en las elecciones que efectuar\u00e1 el club para renovar sus autoridades el 3 de diciembre pr\u00f3ximo en el mism\u00edsimo campo de juego de \u00abLa Bombonera\u00bb.<\/p>\n<p>En ese sentido, Riquelme de un lado propone la continuidad, pero la oposici\u00f3n, encabezada por Ibarra pero con Mauricio Macri como hombre fuerte, quiere asumir la conducci\u00f3n del club con la promesa de recuperar el protagonismo a nivel internacional que se perdi\u00f3 en los \u00faltimos a\u00f1os.<\/p>\n<p>Su rival, Godoy Cruz, uno de los mejores equipos del segundo semestre del a\u00f1o, jugar\u00e1 con la premisa de asegurarse el primer puesto para en los mano a mano de cuartos de final enfrentarse con el ubicado cuarto de la Zona A y adem\u00e1s disponer de ventaja deportiva.<\/p>\n<p>Adem\u00e1s, en el caso de ganar, el equipo mendocino se asegurar\u00e1 un lugar en la Copa Libertadores del a\u00f1o pr\u00f3ximo sin depender de otros resultados.<\/p>\n<p>Respecto de la formaci\u00f3n, el DT Daniel Oldr\u00e1 madura la posibilidad de incluir en la ofensiva al cordob\u00e9s Tadeo Allende en lugar del uruguayo Salom\u00f3n Rodr\u00edguez, mientras que en la defensa es un hecho el regreso de Thomas Galdames al lateral izquierdo (en reemplazo de Manuel Guill\u00e9n) que se reincorpor\u00f3 luego de haber estado con el seleccionado de Chile en la doble fecha de Eliminatorias Sudamericanas.<\/p>\n<p>El historial entre ambos es de 23 partidos y favorece a Boca, que gan\u00f3 12 veces contra 4 de el \u00abTomba\u00bb, mientras que empataron en 7 ocasiones.<\/p>\n<p><iframe loading=\"lazy\" src=\"https:\/\/estdeportes.telam.com.ar\/html\/v3\/minapp\/modules\/futbol\/gamecast\/gamecast.html?channel=deportes.futbol.copalpf.643614&amp;lang=es_LA&amp;page=gamecast&amp;hidePagesMenu=true\" width=\"100%\" height=\"1150\" scrolling=\"auto\" style=\"width: 1px; min-width: 100%; *width: 100%;\" class=\"\"><\/iframe> <\/p>\n<\/div>\n<p><script async src=\"\/\/platform.twitter.com\/widgets.js\" charset=\"utf-8\"><\/script><script async defer crossorigin=\"anonymous\" src=\"https:\/\/connect.facebook.net\/es_LA\/sdk.js#xfbml=1&#038;version=v12.0\" nonce=\"SBlHQzIF\"><\/script><br \/><a href=\"https:\/\/www.telam.com.ar\/notas\/202311\/647761-boca-godoy-cruz-copa-de-la-liga.html\">source<\/a><\/p>\n","protected":false},"excerpt":{"rendered":"<p>Foto: Archivo. Boca Juniors, que no fue protagonista jam\u00e1s en la Copa de la Liga,&#8230;<\/p>\n","protected":false},"author":3,"featured_media":11741,"comment_status":"closed","ping_status":"closed","sticky":false,"template":"","format":"standard","meta":{"footnotes":""},"categories":[21],"tags":[],"class_list":["post-11740","post","type-post","status-publish","format-standard","has-post-thumbnail","hentry","category-deportes"],"featured_image_urls":{"full":["https:\/\/fmamiga909.com.ar\/wp-content\/uploads\/2023\/11\/wp-header-logo-216.png",1200,675,false],"thumbnail":["https:\/\/fmamiga909.com.ar\/wp-content\/uploads\/2023\/11\/wp-header-logo-216-150x150.png",150,150,true],"medium":["https:\/\/fmamiga909.com.ar\/wp-content\/uploads\/2023\/11\/wp-header-logo-216-300x169.png",300,169,true],"medium_large":["https:\/\/fmamiga909.com.ar\/wp-content\/uploads\/2023\/11\/wp-header-logo-216.png",1200,675,false],"large":["https:\/\/fmamiga909.com.ar\/wp-content\/uploads\/2023\/11\/wp-header-logo-216-1024x576.png",640,360,true],"1536x1536":["https:\/\/fmamiga909.com.ar\/wp-content\/uploads\/2023\/11\/wp-header-logo-216.png",1200,675,false],"2048x2048":["https:\/\/fmamiga909.com.ar\/wp-content\/uploads\/2023\/11\/wp-header-logo-216.png",1200,675,false],"newsium-slider-full":["https:\/\/fmamiga909.com.ar\/wp-content\/uploads\/2023\/11\/wp-header-logo-216.png",1200,675,false],"newsium-featured":["https:\/\/fmamiga909.com.ar\/wp-content\/uploads\/2023\/11\/wp-header-logo-216-1024x576.png",1024,576,true],"newsium-medium":["https:\/\/fmamiga909.com.ar\/wp-content\/uploads\/2023\/11\/wp-header-logo-216-720x475.png",720,475,true]},"author_info":{"display_name":"Fredy Giuliano","author_link":"https:\/\/fmamiga909.com.ar\/?author=3"},"category_info":"<a href=\"https:\/\/fmamiga909.com.ar\/?cat=21\" rel=\"category\">Deportes<\/a>","tag_info":"Deportes","comment_count":"0","_links":{"self":[{"href":"https:\/\/fmamiga909.com.ar\/index.php?rest_route=\/wp\/v2\/posts\/11740","targetHints":{"allow":["GET"]}}],"collection":[{"href":"https:\/\/fmamiga909.com.ar\/index.php?rest_route=\/wp\/v2\/posts"}],"about":[{"href":"https:\/\/fmamiga909.com.ar\/index.php?rest_route=\/wp\/v2\/types\/post"}],"author":[{"embeddable":true,"href":"https:\/\/fmamiga909.com.ar\/index.php?rest_route=\/wp\/v2\/users\/3"}],"replies":[{"embeddable":true,"href":"https:\/\/fmamiga909.com.ar\/index.php?rest_route=%2Fwp%2Fv2%2Fcomments&post=11740"}],"version-history":[{"count":0,"href":"https:\/\/fmamiga909.com.ar\/index.php?rest_route=\/wp\/v2\/posts\/11740\/revisions"}],"wp:featuredmedia":[{"embeddable":true,"href":"https:\/\/fmamiga909.com.ar\/index.php?rest_route=\/wp\/v2\/media\/11741"}],"wp:attachment":[{"href":"https:\/\/fmamiga909.com.ar\/index.php?rest_route=%2Fwp%2Fv2%2Fmedia&parent=11740"}],"wp:term":[{"taxonomy":"category","embeddable":true,"href":"https:\/\/fmamiga909.com.ar\/index.php?rest_route=%2Fwp%2Fv2%2Fcategories&post=11740"},{"taxonomy":"post_tag","embeddable":true,"href":"https:\/\/fmamiga909.com.ar\/index.php?rest_route=%2Fwp%2Fv2%2Ftags&post=11740"}],"curies":[{"name":"wp","href":"https:\/\/api.w.org\/{rel}","templated":true}]}}