{"id":11746,"date":"2023-11-27T07:03:54","date_gmt":"2023-11-27T07:03:54","guid":{"rendered":"https:\/\/fmamiga909.com.ar\/?p=11746"},"modified":"2023-11-27T07:03:54","modified_gmt":"2023-11-27T07:03:54","slug":"el-gobierno-de-santa-fe-garantizo-la-seguridad-para-que-colon-y-gimnasia-sea-con-publico","status":"publish","type":"post","link":"https:\/\/fmamiga909.com.ar\/?p=11746","title":{"rendered":"El Gobierno de Santa Fe garantiz\u00f3 la seguridad para que Col\u00f3n y Gimnasia sea con p\u00fablico"},"content":{"rendered":"<div>\n<figure class=\"mb-3\"><img decoding=\"async\" src=\"https:\/\/www.telam.com.ar\/thumbs\/bluesteel\/advf\/imagenes\/2023\/08\/64e9556d09f17_1200.jpg\" class=\" lazy \" width=\"100%\" height=\"100%\" alt=\"Foto Luis Cetraro\"\/><figcaption> Foto: Luis Cetraro. <\/figcaption><\/figure>\n<p> El Gobierno de Santa Fe se manifest\u00f3 este domingo en favor de que el partido que disputar\u00e1n este viernes a las 17.00 en la ciudad de Rosario, los equipos de <strong>Col\u00f3n<\/strong> y <strong>Gimnasia La Plata<\/strong>, en un desempate para definir el segundo descenso a la Primera Nacional, <strong>se juegue con p\u00fablico de ambas parcialidades<\/strong>.<\/p>\n<p>As\u00ed lo inform\u00f3 el ministro de Seguridad de la provincia, <strong>Claudio Brilloni<\/strong>, quien dijo: \u00abSe tiene que jugar con p\u00fablico, de las dos parcialidades, queremos que sea un espect\u00e1culo, es un evento importante, llevamos adelante eventos de alt\u00edsimo riesgo y no tuvimos ning\u00fan tipo de inconvenientes\u00bb, sostuvo.<\/p>\n<p><strong>\u00abEstamos en condiciones de organizarlos, tenemos las condiciones para que el partido se juegue en Rosario. Newell&#8217;s tiene un aforo de 41.000 hinchas. Hay que establecer los pulmones, las separaciones, el l\u00edmite en cuanto a las parcialidades. Pondremos todo de nuestra parte para que se juegue con hinchas\u00bb<\/strong>, complet\u00f3.<\/p>\n<p>Por su parte, la <strong>Asociaci\u00f3n del F\u00fatbol Argentino<\/strong> (AFA) confirm\u00f3 que el decisivo encuentro se jugar\u00e1 en el estadio Marcelo Bielsa del club Newell&#8217;s, con la asistencia de ambas hinchadas.<\/p>\n<blockquote class=\"twitter-tweet\">\n<p lang=\"es\" dir=\"ltr\">El partido desempate entre <a href=\"https:\/\/twitter.com\/ColonOficial?ref_src=twsrc%5Etfw\">@ColonOficial<\/a> y <a href=\"https:\/\/twitter.com\/gimnasiaoficial?ref_src=twsrc%5Etfw\">@gimnasiaoficial<\/a>, por la permanencia en la Primera Divisi\u00f3n, se jugar\u00e1 el pr\u00f3ximo viernes 1 de diciembre, en el estadio Marcelo Bielsa de Newell&#8217;s, en la ciudad de Rosario, a las 17.00 y con ambas parcialidades. <a href=\"https:\/\/t.co\/CF4Pf7LrqW\">pic.twitter.com\/CF4Pf7LrqW<\/a><\/p>\n<p>\u2014 Liga Profesional de F\u00fatbol (@LigaAFA) <a href=\"https:\/\/twitter.com\/LigaAFA\/status\/1728846973787316618?ref_src=twsrc%5Etfw\">November 26, 2023<\/a><\/p><\/blockquote>\n<p> \u00abPodemos adelantar que lo conversado con la AFA, con el presidente de Col\u00f3n (Jos\u00e9 Vignatti), que est\u00e1 todo encaminado para que se juegue el viernes a las 17 en cancha de Newell&#8217;s\u00bb, indic\u00f3 el funcionario en di\u00e1logo con radio Aire de Santa Fe.<\/p>\n<p>Adem\u00e1s, adelant\u00f3 que ma\u00f1ana lunes se realizar\u00e1 \u00abuna reuni\u00f3n con la Municipalidad de Rosario, con autoridades de Seguridad, y luego con los de AFA y los clubes. El operativo ser\u00e1 de riesgo moderado. Vamos a tener que trabajar mucho\u00bb, explic\u00f3 Brilloni al respecto.<\/p>\n<p>El ministro a\u00f1adi\u00f3 que \u00abhay otros actores que se tienen que sentar en este tipo de eventos, como es la Municipalidad de Rosario, que tiene que participar en organizaci\u00f3n y habilitaciones\u00bb.<\/p>\n<p>\u00abPor lo menos hasta ahora estamos de acuerdo en que se puede jugar ese d\u00eda y a esa hora. Pero <strong>hay cosas por definir<\/strong>, hay que catalogar el riesgo del partido, hay que analizar los matices de riesgo, como es el aforo\u00bb, agreg\u00f3.<\/p>\n<\/div>\n<p><script async src=\"\/\/platform.twitter.com\/widgets.js\" charset=\"utf-8\"><\/script><script async defer crossorigin=\"anonymous\" src=\"https:\/\/connect.facebook.net\/es_LA\/sdk.js#xfbml=1&#038;version=v12.0\" nonce=\"SBlHQzIF\"><\/script><br \/><a href=\"https:\/\/www.telam.com.ar\/notas\/202311\/647807-gobierno-santa-fe-seguridad-colon-gimnasia-con-publico.html\">source<\/a><\/p>\n","protected":false},"excerpt":{"rendered":"<p>Foto: Luis Cetraro. El Gobierno de Santa Fe se manifest\u00f3 este domingo en favor de&#8230;<\/p>\n","protected":false},"author":3,"featured_media":11747,"comment_status":"closed","ping_status":"closed","sticky":false,"template":"","format":"standard","meta":{"footnotes":""},"categories":[21],"tags":[],"class_list":["post-11746","post","type-post","status-publish","format-standard","has-post-thumbnail","hentry","category-deportes"],"featured_image_urls":{"full":["https:\/\/fmamiga909.com.ar\/wp-content\/uploads\/2023\/11\/wp-header-logo-219.png",1200,798,false],"thumbnail":["https:\/\/fmamiga909.com.ar\/wp-content\/uploads\/2023\/11\/wp-header-logo-219-150x150.png",150,150,true],"medium":["https:\/\/fmamiga909.com.ar\/wp-content\/uploads\/2023\/11\/wp-header-logo-219-300x200.png",300,200,true],"medium_large":["https:\/\/fmamiga909.com.ar\/wp-content\/uploads\/2023\/11\/wp-header-logo-219.png",1200,798,false],"large":["https:\/\/fmamiga909.com.ar\/wp-content\/uploads\/2023\/11\/wp-header-logo-219-1024x681.png",640,426,true],"1536x1536":["https:\/\/fmamiga909.com.ar\/wp-content\/uploads\/2023\/11\/wp-header-logo-219.png",1200,798,false],"2048x2048":["https:\/\/fmamiga909.com.ar\/wp-content\/uploads\/2023\/11\/wp-header-logo-219.png",1200,798,false],"newsium-slider-full":["https:\/\/fmamiga909.com.ar\/wp-content\/uploads\/2023\/11\/wp-header-logo-219.png",1200,798,false],"newsium-featured":["https:\/\/fmamiga909.com.ar\/wp-content\/uploads\/2023\/11\/wp-header-logo-219-1024x681.png",1024,681,true],"newsium-medium":["https:\/\/fmamiga909.com.ar\/wp-content\/uploads\/2023\/11\/wp-header-logo-219-720x475.png",720,475,true]},"author_info":{"display_name":"Fredy Giuliano","author_link":"https:\/\/fmamiga909.com.ar\/?author=3"},"category_info":"<a href=\"https:\/\/fmamiga909.com.ar\/?cat=21\" rel=\"category\">Deportes<\/a>","tag_info":"Deportes","comment_count":"0","_links":{"self":[{"href":"https:\/\/fmamiga909.com.ar\/index.php?rest_route=\/wp\/v2\/posts\/11746","targetHints":{"allow":["GET"]}}],"collection":[{"href":"https:\/\/fmamiga909.com.ar\/index.php?rest_route=\/wp\/v2\/posts"}],"about":[{"href":"https:\/\/fmamiga909.com.ar\/index.php?rest_route=\/wp\/v2\/types\/post"}],"author":[{"embeddable":true,"href":"https:\/\/fmamiga909.com.ar\/index.php?rest_route=\/wp\/v2\/users\/3"}],"replies":[{"embeddable":true,"href":"https:\/\/fmamiga909.com.ar\/index.php?rest_route=%2Fwp%2Fv2%2Fcomments&post=11746"}],"version-history":[{"count":0,"href":"https:\/\/fmamiga909.com.ar\/index.php?rest_route=\/wp\/v2\/posts\/11746\/revisions"}],"wp:featuredmedia":[{"embeddable":true,"href":"https:\/\/fmamiga909.com.ar\/index.php?rest_route=\/wp\/v2\/media\/11747"}],"wp:attachment":[{"href":"https:\/\/fmamiga909.com.ar\/index.php?rest_route=%2Fwp%2Fv2%2Fmedia&parent=11746"}],"wp:term":[{"taxonomy":"category","embeddable":true,"href":"https:\/\/fmamiga909.com.ar\/index.php?rest_route=%2Fwp%2Fv2%2Fcategories&post=11746"},{"taxonomy":"post_tag","embeddable":true,"href":"https:\/\/fmamiga909.com.ar\/index.php?rest_route=%2Fwp%2Fv2%2Ftags&post=11746"}],"curies":[{"name":"wp","href":"https:\/\/api.w.org\/{rel}","templated":true}]}}