{"id":11778,"date":"2023-11-28T13:57:58","date_gmt":"2023-11-28T13:57:58","guid":{"rendered":"https:\/\/fmamiga909.com.ar\/?p=11778"},"modified":"2023-11-28T13:57:58","modified_gmt":"2023-11-28T13:57:58","slug":"juan-roman-riquelme-cierra-su-campana-presidencial-en-el-boca-predio-de-ezeiza","status":"publish","type":"post","link":"https:\/\/fmamiga909.com.ar\/?p=11778","title":{"rendered":"Juan Roman Riquelme cierra su campa\u00f1a presidencial en el Boca Predio de Ezeiza"},"content":{"rendered":"<div>\n<figure class=\"mb-3\"><img decoding=\"async\" src=\"https:\/\/www.telam.com.ar\/thumbs\/bluesteel\/advf\/imagenes\/2023\/11\/65536b7a2eded_1200.jpg\" class=\" lazy \" width=\"100%\" height=\"100%\" alt=\"Riquelme confa en un amplio triunfo en las elecciones de Boca Foto Cris Sille\"\/><figcaption> Riquelme conf\u00eda en un amplio triunfo en las elecciones de Boca. (Foto: Cris Sille) <\/figcaption><\/figure>\n<p> El \u00eddolo y vicepresidente segundo de Boca Juniors, <strong>Juan Roman Riquelme<\/strong>, har\u00e1 el cierre de su campa\u00f1a para las elecciones del club, el pr\u00f3ximo mi\u00e9rcoles a las 20 en Boca Predio.<\/p>\n<p>El dirigente encabeza la lista oficial con el actual titular de la entidad, Jorge Amor Ameal, como vice, para el escrutinio que se realizar\u00e1 <strong>el 3 de diciembre en la Bombonera de 9 a 18 horas.<\/strong><\/p>\n<p>El mi\u00e9rcoles en Ezeiza har\u00e1 el cierre de su campa\u00f1a con la agrupaci\u00f3n \u00abSoy Bostero\u00bb, donde podr\u00e1n asistir los socios y simpatizantes.<\/p>\n<p>Del otro lado, <strong>por la lista opositora se presentar\u00e1n Andr\u00e9s Ibarra, como candidato principal, y Mauricio Macri<\/strong>, como su ladero y vicepresidente.<\/p>\n<p><strong>En las elecciones xeneizes est\u00e1n habilitados para sufragar 98 mil socio\/as, entre activos y vitalicios.<\/strong><\/p>\n<p>Se calcula que entre 50 y 60 mil personas podr\u00e1n elegir qui\u00e9n conducir\u00e1 los destinos del club en los pr\u00f3ximos 4 a\u00f1os.<\/p>\n<blockquote class=\"instagram-media\" data-instgrm-captioned=\"\" data-instgrm-permalink=\"https:\/\/www.instagram.com\/p\/C0Fo-F2x_mG\/?utm_source=ig_embed&amp;utm_campaign=loading\" data-instgrm-version=\"14\" style=\" background:#FFF; border:0; border-radius:3px; box-shadow:0 0 1px 0 rgba(0,0,0,0.5),0 1px 10px 0 rgba(0,0,0,0.15); margin: 1px; max-width:540px; min-width:326px; padding:0; width:99.375%; width:-webkit-calc(100% - 2px); width:calc(100% - 2px);\"\/><\/div>\n<p><script async defer crossorigin=\"anonymous\" src=\"https:\/\/connect.facebook.net\/es_LA\/sdk.js#xfbml=1&#038;version=v12.0\" nonce=\"SBlHQzIF\"><\/script><br \/><a href=\"https:\/\/www.telam.com.ar\/notas\/202311\/647805-elecciones-boca-riquelme-ibarra-macri.html\">source<\/a><\/p>\n","protected":false},"excerpt":{"rendered":"<p>Riquelme conf\u00eda en un amplio triunfo en las elecciones de Boca. (Foto: Cris Sille) El&#8230;<\/p>\n","protected":false},"author":3,"featured_media":11779,"comment_status":"closed","ping_status":"closed","sticky":false,"template":"","format":"standard","meta":{"footnotes":""},"categories":[21],"tags":[],"class_list":["post-11778","post","type-post","status-publish","format-standard","has-post-thumbnail","hentry","category-deportes"],"featured_image_urls":{"full":["https:\/\/fmamiga909.com.ar\/wp-content\/uploads\/2023\/11\/wp-header-logo-230.png",1200,675,false],"thumbnail":["https:\/\/fmamiga909.com.ar\/wp-content\/uploads\/2023\/11\/wp-header-logo-230-150x150.png",150,150,true],"medium":["https:\/\/fmamiga909.com.ar\/wp-content\/uploads\/2023\/11\/wp-header-logo-230-300x169.png",300,169,true],"medium_large":["https:\/\/fmamiga909.com.ar\/wp-content\/uploads\/2023\/11\/wp-header-logo-230.png",1200,675,false],"large":["https:\/\/fmamiga909.com.ar\/wp-content\/uploads\/2023\/11\/wp-header-logo-230-1024x576.png",640,360,true],"1536x1536":["https:\/\/fmamiga909.com.ar\/wp-content\/uploads\/2023\/11\/wp-header-logo-230.png",1200,675,false],"2048x2048":["https:\/\/fmamiga909.com.ar\/wp-content\/uploads\/2023\/11\/wp-header-logo-230.png",1200,675,false],"newsium-slider-full":["https:\/\/fmamiga909.com.ar\/wp-content\/uploads\/2023\/11\/wp-header-logo-230.png",1200,675,false],"newsium-featured":["https:\/\/fmamiga909.com.ar\/wp-content\/uploads\/2023\/11\/wp-header-logo-230-1024x576.png",1024,576,true],"newsium-medium":["https:\/\/fmamiga909.com.ar\/wp-content\/uploads\/2023\/11\/wp-header-logo-230-720x475.png",720,475,true]},"author_info":{"display_name":"Fredy Giuliano","author_link":"https:\/\/fmamiga909.com.ar\/?author=3"},"category_info":"<a href=\"https:\/\/fmamiga909.com.ar\/?cat=21\" rel=\"category\">Deportes<\/a>","tag_info":"Deportes","comment_count":"0","_links":{"self":[{"href":"https:\/\/fmamiga909.com.ar\/index.php?rest_route=\/wp\/v2\/posts\/11778","targetHints":{"allow":["GET"]}}],"collection":[{"href":"https:\/\/fmamiga909.com.ar\/index.php?rest_route=\/wp\/v2\/posts"}],"about":[{"href":"https:\/\/fmamiga909.com.ar\/index.php?rest_route=\/wp\/v2\/types\/post"}],"author":[{"embeddable":true,"href":"https:\/\/fmamiga909.com.ar\/index.php?rest_route=\/wp\/v2\/users\/3"}],"replies":[{"embeddable":true,"href":"https:\/\/fmamiga909.com.ar\/index.php?rest_route=%2Fwp%2Fv2%2Fcomments&post=11778"}],"version-history":[{"count":0,"href":"https:\/\/fmamiga909.com.ar\/index.php?rest_route=\/wp\/v2\/posts\/11778\/revisions"}],"wp:featuredmedia":[{"embeddable":true,"href":"https:\/\/fmamiga909.com.ar\/index.php?rest_route=\/wp\/v2\/media\/11779"}],"wp:attachment":[{"href":"https:\/\/fmamiga909.com.ar\/index.php?rest_route=%2Fwp%2Fv2%2Fmedia&parent=11778"}],"wp:term":[{"taxonomy":"category","embeddable":true,"href":"https:\/\/fmamiga909.com.ar\/index.php?rest_route=%2Fwp%2Fv2%2Fcategories&post=11778"},{"taxonomy":"post_tag","embeddable":true,"href":"https:\/\/fmamiga909.com.ar\/index.php?rest_route=%2Fwp%2Fv2%2Ftags&post=11778"}],"curies":[{"name":"wp","href":"https:\/\/api.w.org\/{rel}","templated":true}]}}