{"id":11950,"date":"2023-12-07T13:38:13","date_gmt":"2023-12-07T13:38:13","guid":{"rendered":"https:\/\/fmamiga909.com.ar\/?p=11950"},"modified":"2023-12-07T13:38:13","modified_gmt":"2023-12-07T13:38:13","slug":"estudiantes-y-defensa-y-justicia-una-final-con-dia-y-sede-confirmada","status":"publish","type":"post","link":"https:\/\/fmamiga909.com.ar\/?p=11950","title":{"rendered":"Estudiantes y Defensa y Justicia, una final con d\u00eda y sede confirmada"},"content":{"rendered":"<div>\n<figure class=\"mb-3\"><img decoding=\"async\" src=\"https:\/\/www.telam.com.ar\/thumbs\/bluesteel\/advf\/imagenes\/2023\/12\/6570bb6d98366_1200.jpg\" class=\" lazy \" width=\"100%\" height=\"100%\" alt=\"Foto Archivo\"\/><figcaption> Foto: Archivo. <\/figcaption><\/figure>\n<p> El <strong>estadio Ciudad de Lan\u00fas<\/strong> ser\u00e1 el escenario de la <strong>final de la Copa Argentina entre Estudiantes de La Plata y Defensa y Justicia<\/strong>, que se jugar\u00e1 el <strong>mi\u00e9rcoles 13 de diciembre a las 21.10.<\/strong>\u00a0Solo resta la confirmaci\u00f3n oficial pero los clubes ya fueron notificados y a pesar del recambio de autoridades en la Provincia de Buenos Aires la Aprevide dio la autorizaci\u00f3n.<\/p>\n<p>El escenario cuenta con una capacidad de 47.090 espectadores y en las pr\u00f3ximas horas se informar\u00e1 el modo de la venta de entradas y la cantidad que tendr\u00e1 cada instituci\u00f3n, mientras que ya se supo que el p\u00fablico de Estudiantes ocupar\u00e1 la tribuna local e ingresar\u00e1 por la calle Madariaga.<\/p>\n<p>Desde el organismo de seguridad deportiva, que encabeza <strong>Eduardo Aparicio<\/strong>, se destac\u00f3 la predisposici\u00f3n del intendente electo, <strong>Juli\u00e1n \u00c1lvarez<\/strong>, para que la final del torneo m\u00e1s federal del pa\u00eds se juegue en el N\u00e9stor D\u00edaz P\u00e9rez.<\/p>\n<blockquote class=\"twitter-tweet\">\n<p lang=\"es\" dir=\"ltr\">Dos equipos que buscar\u00e1n su primera consagraci\u00f3n en <a href=\"https:\/\/twitter.com\/hashtag\/NuestraCopa?src=hash&amp;ref_src=twsrc%5Etfw\">#NuestraCopa<\/a> \ud83d\ude4c<a href=\"https:\/\/twitter.com\/EdelpOficial?ref_src=twsrc%5Etfw\">@EdelpOficial<\/a> y <a href=\"https:\/\/twitter.com\/ClubDefensayJus?ref_src=twsrc%5Etfw\">@ClubDefensayJus<\/a>, en una pulseada por el trofeo m\u00e1s deseado \ud83d\udcaa<a href=\"https:\/\/twitter.com\/hashtag\/CopaArgentinaAXIONenergy?src=hash&amp;ref_src=twsrc%5Etfw\">#CopaArgentinaAXIONenergy<\/a> \ud83c\udfc6\ud83c\udde6\ud83c\uddf7 <a href=\"https:\/\/t.co\/HhTwLESqVW\">pic.twitter.com\/HhTwLESqVW<\/a><\/p>\n<p>\u2014 Copa Argentina AXION energy (@Copa_Argentina) <a href=\"https:\/\/twitter.com\/Copa_Argentina\/status\/1728076348164292800?ref_src=twsrc%5Etfw\">November 24, 2023<\/a><\/p><\/blockquote>\n<p> El conjunto de Florencio Varela, que dirige <strong>Julio Vaccari<\/strong>, lleg\u00f3 a la final producto de tres victorias y dos empates, donde luego se impuso en la definici\u00f3n por penales.<\/p>\n<p>Venci\u00f3 a Ituzaing\u00f3 3 a 2, a Centro Espa\u00f1ol 1 a 0, igual\u00f3 con Estudiantes de R\u00edo Cuarto sin goles, con Chaco For Ever 1 a 1 y le gan\u00f3 a San Lorenzo 1 a 0.<\/p>\n<p>Estudiantes, por su parte, gan\u00f3 4 partidos e igual\u00f3 1 a 1 con Independiente, al que elimin\u00f3 por la v\u00eda de los penales. Los de <strong>Eduardo Dom\u00ednguez<\/strong> superaron 3 a 0 a Independiente de Chivilcoy (partido que dirigi\u00f3 Abel Balbo), a All Boys 1 a 0, a Hurac\u00e1n 2 a 0 y a Boca 3 a 2.<\/p>\n<p>Ambos equipos jugar\u00e1n por primera vez la final de la Copa Argentina y el ganador se llevar\u00e1 un premio de 29 millones de pesos, adem\u00e1s de la clasificaci\u00f3n a la Copa Libertadores de Am\u00e9rica.\u00a0El \u00e1rbitro del partido ser\u00e1 Nicol\u00e1s Ram\u00edrez.<\/p>\n<div class=\"jumbotron pt-4 mt-3\">\n<h3 class=\"module-title\">Se recupera Ascac\u00edbar y el DT Dom\u00ednguez tiene el plantel completo<\/h3>\n<p>El plantel de Estudiantes de La Plata volvi\u00f3 a trabajar esta ma\u00f1ana de cara a la final de la Copa Argentina, y el entrenador Eduardo Dom\u00ednguez recupera jugadores para el choque ante Defensa y Justicia, que representar\u00e1 el \u00faltimo partido del a\u00f1o.<\/p>\n<p><strong>El DT podr\u00e1 contar con casi todo el plantel<\/strong>, ya que esta semana se sum\u00f3 a trabajar a la par del grupo <strong>Santiago Ascac\u00edbar<\/strong>, luego de dejar atr\u00e1s la ruptura parcial del ligamento lateral externo de la rodilla derecha y si bien es prematuro pensar en un 11 titular seguramente ser\u00e1 parte de la convocatoria.<\/p>\n<p>Por su parte, <strong>Federico Fern\u00e1ndez<\/strong> sum\u00f3 pocos minutos en los \u00faltimos dos partidos y <strong>Luciano Lollo<\/strong>, operado de pubalgia, estuvo en el banco de suplentes ante Lan\u00fas, al tiempo que <strong>Guido Carrillo<\/strong>, que no fue parte ante el \u00abgranate\u00bb ya est\u00e1 restablecido del traumatismo que sufri\u00f3 con Boca Juniors en la zona costal y estar\u00e1 a disposici\u00f3n.<\/p>\n<p>Tambi\u00e9n se entrena con normalidad el chileno <strong>Javier Altamirano<\/strong>, luego de una larga recuperaci\u00f3n de una lesi\u00f3n muscular.<\/p>\n<p>Este partido marcar\u00e1 <strong>el final de las carreras de Mariano And\u00fajar<\/strong> (solo analiza alguna oferta del exterior) y de <strong>Mauro Boselli<\/strong>, mientras que tambi\u00e9n podr\u00eda marcar la \u00faltima vez con la camiseta de Estudiantes de <strong>Leonardo Godoy<\/strong> y de <strong>Benjam\u00edn Rollheiser<\/strong>, quienes tienen chances de emigrar en este mercado de pases, aunque no habr\u00e1 definiciones hasta despu\u00e9s de la final de la Copa Argentina.<\/p>\n<\/p><\/div>\n<p><iframe loading=\"lazy\" src=\"https:\/\/estdeportes.telam.com.ar\/html\/v3\/minapp\/modules\/futbol\/preview\/preview.html?channel=deportes.futbol.copaargentina.643419.preview&amp;lang=es_LA\" width=\"100%\" height=\"1025\" scrolling=\"auto\" style=\"width: 1px; min-width: 100%; *width: 100%;\" class=\"\"><\/iframe> <\/p>\n<\/div>\n<p><script async src=\"\/\/platform.twitter.com\/widgets.js\" charset=\"utf-8\"><\/script><script async defer crossorigin=\"anonymous\" src=\"https:\/\/connect.facebook.net\/es_LA\/sdk.js#xfbml=1&#038;version=v12.0\" nonce=\"SBlHQzIF\"><\/script><br \/><a href=\"https:\/\/www.telam.com.ar\/notas\/202312\/648747-final-copa-argentina-estudiantes-defensa-justicia-estadio-lanus.html\">source<\/a><\/p>\n","protected":false},"excerpt":{"rendered":"<p>Foto: Archivo. El estadio Ciudad de Lan\u00fas ser\u00e1 el escenario de la final de la&#8230;<\/p>\n","protected":false},"author":3,"featured_media":11951,"comment_status":"closed","ping_status":"closed","sticky":false,"template":"","format":"standard","meta":{"footnotes":""},"categories":[21],"tags":[],"class_list":["post-11950","post","type-post","status-publish","format-standard","has-post-thumbnail","hentry","category-deportes"],"featured_image_urls":{"full":["https:\/\/fmamiga909.com.ar\/wp-content\/uploads\/2023\/12\/wp-header-logo-50.png",1200,675,false],"thumbnail":["https:\/\/fmamiga909.com.ar\/wp-content\/uploads\/2023\/12\/wp-header-logo-50-150x150.png",150,150,true],"medium":["https:\/\/fmamiga909.com.ar\/wp-content\/uploads\/2023\/12\/wp-header-logo-50-300x169.png",300,169,true],"medium_large":["https:\/\/fmamiga909.com.ar\/wp-content\/uploads\/2023\/12\/wp-header-logo-50.png",1200,675,false],"large":["https:\/\/fmamiga909.com.ar\/wp-content\/uploads\/2023\/12\/wp-header-logo-50-1024x576.png",640,360,true],"1536x1536":["https:\/\/fmamiga909.com.ar\/wp-content\/uploads\/2023\/12\/wp-header-logo-50.png",1200,675,false],"2048x2048":["https:\/\/fmamiga909.com.ar\/wp-content\/uploads\/2023\/12\/wp-header-logo-50.png",1200,675,false],"newsium-slider-full":["https:\/\/fmamiga909.com.ar\/wp-content\/uploads\/2023\/12\/wp-header-logo-50.png",1200,675,false],"newsium-featured":["https:\/\/fmamiga909.com.ar\/wp-content\/uploads\/2023\/12\/wp-header-logo-50-1024x576.png",1024,576,true],"newsium-medium":["https:\/\/fmamiga909.com.ar\/wp-content\/uploads\/2023\/12\/wp-header-logo-50-720x475.png",720,475,true]},"author_info":{"display_name":"Fredy Giuliano","author_link":"https:\/\/fmamiga909.com.ar\/?author=3"},"category_info":"<a href=\"https:\/\/fmamiga909.com.ar\/?cat=21\" rel=\"category\">Deportes<\/a>","tag_info":"Deportes","comment_count":"0","_links":{"self":[{"href":"https:\/\/fmamiga909.com.ar\/index.php?rest_route=\/wp\/v2\/posts\/11950","targetHints":{"allow":["GET"]}}],"collection":[{"href":"https:\/\/fmamiga909.com.ar\/index.php?rest_route=\/wp\/v2\/posts"}],"about":[{"href":"https:\/\/fmamiga909.com.ar\/index.php?rest_route=\/wp\/v2\/types\/post"}],"author":[{"embeddable":true,"href":"https:\/\/fmamiga909.com.ar\/index.php?rest_route=\/wp\/v2\/users\/3"}],"replies":[{"embeddable":true,"href":"https:\/\/fmamiga909.com.ar\/index.php?rest_route=%2Fwp%2Fv2%2Fcomments&post=11950"}],"version-history":[{"count":0,"href":"https:\/\/fmamiga909.com.ar\/index.php?rest_route=\/wp\/v2\/posts\/11950\/revisions"}],"wp:featuredmedia":[{"embeddable":true,"href":"https:\/\/fmamiga909.com.ar\/index.php?rest_route=\/wp\/v2\/media\/11951"}],"wp:attachment":[{"href":"https:\/\/fmamiga909.com.ar\/index.php?rest_route=%2Fwp%2Fv2%2Fmedia&parent=11950"}],"wp:term":[{"taxonomy":"category","embeddable":true,"href":"https:\/\/fmamiga909.com.ar\/index.php?rest_route=%2Fwp%2Fv2%2Fcategories&post=11950"},{"taxonomy":"post_tag","embeddable":true,"href":"https:\/\/fmamiga909.com.ar\/index.php?rest_route=%2Fwp%2Fv2%2Ftags&post=11950"}],"curies":[{"name":"wp","href":"https:\/\/api.w.org\/{rel}","templated":true}]}}