{"id":11971,"date":"2023-12-08T13:53:57","date_gmt":"2023-12-08T13:53:57","guid":{"rendered":"https:\/\/fmamiga909.com.ar\/?p=11971"},"modified":"2023-12-08T13:53:57","modified_gmt":"2023-12-08T13:53:57","slug":"lautaro-martinez-renovara-su-contrato-con-inter-hasta-2028","status":"publish","type":"post","link":"https:\/\/fmamiga909.com.ar\/?p=11971","title":{"rendered":"Lautaro Mart\u00ednez renovar\u00e1 su contrato con Inter hasta 2028"},"content":{"rendered":"<div>\n<figure class=\"mb-3\"><img decoding=\"async\" src=\"https:\/\/www.telam.com.ar\/thumbs\/bluesteel\/advf\/imagenes\/2023\/10\/652a7dfbcddb8_1200.jpg\" class=\" lazy \" width=\"100%\" height=\"100%\" alt=\"Foto XInter_es\"\/><figcaption> Foto: X@Inter_es. <\/figcaption><\/figure>\n<p><strong>El delantero argentino<\/strong> Lautaro Mart\u00ednez, <strong>goleador<\/strong><strong>y capit\u00e1n de Inter<\/strong>, de Italia, <strong>confirm\u00f3 <\/strong>este jueves <strong>que s\u00f3lo restan \u00abdetalles\u00bb para firmar la renovaci\u00f3n de contrato hasta 2028.<\/strong><\/p>\n<p>\u00abS\u00f3lo faltan un par de detalles. Tengo muchas ganas de renovar, me siento bien, mi familia tambi\u00e9n y la gente me quiere. Ya falta poco (para la firma) no habr\u00e1 problemas. Yo estoy tranquilo\u00bb, expres\u00f3 el \u00abToro\u00bb en una entrevista con el medio SportMediaSet.<\/p>\n<p>El bahiense <strong>lleg\u00f3 al \u00abneroazzurro\u00bb desde Racing Club en julio de 2018<\/strong> y en caso de completar el nuevo contrato cumplir\u00eda diez temporadas seguidas en el club de Mil\u00e1n.<\/p>\n<blockquote class=\"twitter-tweet\">\n<p lang=\"it\" dir=\"ltr\">Lautaro: \u00abRinnovo? Firmo anche domani! Mi aspettavo una Inter cos\u00ec\u00bb <a href=\"https:\/\/twitter.com\/hashtag\/Lautaro?src=hash&amp;ref_src=twsrc%5Etfw\">#Lautaro<\/a><a href=\"https:\/\/twitter.com\/hashtag\/LautaroMartinez?src=hash&amp;ref_src=twsrc%5Etfw\">#LautaroMartinez<\/a><a href=\"https:\/\/twitter.com\/hashtag\/Inter?src=hash&amp;ref_src=twsrc%5Etfw\">#Inter<\/a><a href=\"https:\/\/twitter.com\/hashtag\/Sportmediaset?src=hash&amp;ref_src=twsrc%5Etfw\">#Sportmediaset<\/a><a href=\"https:\/\/t.co\/0O0ddE6idw\">https:\/\/t.co\/0O0ddE6idw<\/a><\/p>\n<p>\u2014 SportMediaset.it (@sportmediaset) <a href=\"https:\/\/twitter.com\/sportmediaset\/status\/1732697967889428747?ref_src=twsrc%5Etfw\">December 7, 2023<\/a><\/p><\/blockquote>\n<p>Con los 13 goles que marc\u00f3 en la presente Serie A, Mart\u00ednez suma 92 y tiene como objetivo llegar al centenar.<\/p>\n<p>\u00abMe gustar\u00eda marcar muchos goles pero lo importante es que gane el Inter. Mi objetivo es mejorar el nivel cada a\u00f1o\u00bb, expres\u00f3 el delantero campe\u00f3n del Mundo en Qatar 2022.<\/p>\n<p>El \u00abToro\u00bb es la figura y el goleador de la liga italiana que tiene a Inter como l\u00edder con 35 puntos, a dos de ventaja sobre Juventus, luego de 14 fechas. <\/p>\n<\/div>\n<p><script async src=\"\/\/platform.twitter.com\/widgets.js\" charset=\"utf-8\"><\/script><script async defer crossorigin=\"anonymous\" src=\"https:\/\/connect.facebook.net\/es_LA\/sdk.js#xfbml=1&#038;version=v12.0\" nonce=\"SBlHQzIF\"><\/script><br \/><a href=\"https:\/\/www.telam.com.ar\/notas\/202312\/648824-futbol-lautaro-martinez-inter-renovacion-contrato-capitan.html\">source<\/a><\/p>\n","protected":false},"excerpt":{"rendered":"<p>Foto: X@Inter_es. El delantero argentino Lautaro Mart\u00ednez, goleadory capit\u00e1n de Inter, de Italia, confirm\u00f3 este&#8230;<\/p>\n","protected":false},"author":3,"featured_media":11972,"comment_status":"closed","ping_status":"closed","sticky":false,"template":"","format":"standard","meta":{"footnotes":""},"categories":[21],"tags":[],"class_list":["post-11971","post","type-post","status-publish","format-standard","has-post-thumbnail","hentry","category-deportes"],"featured_image_urls":{"full":["https:\/\/fmamiga909.com.ar\/wp-content\/uploads\/2023\/12\/wp-header-logo-59.png",1200,675,false],"thumbnail":["https:\/\/fmamiga909.com.ar\/wp-content\/uploads\/2023\/12\/wp-header-logo-59-150x150.png",150,150,true],"medium":["https:\/\/fmamiga909.com.ar\/wp-content\/uploads\/2023\/12\/wp-header-logo-59-300x169.png",300,169,true],"medium_large":["https:\/\/fmamiga909.com.ar\/wp-content\/uploads\/2023\/12\/wp-header-logo-59.png",1200,675,false],"large":["https:\/\/fmamiga909.com.ar\/wp-content\/uploads\/2023\/12\/wp-header-logo-59-1024x576.png",640,360,true],"1536x1536":["https:\/\/fmamiga909.com.ar\/wp-content\/uploads\/2023\/12\/wp-header-logo-59.png",1200,675,false],"2048x2048":["https:\/\/fmamiga909.com.ar\/wp-content\/uploads\/2023\/12\/wp-header-logo-59.png",1200,675,false],"newsium-slider-full":["https:\/\/fmamiga909.com.ar\/wp-content\/uploads\/2023\/12\/wp-header-logo-59.png",1200,675,false],"newsium-featured":["https:\/\/fmamiga909.com.ar\/wp-content\/uploads\/2023\/12\/wp-header-logo-59-1024x576.png",1024,576,true],"newsium-medium":["https:\/\/fmamiga909.com.ar\/wp-content\/uploads\/2023\/12\/wp-header-logo-59-720x475.png",720,475,true]},"author_info":{"display_name":"Fredy Giuliano","author_link":"https:\/\/fmamiga909.com.ar\/?author=3"},"category_info":"<a href=\"https:\/\/fmamiga909.com.ar\/?cat=21\" rel=\"category\">Deportes<\/a>","tag_info":"Deportes","comment_count":"0","_links":{"self":[{"href":"https:\/\/fmamiga909.com.ar\/index.php?rest_route=\/wp\/v2\/posts\/11971","targetHints":{"allow":["GET"]}}],"collection":[{"href":"https:\/\/fmamiga909.com.ar\/index.php?rest_route=\/wp\/v2\/posts"}],"about":[{"href":"https:\/\/fmamiga909.com.ar\/index.php?rest_route=\/wp\/v2\/types\/post"}],"author":[{"embeddable":true,"href":"https:\/\/fmamiga909.com.ar\/index.php?rest_route=\/wp\/v2\/users\/3"}],"replies":[{"embeddable":true,"href":"https:\/\/fmamiga909.com.ar\/index.php?rest_route=%2Fwp%2Fv2%2Fcomments&post=11971"}],"version-history":[{"count":0,"href":"https:\/\/fmamiga909.com.ar\/index.php?rest_route=\/wp\/v2\/posts\/11971\/revisions"}],"wp:featuredmedia":[{"embeddable":true,"href":"https:\/\/fmamiga909.com.ar\/index.php?rest_route=\/wp\/v2\/media\/11972"}],"wp:attachment":[{"href":"https:\/\/fmamiga909.com.ar\/index.php?rest_route=%2Fwp%2Fv2%2Fmedia&parent=11971"}],"wp:term":[{"taxonomy":"category","embeddable":true,"href":"https:\/\/fmamiga909.com.ar\/index.php?rest_route=%2Fwp%2Fv2%2Fcategories&post=11971"},{"taxonomy":"post_tag","embeddable":true,"href":"https:\/\/fmamiga909.com.ar\/index.php?rest_route=%2Fwp%2Fv2%2Ftags&post=11971"}],"curies":[{"name":"wp","href":"https:\/\/api.w.org\/{rel}","templated":true}]}}