{"id":12110,"date":"2023-12-16T21:07:22","date_gmt":"2023-12-16T21:07:22","guid":{"rendered":"https:\/\/fmamiga909.com.ar\/?p=12110"},"modified":"2023-12-16T21:07:22","modified_gmt":"2023-12-16T21:07:22","slug":"dario-scotto-me-siento-orgulloso-con-mis-dos-amores-jugando-una-final","status":"publish","type":"post","link":"https:\/\/fmamiga909.com.ar\/?p=12110","title":{"rendered":"Dar\u00edo Scotto: &quot;Me siento orgulloso con mis dos amores jugando una final&quot;"},"content":{"rendered":"<div>\n<figure class=\"mb-3\"><img decoding=\"async\" src=\"https:\/\/www.telam.com.ar\/thumbs\/bluesteel\/advf\/imagenes\/2023\/12\/657cb9ec3378c_1200.jpg\" class=\" lazy \" width=\"100%\" height=\"100%\" alt=\"Foto Claudio Fanchi archivo\"\/><figcaption> Foto: Claudio Fanchi &#8211; archivo <\/figcaption><\/figure>\n<p> El ex futbolista <strong>Dar\u00edo Scotto, surgido de Platense e identificado con Rosario Central<\/strong>, donde alcanz\u00f3 su m\u00e1ximo nivel, confes\u00f3 este viernes que se siente \u00aborgulloso con sus dos amores jugando una final\u00bb, en la antesala de la definici\u00f3n de la Copa de la Liga que protagonizar\u00e1n este s\u00e1bado \u00abCalamares\u00bb y \u00abCanallas\u00bb en Santiago del Estero.<\/p>\n<p>\u00ab<strong>Me siento orgulloso con mis dos amores jugando una final<\/strong>. Se trata de dos clubes muy importantes en mi vida y estar\u00e9 contento por el que gane y a su vez triste por el que pierda, es as\u00ed de sencillo, es la sensaci\u00f3n que tengo\u00bb, confes\u00f3 Scotto en di\u00e1logo con T\u00e9lam.<\/p>\n<p>El exdelantero nacido en Capital Federal el 1 de septiembre de 1969 brill\u00f3 con las dos camisetas, la marr\u00f3n de Platense con la que inici\u00f3 su carrera, y la auriazul de Central, donde disfrut\u00f3 sus mejores d\u00edas como futbolista.<\/p>\n<div class=\"video_repositive\"> <a class=\"video_sticky\" href=\"javascript:void();\" onclick=\"removeStuckVideo(true);\"><i class=\"far fa-window-close\"\/><\/a> <\/p>\n<div id=\"M5z5UNvJTfE\" class=\"video_telam\" style=\"background-image:url('https:\/\/img.youtube.com\/vi\/M5z5UNvJTfE\/hqdefault.jpg');background-position: center center;\">\n<div class=\"feature_article_inner\">\n<p><h2 class=\"text-center\">Gol de Dar\u00edo Scotto a Boca en 1989<\/h2>\n<\/p><\/div>\n<p>VER VIDEO <i class=\"fas fa-play\"\/><\/p>\n<\/p><\/div>\n<\/p><\/div>\n<p>\u00ab<strong>Platense es mi segunda casa<\/strong>, el club que me crio, me dio la oportunidad de jugar en primera divisi\u00f3n y me aport\u00f3 las herramientas necesarias para que pueda llegar a ser un jugador profesional. Estuve nueve a\u00f1os, desde la adolescencia, lo adoro, lo llevo en el coraz\u00f3n\u00bb, coment\u00f3 Scotto, quien debut\u00f3 en la entidad originaria del barrio porte\u00f1o de Saavedra en 1987 y se qued\u00f3 hasta 1992.<\/p>\n<blockquote class=\"\"><p>\u00abSe trata de dos clubes muy importantes en mi vida y estar\u00e9 contento por el que gane y a su vez triste por el que pierda\u00bb<cite class=\"author\">Dar\u00edo Scotto<\/cite><\/p><\/blockquote>\n<p> El exfutbolista atendi\u00f3 a T\u00e9lam v\u00eda celular desde los Emiratos Arabes, a donde se traslad\u00f3 para pasar las Fiestas de Fin de A\u00f1o junto a su hijo Iker, de 21 a\u00f1os y jugador del Dubai City, equipo de la primera divisi\u00f3n del pa\u00eds \u00e1rabe.<\/p>\n<p>\u00ab<strong>A Central lo amo<\/strong>, me hice hincha por calificarlo de alguna manera, ya que toda mi vida fui de Boca, pero me fue muy bien durante los a\u00f1os que estuve, fue una \u00e9poca divina, adoro al club, a su gente, a la ciudad, todo en realidad\u00bb, a\u00f1adi\u00f3 el exdelantero, quien luci\u00f3 la camiseta de los rosarinos en dos per\u00edodos, primero entre 1994 y 1995, y luego en la temporada 1996-1997.<\/p>\n<div class=\"video_repositive\"> <a class=\"video_sticky\" href=\"javascript:void();\" onclick=\"removeStuckVideo(true);\"><i class=\"far fa-window-close\"\/><\/a> <\/p>\n<div id=\"YR8e79bwYMw\" class=\"video_telam\" style=\"background-image:url('https:\/\/img.youtube.com\/vi\/YR8e79bwYMw\/hqdefault.jpg');background-position: center center;\">\n<div class=\"feature_article_inner\">\n<p><h2 class=\"text-center\">Goles de Dar\u00edo Scotto en Rosario Central<\/h2>\n<\/p><\/div>\n<p>VER VIDEO <i class=\"fas fa-play\"\/><\/p>\n<\/p><\/div>\n<\/p><\/div>\n<p>\u00abNo soy brujo para saber como saldr\u00e1 la final, solo digo que me pone muy contento que los dos hayan llegado hasta ah\u00ed. Espero un lindo partido, que se brinden, que sea una fiesta en las tribunas y es para destacar el hecho de que est\u00e9n en esta definici\u00f3n, que en mi caso es especial con los dos equipos que junto con Boca son los que m\u00e1s quiero\u00bb, a\u00f1adi\u00f3 Scotto.<\/p>\n<p>El exdelantero tambi\u00e9n se dio el gusto de jugar con la camiseta de Boca y su paso es recordado por aqu\u00e9l gol que marc\u00f3 el 7 de octubre de 1995 a Col\u00f3n de Santa Fe que hizo estallar a La Bombonera y signific\u00f3 el triunfo por 1 a 0 en una tarde especial, la del regreso de Diego Maradona al \u00abXeneize\u00bb.<\/p>\n<p><figure class=\"mb-3\"><img decoding=\"async\" src=\"https:\/\/www.telam.com.ar\/thumbs\/bluesteel\/advf\/imagenes\/2023\/12\/657c709fc7ed9_1200.jpg\" class=\" lazy \" width=\"100%\" height=\"100%\" alt=\"Foto IG darioscotto9\"\/><figcaption> Foto: IG @darioscotto9 <\/figcaption><\/figure>\n<p>\u00abCumpl\u00ed el sue\u00f1o de jugar al lado de mi \u00eddolo, eso es lo mejor que puedo decir\u00bb, concluy\u00f3 Scotto, quien tambi\u00e9n visti\u00f3 las camisetas de Argentinos Juniors, Gimnasia y Tiro de Salta, y en el exterior de Sporting de Gij\u00f3n (Espa\u00f1a), Necaxa (M\u00e9xico), Cerro Porte\u00f1o (Paraguay), Santiago Wanderers (Chile), Estudiantes de Medicina (Per\u00fa) y Aurora (Bolivia).<\/p>\n<\/div>\n<p><script async defer crossorigin=\"anonymous\" src=\"https:\/\/connect.facebook.net\/es_LA\/sdk.js#xfbml=1&#038;version=v12.0\" nonce=\"SBlHQzIF\"><\/script><br \/><a href=\"https:\/\/www.telam.com.ar\/notas\/202312\/649638-dario-scotto-platense-rosario-central-copa-liga-final.html\">source<\/a><\/p>\n","protected":false},"excerpt":{"rendered":"<p>Foto: Claudio Fanchi &#8211; archivo El ex futbolista Dar\u00edo Scotto, surgido de Platense e identificado&#8230;<\/p>\n","protected":false},"author":3,"featured_media":12111,"comment_status":"closed","ping_status":"closed","sticky":false,"template":"","format":"standard","meta":{"footnotes":""},"categories":[21],"tags":[],"class_list":["post-12110","post","type-post","status-publish","format-standard","has-post-thumbnail","hentry","category-deportes"],"featured_image_urls":{"full":["https:\/\/fmamiga909.com.ar\/wp-content\/uploads\/2023\/12\/wp-header-logo-108.png",1200,675,false],"thumbnail":["https:\/\/fmamiga909.com.ar\/wp-content\/uploads\/2023\/12\/wp-header-logo-108-150x150.png",150,150,true],"medium":["https:\/\/fmamiga909.com.ar\/wp-content\/uploads\/2023\/12\/wp-header-logo-108-300x169.png",300,169,true],"medium_large":["https:\/\/fmamiga909.com.ar\/wp-content\/uploads\/2023\/12\/wp-header-logo-108.png",1200,675,false],"large":["https:\/\/fmamiga909.com.ar\/wp-content\/uploads\/2023\/12\/wp-header-logo-108-1024x576.png",640,360,true],"1536x1536":["https:\/\/fmamiga909.com.ar\/wp-content\/uploads\/2023\/12\/wp-header-logo-108.png",1200,675,false],"2048x2048":["https:\/\/fmamiga909.com.ar\/wp-content\/uploads\/2023\/12\/wp-header-logo-108.png",1200,675,false],"newsium-slider-full":["https:\/\/fmamiga909.com.ar\/wp-content\/uploads\/2023\/12\/wp-header-logo-108.png",1200,675,false],"newsium-featured":["https:\/\/fmamiga909.com.ar\/wp-content\/uploads\/2023\/12\/wp-header-logo-108-1024x576.png",1024,576,true],"newsium-medium":["https:\/\/fmamiga909.com.ar\/wp-content\/uploads\/2023\/12\/wp-header-logo-108-720x475.png",720,475,true]},"author_info":{"display_name":"Fredy Giuliano","author_link":"https:\/\/fmamiga909.com.ar\/?author=3"},"category_info":"<a href=\"https:\/\/fmamiga909.com.ar\/?cat=21\" rel=\"category\">Deportes<\/a>","tag_info":"Deportes","comment_count":"0","_links":{"self":[{"href":"https:\/\/fmamiga909.com.ar\/index.php?rest_route=\/wp\/v2\/posts\/12110","targetHints":{"allow":["GET"]}}],"collection":[{"href":"https:\/\/fmamiga909.com.ar\/index.php?rest_route=\/wp\/v2\/posts"}],"about":[{"href":"https:\/\/fmamiga909.com.ar\/index.php?rest_route=\/wp\/v2\/types\/post"}],"author":[{"embeddable":true,"href":"https:\/\/fmamiga909.com.ar\/index.php?rest_route=\/wp\/v2\/users\/3"}],"replies":[{"embeddable":true,"href":"https:\/\/fmamiga909.com.ar\/index.php?rest_route=%2Fwp%2Fv2%2Fcomments&post=12110"}],"version-history":[{"count":0,"href":"https:\/\/fmamiga909.com.ar\/index.php?rest_route=\/wp\/v2\/posts\/12110\/revisions"}],"wp:featuredmedia":[{"embeddable":true,"href":"https:\/\/fmamiga909.com.ar\/index.php?rest_route=\/wp\/v2\/media\/12111"}],"wp:attachment":[{"href":"https:\/\/fmamiga909.com.ar\/index.php?rest_route=%2Fwp%2Fv2%2Fmedia&parent=12110"}],"wp:term":[{"taxonomy":"category","embeddable":true,"href":"https:\/\/fmamiga909.com.ar\/index.php?rest_route=%2Fwp%2Fv2%2Fcategories&post=12110"},{"taxonomy":"post_tag","embeddable":true,"href":"https:\/\/fmamiga909.com.ar\/index.php?rest_route=%2Fwp%2Fv2%2Ftags&post=12110"}],"curies":[{"name":"wp","href":"https:\/\/api.w.org\/{rel}","templated":true}]}}